{"id":45275,"date":"2025-09-19T13:42:55","date_gmt":"2025-09-19T16:42:55","guid":{"rendered":"https:\/\/guialimeira.com.br\/bruna-magalhaes-solicita-informacoes-sobre-a-padronizacao-de-agendamentos-e-ampliacao-do-uso-de-plataformas-digitais-nas-ubss\/"},"modified":"2025-09-19T13:42:55","modified_gmt":"2025-09-19T16:42:55","slug":"bruna-magalhaes-solicita-informacoes-sobre-a-padronizacao-de-agendamentos-e-ampliacao-do-uso-de-plataformas-digitais-nas-ubss","status":"publish","type":"post","link":"https:\/\/guialimeira.com.br\/news\/bruna-magalhaes-solicita-informacoes-sobre-a-padronizacao-de-agendamentos-e-ampliacao-do-uso-de-plataformas-digitais-nas-ubss\/","title":{"rendered":"Bruna Magalh\u00e3es solicita informa\u00e7\u00f5es sobre a padroniza\u00e7\u00e3o de agendamentos e amplia\u00e7\u00e3o do uso de plataformas digitais nas UBSs"},"content":{"rendered":"<p><img data-recalc-dims=\"1\" decoding=\"async\" src=\"https:\/\/i0.wp.com\/www.limeira.sp.leg.br\/assets\/uploads\/noticia\/2025-09-19_bruna-magalhaes-solicita-informacoes-sobre-a-padronizacao-de-agendamentos-e-ampliacao-do-uso-de-plataformas-digitais-nas-ubss_1.jpg?w=696&#038;ssl=1\" alt=\"Bruna Magalh\u00e3es solicita informa\u00e7\u00f5es sobre a padroniza\u00e7\u00e3o de agendamentos e amplia\u00e7\u00e3o do uso de plataformas digitais nas UBSs\" \/><\/p>\n<p>Bruna Magalh\u00e3es solicita informa\u00e7\u00f5es sobre a padroniza\u00e7\u00e3o de agendamentos e amplia\u00e7\u00e3o do uso de plataformas digitais nas UBSs<\/p>\n<p><a href=\"https:\/\/www.limeira.sp.leg.br\/noticias\/view\/2025-09-19_bruna-magalhaes-solicita-informacoes-sobre-a-padronizacao-de-agendamentos-e-ampliacao-do-uso-de-plataformas-digitais-nas-ubss\" rel=\"noopener\">Exibir artigo<\/a><\/p>\n<p><a href=\"https:\/\/www.limeira.sp.leg.br\/noticias\/view\/2025-09-19_bruna-magalhaes-solicita-informacoes-sobre-a-padronizacao-de-agendamentos-e-ampliacao-do-uso-de-plataformas-digitais-nas-ubss\" target=\"_blank\" rel=\"noopener\">Read original article<\/a><\/p>\n","protected":false},"excerpt":{"rendered":"<p><img decoding=\"async\" src=\"https:\/\/www.limeira.sp.leg.br\/assets\/uploads\/noticia\/2025-09-19_bruna-magalhaes-solicita-informacoes-sobre-a-padronizacao-de-agendamentos-e-ampliacao-do-uso-de-plataformas-digitais-nas-ubss_1.jpg\" alt=\"Bruna Magalh\u00e3es solicita informa\u00e7\u00f5es sobre a padroniza\u00e7\u00e3o de agendamentos e amplia\u00e7\u00e3o do uso de plataformas digitais nas UBSs\" \/><\/p>\n<p>Bruna Magalh\u00e3es solicita informa\u00e7\u00f5es sobre a padroniza\u00e7\u00e3o de agendamentos e amplia\u00e7\u00e3o do uso de plataformas digitais nas UBSs<\/p>\n<p><a href=\"https:\/\/www.limeira.sp.leg.br\/noticias\/view\/2025-09-19_bruna-magalhaes-solicita-informacoes-sobre-a-padronizacao-de-agendamentos-e-ampliacao-do-uso-de-plataformas-digitais-nas-ubss\">Exibir artigo<\/a><\/p>\n","protected":false},"author":4,"featured_media":0,"comment_status":"open","ping_status":"open","sticky":false,"template":"","format":"standard","meta":{"_jetpack_newsletter_access":"","_jetpack_dont_email_post_to_subs":false,"_jetpack_newsletter_tier_id":0,"_jetpack_memberships_contains_paywalled_content":false,"_mbp_banners":[],"_jetpack_feature_clip_id":0,"_jetpack_memberships_contains_paid_content":false,"footnotes":"","jetpack_publicize_message":"","jetpack_publicize_feature_enabled":true,"jetpack_social_post_already_shared":true,"jetpack_social_options":{"image_generator_settings":{"template":"highway","default_image_id":0,"font":"","enabled":false},"version":2},"jetpack_post_was_ever_published":false},"categories":[1],"tags":[],"class_list":["post-45275","post","type-post","status-publish","format-standard","category-geral"],"jetpack_publicize_connections":[],"jetpack-related-posts":[],"jetpack_shortlink":"https:\/\/wp.me\/p7Eq1F-bMf","jetpack_sharing_enabled":true,"jetpack_featured_media_url":"","_links":{"self":[{"href":"https:\/\/guialimeira.com.br\/news\/wp-json\/wp\/v2\/posts\/45275","targetHints":{"allow":["GET"]}}],"collection":[{"href":"https:\/\/guialimeira.com.br\/news\/wp-json\/wp\/v2\/posts"}],"about":[{"href":"https:\/\/guialimeira.com.br\/news\/wp-json\/wp\/v2\/types\/post"}],"author":[{"embeddable":true,"href":"https:\/\/guialimeira.com.br\/news\/wp-json\/wp\/v2\/users\/4"}],"replies":[{"embeddable":true,"href":"https:\/\/guialimeira.com.br\/news\/wp-json\/wp\/v2\/comments?post=45275"}],"version-history":[{"count":0,"href":"https:\/\/guialimeira.com.br\/news\/wp-json\/wp\/v2\/posts\/45275\/revisions"}],"wp:attachment":[{"href":"https:\/\/guialimeira.com.br\/news\/wp-json\/wp\/v2\/media?parent=45275"}],"wp:term":[{"taxonomy":"category","embeddable":true,"href":"https:\/\/guialimeira.com.br\/news\/wp-json\/wp\/v2\/categories?post=45275"},{"taxonomy":"post_tag","embeddable":true,"href":"https:\/\/guialimeira.com.br\/news\/wp-json\/wp\/v2\/tags?post=45275"}],"curies":[{"name":"wp","href":"https:\/\/api.w.org\/{rel}","templated":true}]}}