{"id":4520,"date":"2024-05-10T13:30:50","date_gmt":"2024-05-10T16:30:50","guid":{"rendered":"https:\/\/guialimeira.com.br\/2024\/05\/10\/oficina-gratuita-teatro-para-a-melhor-idade-acontece-neste-domingo-12\/"},"modified":"2024-05-10T13:30:50","modified_gmt":"2024-05-10T16:30:50","slug":"oficina-gratuita-teatro-para-a-melhor-idade-acontece-neste-domingo-12","status":"publish","type":"post","link":"https:\/\/guialimeira.com.br\/news\/oficina-gratuita-teatro-para-a-melhor-idade-acontece-neste-domingo-12\/","title":{"rendered":"Oficina gratuita \u201cTeatro para a Melhor Idade\u201d acontece neste domingo (12)"},"content":{"rendered":"<p> <br \/>\n<\/p>\n<div>\n            <main class=\"\">&#13;<br \/>\n                &#13;<br \/>\n&#13;<br \/>\n&#13;<br \/>\n&#13;<br \/>\n    <img data-recalc-dims=\"1\" decoding=\"async\" src=\"https:\/\/i0.wp.com\/ecrie.com.br\/sistema\/conteudos\/imagem\/m_137_0_1_10052024114145.jpeg?w=696&#038;ssl=1\" alt=\"Oficina gratuita \u201cTeatro para a Melhor Idade\u201d acontece neste domingo (12)\"\/>&#13;<br \/>\n&#13;<\/p>\n<p dir=\"ltr\" style=\"text-align: justify;\">Neste domingo (12), acontece a oficina gratuita \u201cTeatro para a Melhor Idade\u201d, no Palacete Levy, \u00e0s 14h. A atividade \u00e9 voltada para o p\u00fablico a partir de 40 anos. A a\u00e7\u00e3o vem atrav\u00e9s do ProAC (Programa de A\u00e7\u00e3o Cultural do Governo do Estado de S\u00e3o Paulo e da Secretaria da Cultura e Economia Criativa), Prefeitura de Limeira, por meio da Secretaria da Cultura, e Grupo Levitar.<\/p>\n<p>&#13;<\/p>\n<p dir=\"ltr\" style=\"text-align: justify;\">A oficina ser\u00e1 conduzida pelo professor e ator Lucas Rodrigues. Ser\u00e1 proporcionado um ambiente inclusivo e estimulante, onde os participantes poder\u00e3o explorar sua criatividade, desenvolver habilidades teatrais e, acima de tudo, desfrutar de momentos de conv\u00edvio e divers\u00e3o sobre essa arte milenar que \u00e9 as artes c\u00eanicas. \u00a0<\/p>\n<p>&#13;<\/p>\n<p dir=\"ltr\" style=\"text-align: justify;\">S\u00e3o oferecidas 25 vagas. Os interessados devem se inscrever pelo link:\u00a0<a href=\"https:\/\/forms.gle\/fbZN5WunnnTMY9vB8\" target=\"_blank\" rel=\"noopener noreferrer\" data-saferedirecturl=\"https:\/\/www.google.com\/url?q=https:\/\/forms.gle\/fbZN5WunnnTMY9vB8&amp;source=gmail&amp;ust=1715436425902000&amp;usg=AOvVaw3Fbaanb4P5xgNIu-Ra5B88\">https:\/\/forms.gle\/fbZN5W<wbr\/>unnnTMY9vB8<\/a>.<\/p>\n<p>&#13;<\/p>\n<p dir=\"ltr\" style=\"text-align: justify;\">O Palacete Levy fica localizado no Largo da Boa Morte, n\u00ba 11 &#8211; Centro.<\/p>\n<p>&#13;<\/p>\n<p>\u00a0<\/p>\n<p>&#13;<\/p>\n<p>\u00a0<\/p>\n<p>&#13;<br \/>\n&#13;<br \/>\n&#13;<br \/>\n&#13;<\/p>\n<aside class=\"list-related no-print\">&#13;<br \/>\n        &#13;<br \/>\n&#13;<\/p>\n<article class=\"list-item noticias \">&#13;<br \/>\n                    <a class=\"list-item__img\" href=\"https:\/\/limeira.sp.gov.br\/imprensa\/noticias\/cultura\/retreta-com-corporacao-musical-arthur-giambelli-e-neste-domingo-12-1\" tabindex=\"-1\" aria-hidden=\"true\" rel=\"noopener\">&#13;<br \/>\n                        <img data-recalc-dims=\"1\" decoding=\"async\" src=\"https:\/\/i0.wp.com\/ecrie.com.br\/sistema\/conteudos\/imagem\/m_137_0_1_22062023114351.jpeg?w=696&#038;ssl=1\" alt=\"Retreta com Corpora\u00e7\u00e3o Musical Arthur Giambelli \u00e9 neste domingo (12)\"\/>&#13;<br \/>\n                    <\/a>&#13;<br \/>\n&#13;<br \/>\n                &#13;<br \/>\n            <\/article>\n<p>&#13;<\/p>\n<article class=\"list-item noticias \">&#13;<br \/>\n                    <a class=\"list-item__img\" href=\"https:\/\/limeira.sp.gov.br\/imprensa\/noticias\/cultura\/orquestra-de-violeiros-tom-de-terra-se-apresenta-na-praca-toledo-barros-neste-sabado-11\" tabindex=\"-1\" aria-hidden=\"true\" rel=\"noopener\">&#13;<br \/>\n                        <img data-recalc-dims=\"1\" decoding=\"async\" src=\"https:\/\/i0.wp.com\/ecrie.com.br\/sistema\/conteudos\/imagem\/m_137_0_1_10052024093555.jpeg?w=696&#038;ssl=1\" alt=\"Orquestra de violeiros Tom de Terra se apresenta na Pra\u00e7a Toledo Barros, neste s\u00e1bado (11)\"\/>&#13;<br \/>\n                    <\/a>&#13;<br \/>\n&#13;<br \/>\n                &#13;<br \/>\n            <\/article>\n<p>&#13;<\/p>\n<article class=\"list-item noticias \">&#13;<br \/>\n                    <a class=\"list-item__img\" href=\"https:\/\/limeira.sp.gov.br\/imprensa\/noticias\/cultura\/palhacas-divertem-publico-na-praca-toledo-barros-neste-sabado-11\" tabindex=\"-1\" aria-hidden=\"true\" rel=\"noopener\">&#13;<br \/>\n                        <img data-recalc-dims=\"1\" decoding=\"async\" src=\"https:\/\/i0.wp.com\/ecrie.com.br\/sistema\/conteudos\/imagem\/m_137_0_1_10052024092648.jpg?w=696&#038;ssl=1\" alt=\"Palha\u00e7as divertem p\u00fablico na Pra\u00e7a Toledo Barros, neste s\u00e1bado (11)\"\/>&#13;<br \/>\n                    <\/a>&#13;<br \/>\n&#13;<br \/>\n                &#13;<br \/>\n            <\/article>\n<p>&#13;<br \/>\n    <\/aside>\n<p>&#13;<br \/>\n&#13;<br \/>\n            <\/main><\/p><\/div>\n<p><br \/>\n<br \/><a href=\"https:\/\/limeira.sp.gov.br\/oficina-gratuita-teatro-para-a-melhor-idade-acontece-neste-domingo-12\" rel=\"noopener\">Informa\u00e7\u00f5es da PML <\/a><\/p>\n","protected":false},"excerpt":{"rendered":"<p>&#13; &#13; &#13; &#13; &#13; &#13; &#13; Neste domingo (12), acontece a oficina gratuita \u201cTeatro para a Melhor Idade\u201d, no Palacete Levy, \u00e0s 14h. A atividade \u00e9 voltada para o p\u00fablico a partir de 40 anos. A a\u00e7\u00e3o vem atrav\u00e9s do ProAC (Programa de A\u00e7\u00e3o Cultural do Governo do Estado de S\u00e3o Paulo e da [&hellip;]<\/p>\n","protected":false},"author":1,"featured_media":4521,"comment_status":"open","ping_status":"open","sticky":false,"template":"","format":"standard","meta":{"_jetpack_newsletter_access":"","_jetpack_dont_email_post_to_subs":false,"_jetpack_newsletter_tier_id":0,"_jetpack_memberships_contains_paywalled_content":false,"_mbp_banners":[],"_jetpack_feature_clip_id":0,"_jetpack_memberships_contains_paid_content":false,"footnotes":"","jetpack_publicize_message":"","jetpack_publicize_feature_enabled":true,"jetpack_social_post_already_shared":true,"jetpack_social_options":{"image_generator_settings":{"template":"highway","default_image_id":0,"font":"","enabled":false},"version":2},"jetpack_post_was_ever_published":false},"categories":[16],"tags":[],"class_list":["post-4520","post","type-post","status-publish","format-standard","has-post-thumbnail","category-local"],"jetpack_publicize_connections":[],"jetpack-related-posts":[],"jetpack_shortlink":"https:\/\/wp.me\/p7Eq1F-1aU","jetpack_sharing_enabled":true,"jetpack_featured_media_url":"https:\/\/i0.wp.com\/guialimeira.com.br\/news\/wp-content\/uploads\/2024\/05\/m_137_0_1_10052024114145.jpeg?fit=575%2C719&ssl=1","_links":{"self":[{"href":"https:\/\/guialimeira.com.br\/news\/wp-json\/wp\/v2\/posts\/4520","targetHints":{"allow":["GET"]}}],"collection":[{"href":"https:\/\/guialimeira.com.br\/news\/wp-json\/wp\/v2\/posts"}],"about":[{"href":"https:\/\/guialimeira.com.br\/news\/wp-json\/wp\/v2\/types\/post"}],"author":[{"embeddable":true,"href":"https:\/\/guialimeira.com.br\/news\/wp-json\/wp\/v2\/users\/1"}],"replies":[{"embeddable":true,"href":"https:\/\/guialimeira.com.br\/news\/wp-json\/wp\/v2\/comments?post=4520"}],"version-history":[{"count":0,"href":"https:\/\/guialimeira.com.br\/news\/wp-json\/wp\/v2\/posts\/4520\/revisions"}],"wp:featuredmedia":[{"embeddable":true,"href":"https:\/\/guialimeira.com.br\/news\/wp-json\/wp\/v2\/media\/4521"}],"wp:attachment":[{"href":"https:\/\/guialimeira.com.br\/news\/wp-json\/wp\/v2\/media?parent=4520"}],"wp:term":[{"taxonomy":"category","embeddable":true,"href":"https:\/\/guialimeira.com.br\/news\/wp-json\/wp\/v2\/categories?post=4520"},{"taxonomy":"post_tag","embeddable":true,"href":"https:\/\/guialimeira.com.br\/news\/wp-json\/wp\/v2\/tags?post=4520"}],"curies":[{"name":"wp","href":"https:\/\/api.w.org\/{rel}","templated":true}]}}