{"id":452,"date":"2024-03-29T23:00:46","date_gmt":"2024-03-30T02:00:46","guid":{"rendered":"https:\/\/guialimeira.com.br\/2024\/03\/29\/prefeitura-municipal-de-americana-10\/"},"modified":"2024-03-29T23:00:46","modified_gmt":"2024-03-30T02:00:46","slug":"prefeitura-municipal-de-americana-10","status":"publish","type":"post","link":"https:\/\/guialimeira.com.br\/news\/prefeitura-municipal-de-americana-10\/","title":{"rendered":"Prefeitura Municipal de Americana"},"content":{"rendered":"<p> <br \/>\n<\/p>\n<div>Representantes da Secretaria de Educa\u00e7\u00e3o de Americana, da Diretoria de Ensino Regi\u00e3o de Americana e do Minist\u00e9rio P\u00fablico apresentaram o Programa &#8220;EducaPRO Proteger, Respeitar e Ouvir #euvejovoc\u00ea&#8221; a professores das redes municipal e estadual, em reuni\u00e3o na noite de segunda-feira (25) na Casa da Crian\u00e7a Pitanga.<\/p>\n<p>O programa tem o objetivo de promover e refor\u00e7ar as a\u00e7\u00f5es de conscientiza\u00e7\u00e3o realizadas pelas escolas acerca do papel protetivo dos espa\u00e7os educativos, fortalecendo crian\u00e7as e adolescentes contra a viol\u00eancia sexual.<\/p>\n<p>Cerca de 80 educadores da Casa da Crian\u00e7a Pitanga, da Escola Municipal de Ensino Fundamental (EMEF) Milton Santos e das escolas estaduais Prof.\u00aa Anna Peres da Silva e Prof.\u00aa Sin\u00e9sia Martini marcaram presen\u00e7a no encontro.<\/p>\n<p>As quatro escolas receber\u00e3o o projeto-piloto do EducaPRO, que ser\u00e1 ampliado a todas as unidades de Educa\u00e7\u00e3o Infantil e Ensino Fundamental municipais, envolvendo mais de 14 mil estudantes.<\/p>\n<p>&#8220;O EducaPRO desenvolve um trabalho de extrema import\u00e2ncia para o presente e futuro de Americana. A preven\u00e7\u00e3o \u00e0 viol\u00eancia contra crian\u00e7as e adolescentes ocupa papel central na gest\u00e3o Chico Sardelli e Odir Demarchi, especialmente na Educa\u00e7\u00e3o, onde adotamos uma s\u00e9rie de a\u00e7\u00f5es visando o desenvolvimento integral e sadio de nossos estudantes, como o Programa EducaPRO, o Fluxo de Atendimento \u00e0 Crian\u00e7a e Adolescente V\u00edtima ou Testemunha de Viol\u00eancia e as forma\u00e7\u00f5es continuadas de professores e gestores&#8221;, declarou o secret\u00e1rio de Educa\u00e7\u00e3o, Vinicius Ghizini.<\/p>\n<p>A promotora de Justi\u00e7a da Inf\u00e2ncia e Juventude, Renata Calazans Nasraui, apresentou a legisla\u00e7\u00e3o referente ao tema para embasar os educadores, citando a Constitui\u00e7\u00e3o Federal, o Estatuto da Crian\u00e7a e do Adolescente (ECA), a Lei de Diretrizes e Bases da Educa\u00e7\u00e3o Nacional, a Lei da Escuta Protegida (Lei Federal 13.431\/2017) &#8211; considerada um dos maiores avan\u00e7os na prote\u00e7\u00e3o da inf\u00e2ncia e juventude no Brasil depois da cria\u00e7\u00e3o do ECA em 1990 &#8211; e o Fluxo de Atendimento \u00e0 Crian\u00e7a e Adolescente V\u00edtima ou Testemunha de Viol\u00eancia.<\/p>\n<p>&#8220;N\u00f3s temos que atuar preventivamente porque s\u00f3 assim fortaleceremos e protegeremos as nossas crian\u00e7as e adolescentes. Nossa vontade de proteger nossas crian\u00e7as deve ser muito maior que nossa timidez em falar sobre o tema&#8221;, destacou a promotora.<\/p>\n<p>O dirigente regional de ensino, Haroldo Ramos Teixeira, agradeceu o apoio da Promotoria e demais agentes no desenvolvimento do programa. &#8220;A parceria com o Minist\u00e9rio P\u00fablico nos d\u00e1 tranquilidade para trabalhar um tema t\u00e3o sens\u00edvel como este, abordado em um programa muito bem pensado e constru\u00eddo por uma equipe condutora capacitada, por meio da integra\u00e7\u00e3o das redes estaduais e municipais, pensando no munic\u00edpio. Voc\u00eas professores s\u00e3o o primeiro contato das crian\u00e7as, vamos aproveitar esse momento. Estamos em redes diferentes, mas a cidade \u00e9 a mesma e temos o mesmo objetivo&#8221;, disse.<\/p>\n<p>A diretora de Educa\u00e7\u00e3o B\u00e1sica da rede, Graciete Pereira da Silva, lembrou a necessidade do programa para a prote\u00e7\u00e3o das crian\u00e7as. &#8220;Muitas vezes a sociedade legitima a viol\u00eancia e n\u00f3s precisamos rever esses processos e apresentar outras realidades&#8221;, ressaltou.<\/p>\n<p>Texto: Beatriz Costa (MTb 39.517)\n                            <\/p>\n<\/div>\n<p><script async defer crossorigin=\"anonymous\" src=\"https:\/\/connect.facebook.net\/pt_BR\/sdk.js#xfbml=1&#038;version=v5.0\"><\/script><br \/>\n<br \/><br \/>\n<br \/><a href=\"https:\/\/www.americana.sp.gov.br\/americana-index.php?a=noticia&#038;id=30457\" rel=\"noopener\">Informa\u00e7\u00f5es PMA<\/a><\/p>\n","protected":false},"excerpt":{"rendered":"<p>Representantes da Secretaria de Educa\u00e7\u00e3o de Americana, da Diretoria de Ensino Regi\u00e3o de Americana e do Minist\u00e9rio P\u00fablico apresentaram o Programa &#8220;EducaPRO Proteger, Respeitar e Ouvir #euvejovoc\u00ea&#8221; a professores das redes municipal e estadual, em reuni\u00e3o na noite de segunda-feira (25) na Casa da Crian\u00e7a Pitanga. O programa tem o objetivo de promover e refor\u00e7ar [&hellip;]<\/p>\n","protected":false},"author":1,"featured_media":0,"comment_status":"open","ping_status":"open","sticky":false,"template":"","format":"standard","meta":{"_jetpack_newsletter_access":"","_jetpack_dont_email_post_to_subs":false,"_jetpack_newsletter_tier_id":0,"_jetpack_memberships_contains_paywalled_content":false,"_mbp_banners":[],"_jetpack_feature_clip_id":0,"_jetpack_memberships_contains_paid_content":false,"footnotes":"","jetpack_publicize_message":"","jetpack_publicize_feature_enabled":true,"jetpack_social_post_already_shared":true,"jetpack_social_options":{"image_generator_settings":{"template":"highway","default_image_id":0,"font":"","enabled":false},"version":2},"jetpack_post_was_ever_published":false},"categories":[20],"tags":[],"class_list":["post-452","post","type-post","status-publish","format-standard","category-regiao"],"jetpack_publicize_connections":[],"jetpack-related-posts":[],"jetpack_shortlink":"https:\/\/wp.me\/p7Eq1F-7i","jetpack_sharing_enabled":true,"jetpack_featured_media_url":"","_links":{"self":[{"href":"https:\/\/guialimeira.com.br\/news\/wp-json\/wp\/v2\/posts\/452","targetHints":{"allow":["GET"]}}],"collection":[{"href":"https:\/\/guialimeira.com.br\/news\/wp-json\/wp\/v2\/posts"}],"about":[{"href":"https:\/\/guialimeira.com.br\/news\/wp-json\/wp\/v2\/types\/post"}],"author":[{"embeddable":true,"href":"https:\/\/guialimeira.com.br\/news\/wp-json\/wp\/v2\/users\/1"}],"replies":[{"embeddable":true,"href":"https:\/\/guialimeira.com.br\/news\/wp-json\/wp\/v2\/comments?post=452"}],"version-history":[{"count":0,"href":"https:\/\/guialimeira.com.br\/news\/wp-json\/wp\/v2\/posts\/452\/revisions"}],"wp:attachment":[{"href":"https:\/\/guialimeira.com.br\/news\/wp-json\/wp\/v2\/media?parent=452"}],"wp:term":[{"taxonomy":"category","embeddable":true,"href":"https:\/\/guialimeira.com.br\/news\/wp-json\/wp\/v2\/categories?post=452"},{"taxonomy":"post_tag","embeddable":true,"href":"https:\/\/guialimeira.com.br\/news\/wp-json\/wp\/v2\/tags?post=452"}],"curies":[{"name":"wp","href":"https:\/\/api.w.org\/{rel}","templated":true}]}}