{"id":4509,"date":"2024-05-10T12:15:55","date_gmt":"2024-05-10T15:15:55","guid":{"rendered":"https:\/\/guialimeira.com.br\/2024\/05\/10\/governo-de-sao-paulo-ira-beneficiar-1-355-idosos-com-moradias-do-programa-vida-longa\/"},"modified":"2024-05-10T12:15:55","modified_gmt":"2024-05-10T15:15:55","slug":"governo-de-sao-paulo-ira-beneficiar-1-355-idosos-com-moradias-do-programa-vida-longa","status":"publish","type":"post","link":"https:\/\/guialimeira.com.br\/news\/governo-de-sao-paulo-ira-beneficiar-1-355-idosos-com-moradias-do-programa-vida-longa\/","title":{"rendered":"Governo de S\u00e3o Paulo ir\u00e1 beneficiar 1.355 idosos com moradias do Programa Vida Longa"},"content":{"rendered":"<p> <br \/>\n<\/p>\n<div id=\"\">&#13;<\/p>\n<figure id=\"attachment_5882127\" style=\"width: 100%;max-width: 747px\" class=\"wp-caption alignnone caption-hide\"><img data-recalc-dims=\"1\" decoding=\"async\" loading=\"lazy\" class=\"size-full wp-image-5882127\" src=\"https:\/\/i0.wp.com\/www.saopaulo.sp.gov.br\/wp-content\/uploads\/2024\/05\/cropped_53707856114_b0632961d3_k.jpg?resize=696%2C466&#038;ssl=1\" alt=\"\" width=\"696\" height=\"466\" srcset=\"https:\/\/www.saopaulo.sp.gov.br\/wp-content\/uploads\/2024\/05\/cropped_53707856114_b0632961d3_k.jpg 747w, https:\/\/www.saopaulo.sp.gov.br\/wp-content\/uploads\/2024\/05\/cropped_53707856114_b0632961d3_k-300x201.jpg 300w\" sizes=\"auto, (max-width: 747px) 100vw, 747px\"\/><\/figure>\n<p>O Estado de S\u00e3o Paulo ir\u00e1 ampliar o programa Vida Longa que oferece moradias para idosos que ganham at\u00e9 dois sal\u00e1rios m\u00ednimos, preferencialmente que vivem sozinhos ou com v\u00ednculos familiares fragilizados, mas que tenham autonomia. Com a assinatura de autoriza\u00e7\u00e3o no final de abril pelo governador Tarc\u00edsio de Freitas, a Companhia de Desenvolvimento Habitacional e Urbano\u00a0 (CDHU) construir\u00e1 mais 1.355 unidades habitacionais pelo programa em 49 munic\u00edpios com investimento previsto de R$ 257,4 milh\u00f5es.<\/p>\n<p>Durante o evento que, de maneira mais abrangente, anunciou um total de 43,7 mil novas moradias em todo o estado, realizado no Pal\u00e1cio dos Bandeirantes, o secret\u00e1rio de Desenvolvimento Urbano e Habita\u00e7\u00e3o (SDUH), Marcelo Branco, explicou que a escolha dos munic\u00edpios contemplados obedeceu a crit\u00e9rios t\u00e9cnicos previamente estabelecidos.<\/p>\n<p>\u201cTemos um levantamento do \u00cdndice de Pessoas Idosas em cada um dos munic\u00edpios e estamos mapeando cada um deles, levando em conta a necessidade de atendimento, n\u00famero de idosos e fragilidade que o munic\u00edpio tem enfrentado para acolher essa parcela da popula\u00e7\u00e3o\u201d, diz Branco.<\/p>\n<p>Aos 64 anos, Roberto Pereira foi um dos 28 contemplados com um im\u00f3vel na cidade de Duartina, na regi\u00e3o de Bauru. Novo morador do empreendimento entregue em maio, ele disse que sentiu uma \u201cfelicidade pura\u201d ao sair de onde morava, pagando aluguel, em um fundo de quintal.<\/p>\n<p>\u201c\u00c9 como se ganh\u00e1ssemos na loteria. O maior problema deste momento da vida foi resolvido. Agora tenho uma moradia para o resto da vida, com mob\u00edlia toda nova, em um local fechado e muito bem montado. S\u00f3 tenho a agradecer\u201d, afirma.<\/p>\n<p>Lu\u00eds Carlos Fernandes, de 69 anos, tamb\u00e9m estava feliz. O sentimento de recome\u00e7o e de certeza de um novo momento de vida com mais seguran\u00e7a e dignidade foi compartilhado. \u201cFiquei impressionado, sem palavras e at\u00e9 chorei. Eu pensava que seria dif\u00edcil e que eu n\u00e3o conseguiria pegar essa chave de uma casa maravilhosa. Fico muito contente. Essa moradia \u00e9 um benef\u00edcio muito grande e evitar\u00e1 que eu tenha gastos com aluguel\u201d, celebrou o vizinho de Pereira.<\/p>\n<p>Criada em outubro de 2019, a iniciativa \u00e9 uma a\u00e7\u00e3o conjunta da Secretaria de Desenvolvimento Urbano e Habita\u00e7\u00e3o (SDUH), da Companhia de Desenvolvimento Habitacional e Urbano (CDHU) e da Secretaria Estadual de Desenvolvimento Social (SEDS) e \u00e9 desenvolvida em parceria com as prefeituras. Os im\u00f3veis s\u00e3o projetados segundo par\u00e2metros de acessibilidade do Desenho Universal. Os conjuntos possuem at\u00e9 28 casas de 28 m\u00b2 de \u00e1rea \u00fatil cada, distribu\u00eddos em cozinha, sala de estar e dormit\u00f3rio conjugados, banheiro e \u00e1rea de servi\u00e7o.<\/p>\n<p>Para promover maior socializa\u00e7\u00e3o dos moradores, os residenciais t\u00eam tamb\u00e9m espa\u00e7os comuns para conviv\u00eancia e lazer, sal\u00e3o de conv\u00edvio com refeit\u00f3rio e \u00e1rea para assistir televis\u00e3o, \u00e1rea com churrasqueira e forno \u00e0 lenha, aparelhos para atividade f\u00edsica, mesa de jogos, bancos de jardim, horta elevada e paisagismo.<\/p>\n<p>Os munic\u00edpios participantes s\u00e3o respons\u00e1veis pela indica\u00e7\u00e3o dos benefici\u00e1rios potenciais, pela doa\u00e7\u00e3o de terrenos para a constru\u00e7\u00e3o dos im\u00f3veis e pela gest\u00e3o e manuten\u00e7\u00e3o dos empreendimentos ap\u00f3s a conclus\u00e3o das obras. O investimento \u00e9 a fundo perdido e o morador n\u00e3o pagar\u00e1 taxa de ocupa\u00e7\u00e3o nem contas de \u00e1gua e luz. Por se tratar de um equipamento p\u00fablico, os benefici\u00e1rios n\u00e3o det\u00eam a propriedade dos im\u00f3veis.<\/p>\n<p>Na hist\u00f3ria do programa, nove dos 14 empreendimentos j\u00e1 executados foram entregues pela atual gest\u00e3o. Desde 2023, foram investidos cerca de R$ 56 milh\u00f5es pela gest\u00e3o estadual para a constru\u00e7\u00e3o de 238 unidades. Entre as cidades beneficiadas est\u00e3o Barretos, Bastos, Bauru, Bragan\u00e7a Paulista, Catanduva, Cerquilho, Guaratinguet\u00e1, Ibitinga, Santa B\u00e1rbara D\u2019Oeste, Santa Cruz do Rio Pardo, S\u00e3o Carlos, S\u00e3o Jos\u00e9 do Rio Pardo, S\u00e3o Roque e Tiet\u00ea.<\/p>\n<p>Atualmente, al\u00e9m das novas unidades anunciadas em abril, j\u00e1 est\u00e3o em produ\u00e7\u00e3o 10 empreendimentos, totalizando 276 unidades habitacionais, nas cidades de Americana, Ara\u00e7atuba, Boituva, Duartina, Gar\u00e7a, Ol\u00edmpia, Pederneiras, Rio Claro, Salto de Pirapora e Cap\u00e3o Bonito.<\/p>\n<p>Siga o canal \u201cGoverno de S\u00e3o Paulo\u201d no WhatsApp:<br \/><a href=\"https:\/\/bit.ly\/govspnozap\" target=\"_blank\" rel=\"noopener noreferrer\">https:\/\/bit.ly\/govspnozap<\/a><\/p>\n<\/p><\/div>\n<p><br \/>\n<br \/><a href=\"https:\/\/www.saopaulo.sp.gov.br\/spnoticias\/ultimas-noticias\/governo-de-sao-paulo-ira-beneficiar-1-355-idosos-com-moradias-do-programa-vida-longa\/\" rel=\"noopener\">Informa\u00e7\u00f5es GOV.SP<\/a><\/p>\n","protected":false},"excerpt":{"rendered":"<p>&#13; O Estado de S\u00e3o Paulo ir\u00e1 ampliar o programa Vida Longa que oferece moradias para idosos que ganham at\u00e9 dois sal\u00e1rios m\u00ednimos, preferencialmente que vivem sozinhos ou com v\u00ednculos familiares fragilizados, mas que tenham autonomia. Com a assinatura de autoriza\u00e7\u00e3o no final de abril pelo governador Tarc\u00edsio de Freitas, a Companhia de Desenvolvimento Habitacional [&hellip;]<\/p>\n","protected":false},"author":1,"featured_media":4510,"comment_status":"open","ping_status":"open","sticky":false,"template":"","format":"standard","meta":{"_jetpack_newsletter_access":"","_jetpack_dont_email_post_to_subs":false,"_jetpack_newsletter_tier_id":0,"_jetpack_memberships_contains_paywalled_content":false,"_mbp_banners":[],"_jetpack_feature_clip_id":0,"_jetpack_memberships_contains_paid_content":false,"footnotes":"","jetpack_publicize_message":"","jetpack_publicize_feature_enabled":true,"jetpack_social_post_already_shared":true,"jetpack_social_options":{"image_generator_settings":{"template":"highway","default_image_id":0,"font":"","enabled":false},"version":2},"jetpack_post_was_ever_published":false},"categories":[21],"tags":[],"class_list":["post-4509","post","type-post","status-publish","format-standard","has-post-thumbnail","category-sp-news"],"jetpack_publicize_connections":[],"jetpack-related-posts":[],"jetpack_shortlink":"https:\/\/wp.me\/p7Eq1F-1aJ","jetpack_sharing_enabled":true,"jetpack_featured_media_url":"https:\/\/i0.wp.com\/guialimeira.com.br\/news\/wp-content\/uploads\/2024\/05\/Governo-de-Sao-Paulo-ira-beneficiar-1355-idosos-com-moradias.jpg?fit=747%2C500&ssl=1","_links":{"self":[{"href":"https:\/\/guialimeira.com.br\/news\/wp-json\/wp\/v2\/posts\/4509","targetHints":{"allow":["GET"]}}],"collection":[{"href":"https:\/\/guialimeira.com.br\/news\/wp-json\/wp\/v2\/posts"}],"about":[{"href":"https:\/\/guialimeira.com.br\/news\/wp-json\/wp\/v2\/types\/post"}],"author":[{"embeddable":true,"href":"https:\/\/guialimeira.com.br\/news\/wp-json\/wp\/v2\/users\/1"}],"replies":[{"embeddable":true,"href":"https:\/\/guialimeira.com.br\/news\/wp-json\/wp\/v2\/comments?post=4509"}],"version-history":[{"count":0,"href":"https:\/\/guialimeira.com.br\/news\/wp-json\/wp\/v2\/posts\/4509\/revisions"}],"wp:featuredmedia":[{"embeddable":true,"href":"https:\/\/guialimeira.com.br\/news\/wp-json\/wp\/v2\/media\/4510"}],"wp:attachment":[{"href":"https:\/\/guialimeira.com.br\/news\/wp-json\/wp\/v2\/media?parent=4509"}],"wp:term":[{"taxonomy":"category","embeddable":true,"href":"https:\/\/guialimeira.com.br\/news\/wp-json\/wp\/v2\/categories?post=4509"},{"taxonomy":"post_tag","embeddable":true,"href":"https:\/\/guialimeira.com.br\/news\/wp-json\/wp\/v2\/tags?post=4509"}],"curies":[{"name":"wp","href":"https:\/\/api.w.org\/{rel}","templated":true}]}}