{"id":4504,"date":"2024-05-10T11:29:00","date_gmt":"2024-05-10T14:29:00","guid":{"rendered":"https:\/\/guialimeira.com.br\/2024\/05\/10\/palhacas-divertem-publico-na-praca-toledo-barros-neste-sabado-11\/"},"modified":"2024-05-10T11:29:00","modified_gmt":"2024-05-10T14:29:00","slug":"palhacas-divertem-publico-na-praca-toledo-barros-neste-sabado-11","status":"publish","type":"post","link":"https:\/\/guialimeira.com.br\/news\/palhacas-divertem-publico-na-praca-toledo-barros-neste-sabado-11\/","title":{"rendered":"Palha\u00e7as divertem p\u00fablico na Pra\u00e7a Toledo Barros, neste s\u00e1bado (11)"},"content":{"rendered":"<p> <br \/>\n<\/p>\n<div>\n            <main class=\"\">&#13;<br \/>\n                &#13;<br \/>\n&#13;<br \/>\n&#13;<br \/>\n&#13;<br \/>\n    <img data-recalc-dims=\"1\" decoding=\"async\" src=\"https:\/\/i0.wp.com\/ecrie.com.br\/sistema\/conteudos\/imagem\/m_137_0_1_10052024092648.jpg?w=696&#038;ssl=1\" alt=\"Palha\u00e7as divertem p\u00fablico na Pra\u00e7a Toledo Barros, neste s\u00e1bado (11)\"\/>&#13;<br \/>\n&#13;<\/p>\n<p dir=\"ltr\" style=\"text-align: justify;\">Neste s\u00e1bado (11), acontece o teatro de rua \u201cPolenta com as Amigas\u201d, na Pra\u00e7a Toledo Barros, \u00e0s 11h30. A a\u00e7\u00e3o vem atrav\u00e9s do ProAC (Programa de A\u00e7\u00e3o Cultural do Governo do Estado de S\u00e3o Paulo e da Secretaria da Cultura e Economia Criativa), Prefeitura de Limeira, por meio da Secretaria da Cultura e MB Circo.<\/p>\n<p>&#13;<\/p>\n<p dir=\"ltr\" style=\"text-align: justify;\">O espet\u00e1culo \u00e9 protagonizado por mulheres palha\u00e7as que contribuem com a diversidade cultural e promove a renova\u00e7\u00e3o da tradi\u00e7\u00e3o circense. Na cena, o quarteto recria, ao sabor da contemporaneidade e da representatividade feminina, cinco n\u00fameros da tradi\u00e7\u00e3o circense de picadeiro.\u00a0<\/p>\n<p>&#13;<\/p>\n<p dir=\"ltr\" style=\"text-align: justify;\">O teatro resulta em gargalhadas, emo\u00e7\u00e3o, frio na barriga e bastante divers\u00e3o. O p\u00fablico na pra\u00e7a ser\u00e1 animado pelas palha\u00e7as: Polenta (Dani Maimoni), Edufina (Katina Sousa), Ripa (Suelen Zacharias) e Beg\u00f4nia (Fernanda Jannuzzelli).\u00a0<\/p>\n<p>&#13;<\/p>\n<p>\u00a0<\/p>\n<p>&#13;<br \/>\n&#13;<br \/>\n&#13;<br \/>\n&#13;<\/p>\n<aside class=\"list-related no-print\">&#13;<br \/>\n        &#13;<br \/>\n&#13;<\/p>\n<article class=\"list-item noticias \">&#13;<br \/>\n                    <a class=\"list-item__img\" href=\"https:\/\/limeira.sp.gov.br\/imprensa\/noticias\/cultura\/orquestra-de-violeiros-tom-de-terra-se-apresenta-na-praca-toledo-barros-neste-sabado-11\" tabindex=\"-1\" aria-hidden=\"true\" rel=\"noopener\">&#13;<br \/>\n                        <img data-recalc-dims=\"1\" decoding=\"async\" src=\"https:\/\/i0.wp.com\/ecrie.com.br\/sistema\/conteudos\/imagem\/m_137_0_1_10052024093555.jpeg?w=696&#038;ssl=1\" alt=\"Orquestra de violeiros Tom de Terra se apresenta na Pra\u00e7a Toledo Barros, neste s\u00e1bado (11)\"\/>&#13;<br \/>\n                    <\/a>&#13;<br \/>\n&#13;<br \/>\n                &#13;<br \/>\n            <\/article>\n<p>&#13;<\/p>\n<article class=\"list-item noticias \">&#13;<br \/>\n                    <a class=\"list-item__img\" href=\"https:\/\/limeira.sp.gov.br\/imprensa\/noticias\/cultura\/encontro-numismatico-conversa-sobre-historia-e-cultura-neste-sabado-11\" tabindex=\"-1\" aria-hidden=\"true\" rel=\"noopener\">&#13;<br \/>\n                        <img data-recalc-dims=\"1\" decoding=\"async\" src=\"https:\/\/i0.wp.com\/ecrie.com.br\/sistema\/conteudos\/imagem\/m_137_0_1_09052024144042.jpg?w=696&#038;ssl=1\" alt=\"Encontro Numism\u00e1tico conversa sobre hist\u00f3ria e cultura, neste s\u00e1bado (11)\"\/>&#13;<br \/>\n                    <\/a>&#13;<br \/>\n&#13;<br \/>\n                &#13;<br \/>\n            <\/article>\n<p>&#13;<\/p>\n<article class=\"list-item noticias \">&#13;<br \/>\n                    <a class=\"list-item__img\" href=\"https:\/\/limeira.sp.gov.br\/imprensa\/noticias\/cultura\/orquestra-sinfonica-apresenta-concerto-das-maes-nesta-sexta-10\" tabindex=\"-1\" aria-hidden=\"true\" rel=\"noopener\">&#13;<br \/>\n                        <img data-recalc-dims=\"1\" decoding=\"async\" src=\"https:\/\/i0.wp.com\/ecrie.com.br\/sistema\/conteudos\/imagem\/m_137_0_1_09052024102555.jpeg?w=696&#038;ssl=1\" alt=\"Orquestra Sinf\u00f4nica apresenta \u201cConcerto das M\u00e3es\u201d nesta sexta (10)\"\/>&#13;<br \/>\n                    <\/a>&#13;<br \/>\n&#13;<br \/>\n                &#13;<br \/>\n            <\/article>\n<p>&#13;<br \/>\n    <\/aside>\n<p>&#13;<br \/>\n&#13;<br \/>\n            <\/main><\/p><\/div>\n<p><br \/>\n<br \/><a href=\"https:\/\/limeira.sp.gov.br\/palhacas-divertem-publico-na-praca-toledo-barros-neste-sabado-11\" rel=\"noopener\">Informa\u00e7\u00f5es da PML <\/a><\/p>\n","protected":false},"excerpt":{"rendered":"<p>&#13; &#13; &#13; &#13; &#13; &#13; &#13; Neste s\u00e1bado (11), acontece o teatro de rua \u201cPolenta com as Amigas\u201d, na Pra\u00e7a Toledo Barros, \u00e0s 11h30. A a\u00e7\u00e3o vem atrav\u00e9s do ProAC (Programa de A\u00e7\u00e3o Cultural do Governo do Estado de S\u00e3o Paulo e da Secretaria da Cultura e Economia Criativa), Prefeitura de Limeira, por meio [&hellip;]<\/p>\n","protected":false},"author":1,"featured_media":4505,"comment_status":"open","ping_status":"open","sticky":false,"template":"","format":"standard","meta":{"_jetpack_newsletter_access":"","_jetpack_dont_email_post_to_subs":false,"_jetpack_newsletter_tier_id":0,"_jetpack_memberships_contains_paywalled_content":false,"_mbp_banners":[],"_jetpack_feature_clip_id":0,"_jetpack_memberships_contains_paid_content":false,"footnotes":"","jetpack_publicize_message":"","jetpack_publicize_feature_enabled":true,"jetpack_social_post_already_shared":true,"jetpack_social_options":{"image_generator_settings":{"template":"highway","default_image_id":0,"font":"","enabled":false},"version":2},"jetpack_post_was_ever_published":false},"categories":[16],"tags":[],"class_list":["post-4504","post","type-post","status-publish","format-standard","has-post-thumbnail","category-local"],"jetpack_publicize_connections":[],"jetpack-related-posts":[],"jetpack_shortlink":"https:\/\/wp.me\/p7Eq1F-1aE","jetpack_sharing_enabled":true,"jetpack_featured_media_url":"https:\/\/i0.wp.com\/guialimeira.com.br\/news\/wp-content\/uploads\/2024\/05\/m_137_0_1_10052024092648.jpg?fit=900%2C506&ssl=1","_links":{"self":[{"href":"https:\/\/guialimeira.com.br\/news\/wp-json\/wp\/v2\/posts\/4504","targetHints":{"allow":["GET"]}}],"collection":[{"href":"https:\/\/guialimeira.com.br\/news\/wp-json\/wp\/v2\/posts"}],"about":[{"href":"https:\/\/guialimeira.com.br\/news\/wp-json\/wp\/v2\/types\/post"}],"author":[{"embeddable":true,"href":"https:\/\/guialimeira.com.br\/news\/wp-json\/wp\/v2\/users\/1"}],"replies":[{"embeddable":true,"href":"https:\/\/guialimeira.com.br\/news\/wp-json\/wp\/v2\/comments?post=4504"}],"version-history":[{"count":0,"href":"https:\/\/guialimeira.com.br\/news\/wp-json\/wp\/v2\/posts\/4504\/revisions"}],"wp:featuredmedia":[{"embeddable":true,"href":"https:\/\/guialimeira.com.br\/news\/wp-json\/wp\/v2\/media\/4505"}],"wp:attachment":[{"href":"https:\/\/guialimeira.com.br\/news\/wp-json\/wp\/v2\/media?parent=4504"}],"wp:term":[{"taxonomy":"category","embeddable":true,"href":"https:\/\/guialimeira.com.br\/news\/wp-json\/wp\/v2\/categories?post=4504"},{"taxonomy":"post_tag","embeddable":true,"href":"https:\/\/guialimeira.com.br\/news\/wp-json\/wp\/v2\/tags?post=4504"}],"curies":[{"name":"wp","href":"https:\/\/api.w.org\/{rel}","templated":true}]}}