{"id":450,"date":"2024-03-29T22:59:49","date_gmt":"2024-03-30T01:59:49","guid":{"rendered":"https:\/\/guialimeira.com.br\/2024\/03\/29\/prefeitura-reforca-sinalizacao-horizontal-e-vertical-em-35-vias-portal-do-municipio-de-piracicaba\/"},"modified":"2024-03-29T22:59:49","modified_gmt":"2024-03-30T01:59:49","slug":"prefeitura-reforca-sinalizacao-horizontal-e-vertical-em-35-vias-portal-do-municipio-de-piracicaba","status":"publish","type":"post","link":"https:\/\/guialimeira.com.br\/news\/prefeitura-reforca-sinalizacao-horizontal-e-vertical-em-35-vias-portal-do-municipio-de-piracicaba\/","title":{"rendered":"Prefeitura refor\u00e7a sinaliza\u00e7\u00e3o horizontal e vertical em 35 vias \u2013 Portal do Munic\u00edpio de Piracicaba"},"content":{"rendered":"<p> <br \/>\n<\/p>\n<div>\n<figure class=\"wp-block-image size-large\"><img data-recalc-dims=\"1\" fetchpriority=\"high\" decoding=\"async\" width=\"696\" height=\"464\" src=\"https:\/\/i0.wp.com\/piracicaba.sp.gov.br\/wp-content\/uploads\/2024\/03\/Lombofaixa-na-rua-Aparecido-Augusto-1024x682.jpg?resize=696%2C464&#038;ssl=1\" alt=\"Lombofaixa pintada na cor branca.\" class=\"wp-image-75950\" srcset=\"https:\/\/piracicaba.sp.gov.br\/wp-content\/uploads\/2024\/03\/Lombofaixa-na-rua-Aparecido-Augusto-1024x682.jpg 1024w, https:\/\/piracicaba.sp.gov.br\/wp-content\/uploads\/2024\/03\/Lombofaixa-na-rua-Aparecido-Augusto-300x200.jpg 300w, https:\/\/piracicaba.sp.gov.br\/wp-content\/uploads\/2024\/03\/Lombofaixa-na-rua-Aparecido-Augusto-768x512.jpg 768w, https:\/\/piracicaba.sp.gov.br\/wp-content\/uploads\/2024\/03\/Lombofaixa-na-rua-Aparecido-Augusto-1536x1024.jpg 1536w, https:\/\/piracicaba.sp.gov.br\/wp-content\/uploads\/2024\/03\/Lombofaixa-na-rua-Aparecido-Augusto.jpg 2000w\" sizes=\"(max-width: 1024px) 100vw, 1024px\"\/><figcaption class=\"wp-element-caption\"><strong><sup>Lombofaixa na rua Aparecido Augusto<\/sup><\/strong><\/figcaption><\/figure>\n<p>Entre os dias 21\/03\/2024\u00a0a\u00a028\/03\/2024, por meio da Secretaria Municipal de Mobilidade Urbana, Tr\u00e2nsito e Transportes (Semuttran), foram realizados servi\u00e7os de sinaliza\u00e7\u00e3o horizontal e vertical em 35 vias, sendo nove avenidas, 25 ruas e uma estrada.<\/p>\n<p>A a\u00e7\u00e3o faz parte da estrat\u00e9gia da Semuttran que realiza sistematicamente s\u00e9rie de servi\u00e7os de revitaliza\u00e7\u00e3o e refor\u00e7o de sinaliza\u00e7\u00e3o de tr\u00e2nsito horizontal e vertical em ruas e avenidas da cidade, com o objetivo de garantir mais seguran\u00e7a para pedestres, ciclistas e motoristas no tr\u00e2nsito.<\/p>\n<p>Os servi\u00e7os tamb\u00e9m incluem faixa de pedestre, lombada, faixa elevada, eixo de rua, pare, zebrado, faixa de canaliza\u00e7\u00e3o e desacelera\u00e7\u00e3o, Linha de Redu\u00e7\u00e3o de Velocidade (LRV), entre outros.<\/p>\n<p>De acordo com a Semuttran, a tinta especial utilizada na sinaliza\u00e7\u00e3o horizontal cont\u00e9m microesferas de vidro, que permitem melhor visualiza\u00e7\u00e3o por refletir a luz dos ve\u00edculos. Quando necess\u00e1rio, os servi\u00e7os tamb\u00e9m incluem a instala\u00e7\u00e3o de tach\u00e3o e tachinha e troca de placas da sinaliza\u00e7\u00e3o vertical e a\u00e9rea.<\/p>\n<figure class=\"wp-block-image size-large\"><img data-recalc-dims=\"1\" loading=\"lazy\" decoding=\"async\" width=\"696\" height=\"464\" src=\"https:\/\/i0.wp.com\/piracicaba.sp.gov.br\/wp-content\/uploads\/2024\/03\/Rua-Alfredo-Guedes-recebeu-reforco-na-sinalizacao-1024x682.jpg?resize=696%2C464&#038;ssl=1\" alt=\"Estacionamentos da Rua Alfredo Guedes tem sinaliza\u00e7\u00e3o refor\u00e7ada.\" class=\"wp-image-75951\" srcset=\"https:\/\/piracicaba.sp.gov.br\/wp-content\/uploads\/2024\/03\/Rua-Alfredo-Guedes-recebeu-reforco-na-sinalizacao-1024x682.jpg 1024w, https:\/\/piracicaba.sp.gov.br\/wp-content\/uploads\/2024\/03\/Rua-Alfredo-Guedes-recebeu-reforco-na-sinalizacao-300x200.jpg 300w, https:\/\/piracicaba.sp.gov.br\/wp-content\/uploads\/2024\/03\/Rua-Alfredo-Guedes-recebeu-reforco-na-sinalizacao-768x512.jpg 768w, https:\/\/piracicaba.sp.gov.br\/wp-content\/uploads\/2024\/03\/Rua-Alfredo-Guedes-recebeu-reforco-na-sinalizacao-1536x1024.jpg 1536w, https:\/\/piracicaba.sp.gov.br\/wp-content\/uploads\/2024\/03\/Rua-Alfredo-Guedes-recebeu-reforco-na-sinalizacao.jpg 2000w\" sizes=\"auto, (max-width: 1024px) 100vw, 1024px\"\/><figcaption class=\"wp-element-caption\"><strong><sup>Rua Alfredo Guedes recebeu refor\u00e7o na sinaliza\u00e7\u00e3o<\/sup><\/strong><\/figcaption><\/figure>\n<p><strong>Endere\u00e7os atendidos<\/strong>:<\/p>\n<p>AVENIDAS<\/p>\n<p>Avenida Nossa Nenhora do Carmo<\/p>\n<p>Avenida Elias de Almeida Prado<\/p>\n<p>Avenida Bar\u00e3o de Serra Negra<\/p>\n<p>Avenida Bar\u00e3o de Valen\u00e7a<\/p>\n<p>Avenida Crist\u00f3v\u00e3o Colombo<\/p>\n<p>Avenida Concei\u00e7\u00e3o<\/p>\n<p>Avenida Presidente Kennedy<\/p>\n<p>Avenida Elias de Almeida Prado<\/p>\n<p>Avenida Nossa Senhora do Carmo<\/p>\n<p>RUAS<\/p>\n<p>Rua Engenheiro Agr\u00f4nomo Romano<\/p>\n<p>Rua Jos\u00e9 Augusto Lopes Guimar\u00e3es<\/p>\n<p>Rua Andre Kerekes<\/p>\n<p>Rua Manoel Ocan\u00e3,<\/p>\n<p>Rua Dr. Elias Rosenthal<\/p>\n<p>Rua Hildebrando Seixas Siqueira<\/p>\n<p>Rua Prof.\u00aa Gertrudes Barbosa Moretti<\/p>\n<p>Rua Corcovado<\/p>\n<p>Rua Jos\u00e9 Ferraz de Camargo<\/p>\n<p>Rua Manoel Ferraz de Arruda Campos<\/p>\n<p>Rua Bernadino de Campos<\/p>\n<p>Rua Primeiro de Maio<\/p>\n<p>Rua Bartolomeu Louren\u00e7o de Gusm\u00e3o<\/p>\n<p>Rua Professor Mariano da Costa<\/p>\n<p>Rua Jos\u00e9 Ros\u00e1rio Losso<\/p>\n<p>Rua Dr. Ant\u00f4nio Da Costa Pinto<\/p>\n<p>Rua Alfredo Guedes<\/p>\n<p>Rua Aparecido Augusto<\/p>\n<p>Rua 16 de Julho<\/p>\n<p>Rua Virg\u00edlio da Silva Fagundes<\/p>\n<p>Rua Paulo Brunh<\/p>\n<p>Rua Dourados x Piabas<\/p>\n<p>Rua Diva Ragazzo Guidotti<\/p>\n<p>Bairro Jardim Dona Lourdes<\/p>\n<p>Bairro Jardim Vit\u00f3ria<\/p>\n<p>ESTRADA<\/p>\n<p>Estrada Pedro Bortoletto<\/p>\n<\/div>\n<p><br \/>\n<br \/><a href=\"https:\/\/piracicaba.sp.gov.br\/noticias\/prefeitura-reforca-sinalizacao-horizontal-e-vertical-em-35-vias\/\" rel=\"noopener\">Informa\u00e7\u00f5es PMP <\/a><\/p>\n","protected":false},"excerpt":{"rendered":"<p>Lombofaixa na rua Aparecido Augusto Entre os dias 21\/03\/2024\u00a0a\u00a028\/03\/2024, por meio da Secretaria Municipal de Mobilidade Urbana, Tr\u00e2nsito e Transportes (Semuttran), foram realizados servi\u00e7os de sinaliza\u00e7\u00e3o horizontal e vertical em 35 vias, sendo nove avenidas, 25 ruas e uma estrada. A a\u00e7\u00e3o faz parte da estrat\u00e9gia da Semuttran que realiza sistematicamente s\u00e9rie de servi\u00e7os de [&hellip;]<\/p>\n","protected":false},"author":1,"featured_media":451,"comment_status":"open","ping_status":"open","sticky":false,"template":"","format":"standard","meta":{"_jetpack_newsletter_access":"","_jetpack_dont_email_post_to_subs":false,"_jetpack_newsletter_tier_id":0,"_jetpack_memberships_contains_paywalled_content":false,"_mbp_banners":[],"_jetpack_feature_clip_id":0,"_jetpack_memberships_contains_paid_content":false,"footnotes":"","jetpack_publicize_message":"","jetpack_publicize_feature_enabled":true,"jetpack_social_post_already_shared":true,"jetpack_social_options":{"image_generator_settings":{"template":"highway","default_image_id":0,"font":"","enabled":false},"version":2},"jetpack_post_was_ever_published":false},"categories":[20],"tags":[],"class_list":["post-450","post","type-post","status-publish","format-standard","has-post-thumbnail","category-regiao"],"jetpack_publicize_connections":[],"jetpack-related-posts":[],"jetpack_shortlink":"https:\/\/wp.me\/p7Eq1F-7g","jetpack_sharing_enabled":true,"jetpack_featured_media_url":"https:\/\/i0.wp.com\/guialimeira.com.br\/news\/wp-content\/uploads\/2024\/03\/Lombofaixa-na-rua-Aparecido-Augusto-1024x682.jpg?fit=1024%2C682&ssl=1","_links":{"self":[{"href":"https:\/\/guialimeira.com.br\/news\/wp-json\/wp\/v2\/posts\/450","targetHints":{"allow":["GET"]}}],"collection":[{"href":"https:\/\/guialimeira.com.br\/news\/wp-json\/wp\/v2\/posts"}],"about":[{"href":"https:\/\/guialimeira.com.br\/news\/wp-json\/wp\/v2\/types\/post"}],"author":[{"embeddable":true,"href":"https:\/\/guialimeira.com.br\/news\/wp-json\/wp\/v2\/users\/1"}],"replies":[{"embeddable":true,"href":"https:\/\/guialimeira.com.br\/news\/wp-json\/wp\/v2\/comments?post=450"}],"version-history":[{"count":0,"href":"https:\/\/guialimeira.com.br\/news\/wp-json\/wp\/v2\/posts\/450\/revisions"}],"wp:featuredmedia":[{"embeddable":true,"href":"https:\/\/guialimeira.com.br\/news\/wp-json\/wp\/v2\/media\/451"}],"wp:attachment":[{"href":"https:\/\/guialimeira.com.br\/news\/wp-json\/wp\/v2\/media?parent=450"}],"wp:term":[{"taxonomy":"category","embeddable":true,"href":"https:\/\/guialimeira.com.br\/news\/wp-json\/wp\/v2\/categories?post=450"},{"taxonomy":"post_tag","embeddable":true,"href":"https:\/\/guialimeira.com.br\/news\/wp-json\/wp\/v2\/tags?post=450"}],"curies":[{"name":"wp","href":"https:\/\/api.w.org\/{rel}","templated":true}]}}