{"id":4496,"date":"2024-05-10T10:27:50","date_gmt":"2024-05-10T13:27:50","guid":{"rendered":"https:\/\/guialimeira.com.br\/2024\/05\/10\/orquestra-de-violeiros-tom-de-terra-se-apresenta-na-praca-toledo-barros-neste-sabado-11\/"},"modified":"2024-05-10T10:27:50","modified_gmt":"2024-05-10T13:27:50","slug":"orquestra-de-violeiros-tom-de-terra-se-apresenta-na-praca-toledo-barros-neste-sabado-11","status":"publish","type":"post","link":"https:\/\/guialimeira.com.br\/news\/orquestra-de-violeiros-tom-de-terra-se-apresenta-na-praca-toledo-barros-neste-sabado-11\/","title":{"rendered":"Orquestra de violeiros Tom de Terra se apresenta na Pra\u00e7a Toledo Barros, neste s\u00e1bado (11)"},"content":{"rendered":"<p> <br \/>\n<\/p>\n<div>\n            <main class=\"\">&#13;<br \/>\n                &#13;<br \/>\n&#13;<br \/>\n&#13;<br \/>\n&#13;<br \/>\n    <img data-recalc-dims=\"1\" decoding=\"async\" src=\"https:\/\/i0.wp.com\/ecrie.com.br\/sistema\/conteudos\/imagem\/m_137_0_1_10052024093555.jpeg?w=696&#038;ssl=1\" alt=\"Orquestra de violeiros Tom de Terra se apresenta na Pra\u00e7a Toledo Barros, neste s\u00e1bado (11)\"\/>&#13;<br \/>\n&#13;<\/p>\n<p dir=\"ltr\" style=\"text-align: justify;\">Neste s\u00e1bado (11), a orquestra de violeiros Tom de Terra apresenta \u201cViola no Coreto\u201d, na Pra\u00e7a Toledo Barros, \u00e0s<a href=\"https:\/\/www.google.com\/maps\/search\/11h+-+Pra%C3%A7a+Toledo+Barros?entry=gmail&amp;source=g\" target=\"_blank\" rel=\"noopener noreferrer\" data-saferedirecturl=\"https:\/\/www.google.com\/url?q=https:\/\/www.google.com\/maps\/search\/11h%2B-%2BPra%25C3%25A7a%2BToledo%2BBarros?entry%3Dgmail%26source%3Dg&amp;source=gmail&amp;ust=1715429320797000&amp;usg=AOvVaw2IJjRiY_k7LFVigTjNcerz\">\u00a010h<\/a>45. A realiza\u00e7\u00e3o \u00e9 da Prefeitura de Limeira, por meio da Secretaria de Cultura, e banda.<\/p>\n<p>&#13;<\/p>\n<p dir=\"ltr\" style=\"text-align: justify;\">Com 14 anos de atividade, a orquestra busca fomentar a cultura caipira, resgatando a m\u00fasica de viola. Sob a reg\u00eancia de Emanuel Massaro, ser\u00e1 tocado um repert\u00f3rio com cl\u00e1ssicos caipiras.<\/p>\n<p>&#13;<br \/>\n&#13;<br \/>\n&#13;<br \/>\n&#13;<\/p>\n<aside class=\"list-related no-print\">&#13;<br \/>\n        &#13;<br \/>\n&#13;<\/p>\n<article class=\"list-item noticias \">&#13;<br \/>\n                    <a class=\"list-item__img\" href=\"https:\/\/limeira.sp.gov.br\/imprensa\/noticias\/cultura\/palhacas-divertem-publico-na-praca-toledo-barros-neste-sabado-11\" tabindex=\"-1\" aria-hidden=\"true\" rel=\"noopener\">&#13;<br \/>\n                        <img data-recalc-dims=\"1\" decoding=\"async\" src=\"https:\/\/i0.wp.com\/ecrie.com.br\/sistema\/conteudos\/imagem\/m_137_0_1_10052024092648.jpg?w=696&#038;ssl=1\" alt=\"Palha\u00e7as divertem p\u00fablico na Pra\u00e7a Toledo Barros, neste s\u00e1bado (11)\"\/>&#13;<br \/>\n                    <\/a>&#13;<br \/>\n&#13;<br \/>\n                &#13;<br \/>\n            <\/article>\n<p>&#13;<\/p>\n<article class=\"list-item noticias \">&#13;<br \/>\n                    <a class=\"list-item__img\" href=\"https:\/\/limeira.sp.gov.br\/imprensa\/noticias\/cultura\/encontro-numismatico-conversa-sobre-historia-e-cultura-neste-sabado-11\" tabindex=\"-1\" aria-hidden=\"true\" rel=\"noopener\">&#13;<br \/>\n                        <img data-recalc-dims=\"1\" decoding=\"async\" src=\"https:\/\/i0.wp.com\/ecrie.com.br\/sistema\/conteudos\/imagem\/m_137_0_1_09052024144042.jpg?w=696&#038;ssl=1\" alt=\"Encontro Numism\u00e1tico conversa sobre hist\u00f3ria e cultura, neste s\u00e1bado (11)\"\/>&#13;<br \/>\n                    <\/a>&#13;<br \/>\n&#13;<br \/>\n                &#13;<br \/>\n            <\/article>\n<p>&#13;<\/p>\n<article class=\"list-item noticias \">&#13;<br \/>\n                    <a class=\"list-item__img\" href=\"https:\/\/limeira.sp.gov.br\/imprensa\/noticias\/cultura\/orquestra-sinfonica-apresenta-concerto-das-maes-nesta-sexta-10\" tabindex=\"-1\" aria-hidden=\"true\" rel=\"noopener\">&#13;<br \/>\n                        <img data-recalc-dims=\"1\" decoding=\"async\" src=\"https:\/\/i0.wp.com\/ecrie.com.br\/sistema\/conteudos\/imagem\/m_137_0_1_09052024102555.jpeg?w=696&#038;ssl=1\" alt=\"Orquestra Sinf\u00f4nica apresenta \u201cConcerto das M\u00e3es\u201d nesta sexta (10)\"\/>&#13;<br \/>\n                    <\/a>&#13;<br \/>\n&#13;<br \/>\n                &#13;<br \/>\n            <\/article>\n<p>&#13;<br \/>\n    <\/aside>\n<p>&#13;<br \/>\n&#13;<br \/>\n            <\/main><\/p><\/div>\n<p><br \/>\n<br \/><a href=\"https:\/\/limeira.sp.gov.br\/orquestra-de-violeiros-tom-de-terra-se-apresenta-na-praca-toledo-barros-neste-sabado-11\" rel=\"noopener\">Informa\u00e7\u00f5es da PML <\/a><\/p>\n","protected":false},"excerpt":{"rendered":"<p>&#13; &#13; &#13; &#13; &#13; &#13; &#13; Neste s\u00e1bado (11), a orquestra de violeiros Tom de Terra apresenta \u201cViola no Coreto\u201d, na Pra\u00e7a Toledo Barros, \u00e0s\u00a010h45. A realiza\u00e7\u00e3o \u00e9 da Prefeitura de Limeira, por meio da Secretaria de Cultura, e banda. &#13; Com 14 anos de atividade, a orquestra busca fomentar a cultura caipira, resgatando [&hellip;]<\/p>\n","protected":false},"author":1,"featured_media":4497,"comment_status":"open","ping_status":"open","sticky":false,"template":"","format":"standard","meta":{"_jetpack_newsletter_access":"","_jetpack_dont_email_post_to_subs":false,"_jetpack_newsletter_tier_id":0,"_jetpack_memberships_contains_paywalled_content":false,"_mbp_banners":[],"_jetpack_feature_clip_id":0,"_jetpack_memberships_contains_paid_content":false,"footnotes":"","jetpack_publicize_message":"","jetpack_publicize_feature_enabled":true,"jetpack_social_post_already_shared":true,"jetpack_social_options":{"image_generator_settings":{"template":"highway","default_image_id":0,"font":"","enabled":false},"version":2},"jetpack_post_was_ever_published":false},"categories":[16],"tags":[],"class_list":["post-4496","post","type-post","status-publish","format-standard","has-post-thumbnail","category-local"],"jetpack_publicize_connections":[],"jetpack-related-posts":[],"jetpack_shortlink":"https:\/\/wp.me\/p7Eq1F-1aw","jetpack_sharing_enabled":true,"jetpack_featured_media_url":"https:\/\/i0.wp.com\/guialimeira.com.br\/news\/wp-content\/uploads\/2024\/05\/m_137_0_1_10052024093555.jpeg?fit=1080%2C830&ssl=1","_links":{"self":[{"href":"https:\/\/guialimeira.com.br\/news\/wp-json\/wp\/v2\/posts\/4496","targetHints":{"allow":["GET"]}}],"collection":[{"href":"https:\/\/guialimeira.com.br\/news\/wp-json\/wp\/v2\/posts"}],"about":[{"href":"https:\/\/guialimeira.com.br\/news\/wp-json\/wp\/v2\/types\/post"}],"author":[{"embeddable":true,"href":"https:\/\/guialimeira.com.br\/news\/wp-json\/wp\/v2\/users\/1"}],"replies":[{"embeddable":true,"href":"https:\/\/guialimeira.com.br\/news\/wp-json\/wp\/v2\/comments?post=4496"}],"version-history":[{"count":0,"href":"https:\/\/guialimeira.com.br\/news\/wp-json\/wp\/v2\/posts\/4496\/revisions"}],"wp:featuredmedia":[{"embeddable":true,"href":"https:\/\/guialimeira.com.br\/news\/wp-json\/wp\/v2\/media\/4497"}],"wp:attachment":[{"href":"https:\/\/guialimeira.com.br\/news\/wp-json\/wp\/v2\/media?parent=4496"}],"wp:term":[{"taxonomy":"category","embeddable":true,"href":"https:\/\/guialimeira.com.br\/news\/wp-json\/wp\/v2\/categories?post=4496"},{"taxonomy":"post_tag","embeddable":true,"href":"https:\/\/guialimeira.com.br\/news\/wp-json\/wp\/v2\/tags?post=4496"}],"curies":[{"name":"wp","href":"https:\/\/api.w.org\/{rel}","templated":true}]}}