{"id":4491,"date":"2024-05-10T09:13:01","date_gmt":"2024-05-10T12:13:01","guid":{"rendered":"https:\/\/guialimeira.com.br\/2024\/05\/10\/sp-escola-de-teatro-abre-66-vagas-nos-cursos-tecnicos\/"},"modified":"2024-05-10T09:13:01","modified_gmt":"2024-05-10T12:13:01","slug":"sp-escola-de-teatro-abre-66-vagas-nos-cursos-tecnicos","status":"publish","type":"post","link":"https:\/\/guialimeira.com.br\/news\/sp-escola-de-teatro-abre-66-vagas-nos-cursos-tecnicos\/","title":{"rendered":"SP Escola de Teatro abre 66 vagas nos cursos t\u00e9cnicos"},"content":{"rendered":"<p> <br \/>\n<\/p>\n<div id=\"\">&#13;<br \/>\n                                <!-- Title -->&#13;<br \/>\n                                &#13;<br \/>\n&#13;<br \/>\n                                <!-- Excerpt -->&#13;<\/p>\n<p class=\"excerpt\">Os oito cursos t\u00eam dois anos de dura\u00e7\u00e3o e s\u00e3o totalmente gratuitos; h\u00e1 vagas reservadas para pessoas negras, ind\u00edgenas e com defici\u00eancia<\/p>\n<p>&#13;<br \/>\n&#13;<br \/>\n                                &#13;\n                            <\/p><\/div>\n<div id=\"\">&#13;<\/p>\n<figure id=\"attachment_5880866\" style=\"width: 100%;max-width: 782px\" class=\"wp-caption alignnone\"><img data-recalc-dims=\"1\" decoding=\"async\" loading=\"lazy\" class=\" wp-image-5880866\" src=\"https:\/\/i0.wp.com\/www.saopaulo.sp.gov.br\/wp-content\/uploads\/2024\/05\/Captura-de-tela-2024-05-07-180524-300x170.png?resize=696%2C394&#038;ssl=1\" alt=\"\" width=\"696\" height=\"394\" srcset=\"https:\/\/www.saopaulo.sp.gov.br\/wp-content\/uploads\/2024\/05\/Captura-de-tela-2024-05-07-180524-300x170.png 300w, https:\/\/www.saopaulo.sp.gov.br\/wp-content\/uploads\/2024\/05\/Captura-de-tela-2024-05-07-180524.png 640w\" sizes=\"auto, (max-width: 782px) 100vw, 782px\"\/><figcaption class=\"wp-caption-text\">Os estudantes podem se inscrever em cursos nas \u00e1reas de Atua\u00e7\u00e3o, Cenografia &amp; Figurino, Dire\u00e7\u00e3o, Dramaturgia e Humor<\/figcaption><\/figure>\n<p>O processo seletivo para aulas neste segundo semestre de 2024 da SP Escola de Teatro est\u00e1 aberto. S\u00e3o 66 novas vagas em oito cursos t\u00e9cnicos com dois anos de dura\u00e7\u00e3o cada e aulas gratuitas. O prazo para se inscrever termina \u00e0s 17h do dia 2 de junho, exclusivamente pela internet, no site da Fundatec: <a href=\"https:\/\/www.fundatec.org.br\/\" target=\"_blank\" rel=\"noopener noreferrer\">www.fundatec.org.br<\/a>.<\/p>\n<p>O Centro de Forma\u00e7\u00e3o das Artes do Palco \u00e9 uma institui\u00e7\u00e3o da Secretaria da Cultura, Economia e Ind\u00fastria Criativas do Governo de S\u00e3o Paulo, idealizada e gerida desde 2009 pela Associa\u00e7\u00e3o dos Artistas Amigos da Pra\u00e7a (Adaap).<\/p>\n<p>Dentre as linhas de estudo est\u00e3o: Atua\u00e7\u00e3o, Cenografia &amp; Figurino, Dire\u00e7\u00e3o, Dramaturgia, Humor, Ilumina\u00e7\u00e3o, Sonoplastia e T\u00e9cnicas de Palco. Os estudantes tamb\u00e9m podem aplicar para a bolsa mensal do Programa Oportunidades, o pilar da escola que se baseia na perman\u00eancia estudantil e em projetos sociais de contrapartida.<\/p>\n<p>As aulas do curso t\u00e9cnico acontecem presencialmente nos per\u00edodos matutino (de segunda a sexta, das 9h \u00e0s 13h; com eventuais atividades aos s\u00e1bados); ou vespertino (de segunda a sexta, das 14h30 \u00e0s 18h30; tamb\u00e9m podendo acontecer aos s\u00e1bados), totalizando uma carga hor\u00e1ria de 480h\u00a0 por m\u00f3dulo e 1.920h no total, ap\u00f3s dois anos.<\/p>\n<p>A taxa de inscri\u00e7\u00e3o no edital \u00e9 de R$ 93,50, sendo poss\u00edvel solicitar isen\u00e7\u00e3o ou redu\u00e7\u00e3o do valor, com prazos e regras descritas no edital. Os cursos t\u00e9cnicos da SP Escola de Teatro possuem reconhecimento do Minist\u00e9rio da Educa\u00e7\u00e3o (MEC) e a certifica\u00e7\u00e3o permitir\u00e1 aos estudantes o encaminhamento direto ao Minist\u00e9rio do Trabalho para solicita\u00e7\u00e3o do DRT. H\u00e1 vagas afirmativas para pessoas negras, pessoas com defici\u00eancia e ind\u00edgenas.<\/p>\n<p><strong>Cronograma de sele\u00e7\u00e3o<\/strong><br \/>A sele\u00e7\u00e3o para o curso t\u00e9cnico da SP Escola de Teatro \u00e9 dividida em dois momentos, ambos classificat\u00f3rios e eliminat\u00f3rios. O primeiro momento consiste na participa\u00e7\u00e3o de entrevistas por v\u00eddeo chamada e uma prova de reda\u00e7\u00e3o on-line. Os aprovados seguem para avalia\u00e7\u00f5es espec\u00edficas da \u00e1rea escolhida na inscri\u00e7\u00e3o, com din\u00e2micas que podem ser individuais ou em grupo \u2013 de acordo com as linhas.<\/p>\n<p>O resultado final do Processo Seletivo do segundo semestre de 2024 ser\u00e1 divulgado em 22 de julho, com inicio das matr\u00edculas nos dias 24 e 25 de julho. A data para o come\u00e7o do semestre letivo est\u00e1 programado para 3 de agosto.<\/p>\n<p>Os candidatos devem ficar atentos \u00e0s datas e prazos especificados no edital inicial, al\u00e9m de checar periodicamente a \u00e1rea de editais do site da SP Escola de Teatro para resultados, avisos e novas instru\u00e7\u00f5es, de acordo com os prazos estipulados no edital inaugural. D\u00favidas ou questionamentos devem ser encaminhadas exclusivamente para a Fundatec.<br \/><strong><br \/>Sobre a SP Escola de Teatro<\/strong><br \/>A SP Escola de Teatro \u2013 Centro de Forma\u00e7\u00e3o das Artes do Palco \u00e9 uma institui\u00e7\u00e3o da Secretaria da Cultura, Economia e Ind\u00fastria Criativas do Estado de S\u00e3o Paulo, considerada a maior institui\u00e7\u00e3o educacional de teatro da Am\u00e9rica Latina. Idealizada pela Associa\u00e7\u00e3o dos Artistas Amigos da Pra\u00e7a (ADAAP), institui\u00e7\u00e3o respons\u00e1vel pela gest\u00e3o e organiza\u00e7\u00e3o da escola, tem como objetivo priorit\u00e1rio do projeto a forma\u00e7\u00e3o de artistas nas diversas \u00e1reas das artes do palco: atua\u00e7\u00e3o, cenografia e figurino, dire\u00e7\u00e3o, dramaturgia, humor, ilumina\u00e7\u00e3o, sonoplastia e t\u00e9cnicas de palco.<\/p>\n<p>Desde a sua funda\u00e7\u00e3o, a entidade tem desenvolvido importantes projetos art\u00edsticos e pedag\u00f3gicos relativos ao teatro, audiovisual e \u00e0s artes correlatas. Al\u00e9m disso, ao longo de toda a sua trajet\u00f3ria buscou desenvolver pol\u00edticas inclusivas e de acessibilidade para os setores mais vulner\u00e1veis da sociedade. Ela \u00e9 uma das pioneiras na empregabilidade trans e com cerca de 10% do quadro de colaboradores formado por pessoas que n\u00e3o se identificam com a cisgenaridade.<\/p>\n<p>A programa\u00e7\u00e3o da SP Escola de Teatro converge sempre para a interdisciplinaridade do campo art\u00edstico contempor\u00e2neo por meio de pensamento e investiga\u00e7\u00e3o pr\u00e1tica: na viv\u00eancia global das artes do palco, interc\u00e2mbios culturais, a\u00e7\u00f5es pedag\u00f3gicas e mostras culturais. Promove-se uma nova experi\u00eancia no mercado de trabalho, fortalecendo o tr\u00e2nsito entre \u00e1reas e comunidades tradicionalmente com pouco acesso ao teatro.<\/p>\n<p>Siga o canal \u201cGoverno de S\u00e3o Paulo\u201d no WhatsApp:<br \/><a href=\"https:\/\/bit.ly\/govspnozap\" target=\"_blank\" rel=\"noopener noreferrer\">https:\/\/bit.ly\/govspnozap<\/a><\/p>\n<\/p><\/div>\n<p><br \/>\n<br \/><a href=\"https:\/\/www.saopaulo.sp.gov.br\/spnoticias\/ultimas-noticias\/cultura-sp-escola-de-teatro-abre-66-vagas-nos-cursos-tecnicos-para-o-segundo-semestre\/\" rel=\"noopener\">Informa\u00e7\u00f5es GOV.SP<\/a><\/p>\n","protected":false},"excerpt":{"rendered":"<p>&#13; &#13; &#13; &#13; &#13; Os oito cursos t\u00eam dois anos de dura\u00e7\u00e3o e s\u00e3o totalmente gratuitos; h\u00e1 vagas reservadas para pessoas negras, ind\u00edgenas e com defici\u00eancia &#13; &#13; &#13; &#13; Os estudantes podem se inscrever em cursos nas \u00e1reas de Atua\u00e7\u00e3o, Cenografia &amp; Figurino, Dire\u00e7\u00e3o, Dramaturgia e Humor O processo seletivo para aulas neste [&hellip;]<\/p>\n","protected":false},"author":1,"featured_media":4492,"comment_status":"open","ping_status":"open","sticky":false,"template":"","format":"standard","meta":{"_jetpack_newsletter_access":"","_jetpack_dont_email_post_to_subs":false,"_jetpack_newsletter_tier_id":0,"_jetpack_memberships_contains_paywalled_content":false,"_mbp_banners":[],"_jetpack_feature_clip_id":0,"_jetpack_memberships_contains_paid_content":false,"footnotes":"","jetpack_publicize_message":"","jetpack_publicize_feature_enabled":true,"jetpack_social_post_already_shared":true,"jetpack_social_options":{"image_generator_settings":{"template":"highway","default_image_id":0,"font":"","enabled":false},"version":2},"jetpack_post_was_ever_published":false},"categories":[21],"tags":[],"class_list":["post-4491","post","type-post","status-publish","format-standard","has-post-thumbnail","category-sp-news"],"jetpack_publicize_connections":[],"jetpack-related-posts":[],"jetpack_shortlink":"https:\/\/wp.me\/p7Eq1F-1ar","jetpack_sharing_enabled":true,"jetpack_featured_media_url":"https:\/\/i0.wp.com\/guialimeira.com.br\/news\/wp-content\/uploads\/2024\/05\/SP-Escola-de-Teatro-abre-66-vagas-nos-cursos-tecnicos.png?fit=300%2C170&ssl=1","_links":{"self":[{"href":"https:\/\/guialimeira.com.br\/news\/wp-json\/wp\/v2\/posts\/4491","targetHints":{"allow":["GET"]}}],"collection":[{"href":"https:\/\/guialimeira.com.br\/news\/wp-json\/wp\/v2\/posts"}],"about":[{"href":"https:\/\/guialimeira.com.br\/news\/wp-json\/wp\/v2\/types\/post"}],"author":[{"embeddable":true,"href":"https:\/\/guialimeira.com.br\/news\/wp-json\/wp\/v2\/users\/1"}],"replies":[{"embeddable":true,"href":"https:\/\/guialimeira.com.br\/news\/wp-json\/wp\/v2\/comments?post=4491"}],"version-history":[{"count":0,"href":"https:\/\/guialimeira.com.br\/news\/wp-json\/wp\/v2\/posts\/4491\/revisions"}],"wp:featuredmedia":[{"embeddable":true,"href":"https:\/\/guialimeira.com.br\/news\/wp-json\/wp\/v2\/media\/4492"}],"wp:attachment":[{"href":"https:\/\/guialimeira.com.br\/news\/wp-json\/wp\/v2\/media?parent=4491"}],"wp:term":[{"taxonomy":"category","embeddable":true,"href":"https:\/\/guialimeira.com.br\/news\/wp-json\/wp\/v2\/categories?post=4491"},{"taxonomy":"post_tag","embeddable":true,"href":"https:\/\/guialimeira.com.br\/news\/wp-json\/wp\/v2\/tags?post=4491"}],"curies":[{"name":"wp","href":"https:\/\/api.w.org\/{rel}","templated":true}]}}