{"id":4488,"date":"2024-05-10T08:11:54","date_gmt":"2024-05-10T11:11:54","guid":{"rendered":"https:\/\/guialimeira.com.br\/2024\/05\/10\/ocupacao-e-rendimento-crescem-no-estado-de-sao-paulo-em-2023\/"},"modified":"2024-05-10T08:11:54","modified_gmt":"2024-05-10T11:11:54","slug":"ocupacao-e-rendimento-crescem-no-estado-de-sao-paulo-em-2023","status":"publish","type":"post","link":"https:\/\/guialimeira.com.br\/news\/ocupacao-e-rendimento-crescem-no-estado-de-sao-paulo-em-2023\/","title":{"rendered":"Ocupa\u00e7\u00e3o e rendimento crescem no estado de S\u00e3o Paulo em 2023"},"content":{"rendered":"<p> <br \/>\n<\/p>\n<div id=\"\">&#13;<br \/>\n                                <!-- Title -->&#13;<br \/>\n                                &#13;<br \/>\n&#13;<br \/>\n                                <!-- Excerpt -->&#13;<\/p>\n<p class=\"excerpt\">Maior aumento de ocupados ocorreu nas atividades de alojamento e alimenta\u00e7\u00e3o, agricultura e servi\u00e7os dom\u00e9sticos<\/p>\n<p>&#13;<br \/>\n&#13;<br \/>\n                                &#13;\n                            <\/p><\/div>\n<div id=\"\">&#13;<\/p>\n<p>Levantamento da Funda\u00e7\u00e3o Seade, com base nos dados do IBGE, aponta que a for\u00e7a de trabalho no Estado de S\u00e3o Paulo, estimada em 26,4 milh\u00f5es de pessoas no primeiro trimestre de 2024, cresceu 2,3% entre 2022 e 2023, com aumento de 593 mil pessoas nesse contingente. Em rela\u00e7\u00e3o \u00e0 2022, o rendimento efetivo m\u00e9dio do total dos ocupados, correspondente a R$ 3.677, tamb\u00e9m aumentou 4,7%.<\/p>\n<p>O total estimado de ocupados foi de 24,5 milh\u00f5es de pessoas no ano passado, com amplia\u00e7\u00e3o nas atividades de alojamento e alimenta\u00e7\u00e3o (19,3%); agricultura (18,4%), servi\u00e7os dom\u00e9sticos (12,6%), atividades administrativas e servi\u00e7os relacionados (9,0%), informa\u00e7\u00e3o e comunica\u00e7\u00e3o (8,0%), transporte, armazenagem e correio (6,6%), ind\u00fastria (3,3%) e constru\u00e7\u00e3o (2,2%) e redu\u00e7\u00e3o no com\u00e9rcio (-1,7%). Das 963 mil ocupa\u00e7\u00f5es criadas, 576 mil corresponderam a contribuintes para a previd\u00eancia social (formais) e 387 mil a n\u00e3o contribuintes (informais).<\/p>\n<p>Entre 2022 e 2023, a taxa de desocupa\u00e7\u00e3o diminuiu de 9,1% para 7,5%. Estima-se que 2 milh\u00f5es de pessoas estavam desocupadas em 2023. A taxa composta de subutiliza\u00e7\u00e3o da m\u00e3o de obra reduziu de 17% para 14,7%.<\/p>\n<p>Na regi\u00e3o metropolitana de S\u00e3o Paulo, o cen\u00e1rio positivo se repete com a for\u00e7a de trabalho estimada em 12,7 milh\u00f5es de pessoas em 2023, com acr\u00e9scimo de 315 mil pessoas (2,5%), em compara\u00e7\u00e3o ao ano anterior. A taxa de desocupa\u00e7\u00e3o diminuiu de 10,4% para 9,1% e aumentou 4,5% o rendimento efetivo m\u00e9dio do total dos ocupados (R$ 4.331).<\/p>\n<p>No interior e litoral, o aumento da for\u00e7a de trabalho foi de 2,1%, com estimativa de 13,7 milh\u00f5es de pessoas. O contingente de ocupados cresceu 4,4%, e a taxa de desocupa\u00e7\u00e3o diminuiu de 7,8% para 6,0%. Em rela\u00e7\u00e3o a 2022, o rendimento efetivo m\u00e9dio do total dos ocupados (R$ 3.088) aumentou 5,2%.<\/p>\n<p><strong>Sobre o Seade<\/strong><br \/>H\u00e1 mais de 40 anos, o Sistema Estadual de An\u00e1lise de Dados \u00e9 refer\u00eancia nacional na produ\u00e7\u00e3o e dissemina\u00e7\u00e3o de an\u00e1lises e estat\u00edsticas socioecon\u00f4micas e demogr\u00e1ficas do Estado de S\u00e3o Paulo.<\/p>\n<p>Siga o canal \u201cGoverno de S\u00e3o Paulo\u201d no WhatsApp:<br \/><a href=\"https:\/\/bit.ly\/govspnozap\" target=\"_blank\" rel=\"noopener noreferrer\">https:\/\/bit.ly\/govspnozap<\/a><\/p>\n<\/p><\/div>\n<p><br \/>\n<br \/><a href=\"https:\/\/www.saopaulo.sp.gov.br\/spnoticias\/ultimas-noticias\/ocupacao-e-rendimento-crescem-no-estado-de-sao-paulo-em-2023\/\" rel=\"noopener\">Informa\u00e7\u00f5es GOV.SP<\/a><\/p>\n","protected":false},"excerpt":{"rendered":"<p>&#13; &#13; &#13; &#13; &#13; Maior aumento de ocupados ocorreu nas atividades de alojamento e alimenta\u00e7\u00e3o, agricultura e servi\u00e7os dom\u00e9sticos &#13; &#13; &#13; &#13; Levantamento da Funda\u00e7\u00e3o Seade, com base nos dados do IBGE, aponta que a for\u00e7a de trabalho no Estado de S\u00e3o Paulo, estimada em 26,4 milh\u00f5es de pessoas no primeiro trimestre de [&hellip;]<\/p>\n","protected":false},"author":1,"featured_media":238,"comment_status":"open","ping_status":"open","sticky":false,"template":"","format":"standard","meta":{"_jetpack_newsletter_access":"","_jetpack_dont_email_post_to_subs":false,"_jetpack_newsletter_tier_id":0,"_jetpack_memberships_contains_paywalled_content":false,"_mbp_banners":[],"_jetpack_feature_clip_id":0,"_jetpack_memberships_contains_paid_content":false,"footnotes":"","jetpack_publicize_message":"","jetpack_publicize_feature_enabled":true,"jetpack_social_post_already_shared":true,"jetpack_social_options":{"image_generator_settings":{"template":"highway","default_image_id":0,"font":"","enabled":false},"version":2},"jetpack_post_was_ever_published":false},"categories":[21],"tags":[],"class_list":["post-4488","post","type-post","status-publish","format-standard","has-post-thumbnail","category-sp-news"],"jetpack_publicize_connections":[],"jetpack-related-posts":[],"jetpack_shortlink":"https:\/\/wp.me\/p7Eq1F-1ao","jetpack_sharing_enabled":true,"jetpack_featured_media_url":"https:\/\/i0.wp.com\/guialimeira.com.br\/news\/wp-content\/uploads\/2024\/03\/cover.png?fit=650%2C650&ssl=1","_links":{"self":[{"href":"https:\/\/guialimeira.com.br\/news\/wp-json\/wp\/v2\/posts\/4488","targetHints":{"allow":["GET"]}}],"collection":[{"href":"https:\/\/guialimeira.com.br\/news\/wp-json\/wp\/v2\/posts"}],"about":[{"href":"https:\/\/guialimeira.com.br\/news\/wp-json\/wp\/v2\/types\/post"}],"author":[{"embeddable":true,"href":"https:\/\/guialimeira.com.br\/news\/wp-json\/wp\/v2\/users\/1"}],"replies":[{"embeddable":true,"href":"https:\/\/guialimeira.com.br\/news\/wp-json\/wp\/v2\/comments?post=4488"}],"version-history":[{"count":0,"href":"https:\/\/guialimeira.com.br\/news\/wp-json\/wp\/v2\/posts\/4488\/revisions"}],"wp:featuredmedia":[{"embeddable":true,"href":"https:\/\/guialimeira.com.br\/news\/wp-json\/wp\/v2\/media\/238"}],"wp:attachment":[{"href":"https:\/\/guialimeira.com.br\/news\/wp-json\/wp\/v2\/media?parent=4488"}],"wp:term":[{"taxonomy":"category","embeddable":true,"href":"https:\/\/guialimeira.com.br\/news\/wp-json\/wp\/v2\/categories?post=4488"},{"taxonomy":"post_tag","embeddable":true,"href":"https:\/\/guialimeira.com.br\/news\/wp-json\/wp\/v2\/tags?post=4488"}],"curies":[{"name":"wp","href":"https:\/\/api.w.org\/{rel}","templated":true}]}}