{"id":4451,"date":"2024-05-09T21:00:56","date_gmt":"2024-05-10T00:00:56","guid":{"rendered":"https:\/\/guialimeira.com.br\/2024\/05\/09\/bombeiros-de-sp-resgatam-cavalo-ilhado-no-rio-grande-do-sul\/"},"modified":"2024-05-09T21:00:56","modified_gmt":"2024-05-10T00:00:56","slug":"bombeiros-de-sp-resgatam-cavalo-ilhado-no-rio-grande-do-sul","status":"publish","type":"post","link":"https:\/\/guialimeira.com.br\/news\/bombeiros-de-sp-resgatam-cavalo-ilhado-no-rio-grande-do-sul\/","title":{"rendered":"Bombeiros de SP resgatam cavalo ilhado no Rio Grande do Sul"},"content":{"rendered":"<p> <br \/>\n<\/p>\n<div id=\"\">&#13;<br \/>\n                                <!-- Title -->&#13;<br \/>\n                                &#13;<br \/>\n&#13;<br \/>\n                                <!-- Excerpt -->&#13;<\/p>\n<p class=\"excerpt\">Animal estava no telhado de uma casa h\u00e1 quatro dias e foi acompanhado por veterin\u00e1rios da PM paulista<\/p>\n<p>&#13;<br \/>\n&#13;<br \/>\n                                &#13;\n                            <\/p><\/div>\n<div id=\"\">&#13;<\/p>\n<figure id=\"attachment_5881571\" style=\"width: 100%;max-width: 789px\" class=\"wp-caption alignnone caption-hide\"><img data-recalc-dims=\"1\" decoding=\"async\" loading=\"lazy\" class=\"wp-image-5881571 size-full\" src=\"https:\/\/i0.wp.com\/www.saopaulo.sp.gov.br\/wp-content\/uploads\/2024\/05\/egua-1.png?resize=696%2C446&#038;ssl=1\" alt=\"\" width=\"696\" height=\"446\" srcset=\"https:\/\/www.saopaulo.sp.gov.br\/wp-content\/uploads\/2024\/05\/egua-1.png 789w, https:\/\/www.saopaulo.sp.gov.br\/wp-content\/uploads\/2024\/05\/egua-1-300x192.png 300w, https:\/\/www.saopaulo.sp.gov.br\/wp-content\/uploads\/2024\/05\/egua-1-768x493.png 768w\" sizes=\"auto, (max-width: 789px) 100vw, 789px\"\/><\/figure>\n<p>Bombeiros de S\u00e3o Paulo resgataram o cavalo caramelo na manh\u00e3 desta quinta-feira (9), em Canoas, no Rio Grande do Sul. A equipe do governo paulista foi enviada \u00e0quele estado para ajudar as v\u00edtimas das chuvas que atingem a regi\u00e3o.<\/p>\n<p>O animal estava ilhado h\u00e1 quatro dias no teto de uma casa. A for\u00e7a-tarefa foi montada com a participa\u00e7\u00e3o de veterin\u00e1rios da Pol\u00edcia Militar de SP e foi liderada pelos Bombeiros paulistas. Ainda no per\u00edodo da manh\u00e3, os profissionais se deslocaram at\u00e9 a regi\u00e3o na qual o cavalo estava ilhado.<\/p>\n<p>\u201cO trabalho come\u00e7ou ontem \u00e0 noite, quando recebemos o apoio dos veterin\u00e1rios de S\u00e3o Paulo\u201d, disse o capit\u00e3o Tiago Franco, que liderou a miss\u00e3o de resgate.<\/p>\n<p>Em botes, os bombeiros se aproximaram do animal e fizeram a seda\u00e7\u00e3o. Depois disso, ele foi colocado em um bote para ser levado at\u00e9 um local seguro para receber os cuidados dos veterin\u00e1rios.<\/p>\n<p>O deslocamento, de quase meia hora, foi acompanhado por outros profissionais da PM e do Corpo de Bombeiros de S\u00e3o Paulo. O animal foi hidratado e recebeu os cuidados para o transporte em seguran\u00e7a.<\/p>\n<figure id=\"attachment_5881523\" style=\"width: 100%;max-width: 836px\" class=\"wp-caption alignnone caption-hide\"><img data-recalc-dims=\"1\" decoding=\"async\" loading=\"lazy\" class=\"wp-image-5881523 size-full\" src=\"https:\/\/i0.wp.com\/www.saopaulo.sp.gov.br\/wp-content\/uploads\/2024\/05\/egua.png?resize=696%2C594&#038;ssl=1\" alt=\"\" width=\"696\" height=\"594\" srcset=\"https:\/\/www.saopaulo.sp.gov.br\/wp-content\/uploads\/2024\/05\/egua.png 836w, https:\/\/www.saopaulo.sp.gov.br\/wp-content\/uploads\/2024\/05\/egua-300x256.png 300w, https:\/\/www.saopaulo.sp.gov.br\/wp-content\/uploads\/2024\/05\/egua-768x656.png 768w\" sizes=\"auto, (max-width: 836px) 100vw, 836px\"\/><\/figure>\n<p><strong>Como foi o resgate<\/strong><\/p>\n<p>Tiago Franco informou que logo cedo nove bombeiros em duas embarca\u00e7\u00f5es se deslocaram pelo trecho alagado at\u00e9 encontrar o animal. O cavalo estava a quatro quil\u00f4metros do ponto inicial do alagamento.<\/p>\n<p>O primeiro passo foi se aproximar do animal e realizar a seda\u00e7\u00e3o para evitar que o cavalo se machucasse ou ficasse nervoso com a presen\u00e7a dos humanos. Com o aux\u00edlio de um veterin\u00e1rio, a seda\u00e7\u00e3o foi aplicada.<\/p>\n<p>\u201cQuando chegamos encontramos o animal em uma situa\u00e7\u00e3o debilitada\u201d, conta o capit\u00e3o. \u201cTentamos nos aproximar de maneira calma, fizemos a conten\u00e7\u00e3o f\u00edsica, os veterin\u00e1rios vieram com os medicamentos. Ap\u00f3s a seda\u00e7\u00e3o, deitamos o cavalo numa balsa de salvamento e fizemos a extra\u00e7\u00e3o em seguran\u00e7a.\u201d<\/p>\n<p>O animal, que pesa 350 quilos, foi deitado no bote e seguiu por quase meia hora num percurso de quatro quil\u00f4metros at\u00e9 chegar ao ponto seco da cidade. No local, uma viatura dos Bombeiros de S\u00e3o Paulo puxou o bote at\u00e9 um caminh\u00e3o da Brigada Militar. O animal, ainda sedado, foi levado at\u00e9 um hospital veterin\u00e1rio para receber os cuidados necess\u00e1rios.<\/p>\n<p>As equipes de resgate tiveram d\u00favidas sobre o sexo do animal, Chegou a ser divulgado que se tratava de uma \u00e9gua, mas os Bombeiros confirmaram depois que se tratava de um cavalo.<\/p>\n<\/p><\/div>\n<p><br \/>\n<br \/><a href=\"https:\/\/www.saopaulo.sp.gov.br\/spnoticias\/ultimas-noticias\/bombeiros-de-sp-resgatam-egua-ilhada-no-rio-grande-do-sul\/\" rel=\"noopener\">Informa\u00e7\u00f5es GOV.SP<\/a><\/p>\n","protected":false},"excerpt":{"rendered":"<p>&#13; &#13; &#13; &#13; &#13; Animal estava no telhado de uma casa h\u00e1 quatro dias e foi acompanhado por veterin\u00e1rios da PM paulista &#13; &#13; &#13; &#13; Bombeiros de S\u00e3o Paulo resgataram o cavalo caramelo na manh\u00e3 desta quinta-feira (9), em Canoas, no Rio Grande do Sul. A equipe do governo paulista foi enviada \u00e0quele [&hellip;]<\/p>\n","protected":false},"author":1,"featured_media":4452,"comment_status":"open","ping_status":"open","sticky":false,"template":"","format":"standard","meta":{"_jetpack_newsletter_access":"","_jetpack_dont_email_post_to_subs":false,"_jetpack_newsletter_tier_id":0,"_jetpack_memberships_contains_paywalled_content":false,"_mbp_banners":[],"_jetpack_feature_clip_id":0,"_jetpack_memberships_contains_paid_content":false,"footnotes":"","jetpack_publicize_message":"","jetpack_publicize_feature_enabled":true,"jetpack_social_post_already_shared":true,"jetpack_social_options":{"image_generator_settings":{"template":"highway","default_image_id":0,"font":"","enabled":false},"version":2},"jetpack_post_was_ever_published":false},"categories":[21],"tags":[],"class_list":["post-4451","post","type-post","status-publish","format-standard","has-post-thumbnail","category-sp-news"],"jetpack_publicize_connections":[],"jetpack-related-posts":[],"jetpack_shortlink":"https:\/\/wp.me\/p7Eq1F-19N","jetpack_sharing_enabled":true,"jetpack_featured_media_url":"https:\/\/i0.wp.com\/guialimeira.com.br\/news\/wp-content\/uploads\/2024\/05\/Bombeiros-de-SP-resgatam-cavalo-ilhado-no-Rio-Grande-do.png?fit=789%2C506&ssl=1","_links":{"self":[{"href":"https:\/\/guialimeira.com.br\/news\/wp-json\/wp\/v2\/posts\/4451","targetHints":{"allow":["GET"]}}],"collection":[{"href":"https:\/\/guialimeira.com.br\/news\/wp-json\/wp\/v2\/posts"}],"about":[{"href":"https:\/\/guialimeira.com.br\/news\/wp-json\/wp\/v2\/types\/post"}],"author":[{"embeddable":true,"href":"https:\/\/guialimeira.com.br\/news\/wp-json\/wp\/v2\/users\/1"}],"replies":[{"embeddable":true,"href":"https:\/\/guialimeira.com.br\/news\/wp-json\/wp\/v2\/comments?post=4451"}],"version-history":[{"count":0,"href":"https:\/\/guialimeira.com.br\/news\/wp-json\/wp\/v2\/posts\/4451\/revisions"}],"wp:featuredmedia":[{"embeddable":true,"href":"https:\/\/guialimeira.com.br\/news\/wp-json\/wp\/v2\/media\/4452"}],"wp:attachment":[{"href":"https:\/\/guialimeira.com.br\/news\/wp-json\/wp\/v2\/media?parent=4451"}],"wp:term":[{"taxonomy":"category","embeddable":true,"href":"https:\/\/guialimeira.com.br\/news\/wp-json\/wp\/v2\/categories?post=4451"},{"taxonomy":"post_tag","embeddable":true,"href":"https:\/\/guialimeira.com.br\/news\/wp-json\/wp\/v2\/tags?post=4451"}],"curies":[{"name":"wp","href":"https:\/\/api.w.org\/{rel}","templated":true}]}}