{"id":4447,"date":"2024-05-09T20:58:02","date_gmt":"2024-05-09T23:58:02","guid":{"rendered":"https:\/\/guialimeira.com.br\/2024\/05\/09\/folha-de-pagamento-de-17-setores-sera-reonerada-a-partir-de-2025\/"},"modified":"2024-05-09T20:58:02","modified_gmt":"2024-05-09T23:58:02","slug":"folha-de-pagamento-de-17-setores-sera-reonerada-a-partir-de-2025","status":"publish","type":"post","link":"https:\/\/guialimeira.com.br\/news\/folha-de-pagamento-de-17-setores-sera-reonerada-a-partir-de-2025\/","title":{"rendered":"Folha de pagamento de 17 setores ser\u00e1 reonerada a partir de 2025"},"content":{"rendered":"<p> <br \/>\n<\/p>\n<div>\n<p>Ap\u00f3s um acordo entre o governo, o Congresso Nacional e representantes de 17 setores da economia, a folha de pagamento para essas atividades continuar\u00e1 desonerada neste ano, mas haver\u00e1 al\u00edquotas gradualmente recompostas entre 2025 e 2028.<img data-recalc-dims=\"1\" decoding=\"async\" src=\"https:\/\/i0.wp.com\/agenciabrasil.ebc.com.br\/ebc.png?w=696&#038;ssl=1\" style=\"width:1px; height:1px; display:inline;\"\/><img data-recalc-dims=\"1\" decoding=\"async\" src=\"https:\/\/i0.wp.com\/agenciabrasil.ebc.com.br\/ebc.gif?w=696&#038;ssl=1\" style=\"width:1px; height:1px; display:inline;\"\/><\/p>\n<p>O ministro da Fazenda, Fernando Haddad (foto), detalhou o fechamento do acordo ap\u00f3s reuni\u00e3o com o presidente do Senado, Rodrigo Pacheco, e o l\u00edder do Governo do Senado, Randolfe Rodrigues (sem partido-AP).<\/p>\n<p>\u201cIsso \u00e9 importante porque vamos dar respaldo a uma receita da Previd\u00eancia, e \u00e9 da l\u00f3gica da reforma da Previd\u00eancia o equil\u00edbrio das contas. Quando a gente pega o sacrif\u00edcio de um trabalhador que tem de, \u00e0s vezes, trabalhar um ano, dois anos, tr\u00eas anos a mais, como aconteceu com a reforma da Previd\u00eancia, temos que compreender que, da parte da receita, tem que haver uma correspond\u00eancia do mesmo esfor\u00e7o\u201d, disse Haddad no Senado.<\/p>\n<p>A reonera\u00e7\u00e3o come\u00e7a no pr\u00f3ximo ano, com a contribui\u00e7\u00e3o patronal dos 17 setores \u00e0 Previd\u00eancia Social sendo feita da seguinte forma:<\/p>\n<p>\u2022 \u00a0 \u00a0 2024: desonera\u00e7\u00e3o total;<\/p>\n<p>\u2022 \u00a0 \u00a0 2025: al\u00edquota de 5% sobre a folha de pagamento;<\/p>\n<p>\u2022 \u00a0 \u00a0 2026: al\u00edquota de 10% sobre a folha de pagamento;<\/p>\n<p>\u2022 \u00a0 \u00a0 2027: al\u00edquota de 15% sobre a folha de pagamento;<\/p>\n<p>\u2022 \u00a0 \u00a0 2028: al\u00edquota de 20% sobre a folha de pagamento e fim da desonera\u00e7\u00e3o.<\/p>\n<h2>Modula\u00e7\u00e3o<\/h2>\n<p>Antes de anunciar o acordo no Senado, Haddad se encontrou com os ministros do Supremo Tribunal Federal (STF) Andr\u00e9 Mendon\u00e7a e Luiz Fux. O ministro da Fazenda afirmou que o governo pedir\u00e1 ao Supremo a modula\u00e7\u00e3o da liminar concedida pelo ministro do STF, Cristiano Zanin, que barrou a desonera\u00e7\u00e3o da folha salarial de setores da economia. Por meio da modula\u00e7\u00e3o, o Judici\u00e1rio pode dar aval ao acordo para o encerramento gradual do benef\u00edcio.<\/p>\n<p>Prorrogada at\u00e9 o fim de 2027, ap\u00f3s a aprova\u00e7\u00e3o de um projeto de lei que cinco ministros do Supremo consideraram inconstitucional, a desonera\u00e7\u00e3o da folha de pagamento permite que empresas de 17 setores substituam a contribui\u00e7\u00e3o previdenci\u00e1ria, de 20% sobre a folha de pagamento dos empregados, por uma al\u00edquota de 1% a 4,5% sobre a receita bruta.<\/p>\n<p>Em vigor desde 2012, a desonera\u00e7\u00e3o permite que as empresas dos setores beneficiados contribuam menos para a Previd\u00eancia Social e, em tese, contratem mais trabalhadores.<\/p>\n<p>No fim do ano passado, o Congresso aprovou o projeto de lei que tamb\u00e9m reduziu de 20% para 8% da folha a contribui\u00e7\u00e3o para a Previd\u00eancia Social de pequenos munic\u00edpios. O presidente Luiz In\u00e1cio Lula da Silva vetou o texto, mas o Congresso derrubou o veto no fim do ano passado.<\/p>\n<p>Nos \u00faltimos dias de 2023, o governo editou uma medida provis\u00f3ria revogando a lei aprovada. Por falta de acordo no Congresso para aprovar o texto, o governo concordou em transferir a reonera\u00e7\u00e3o para projetos de lei.<\/p>\n<p>No entanto, no fim de abril, a Advocacia-Geral da Uni\u00e3o recorreu ao Supremo. O ministro Cristiano Zanin, do STF, acatou o pedido de suspens\u00e3o imediata da desonera\u00e7\u00e3o da folha e da ajuda aos pequenos munic\u00edpios. Desde ent\u00e3o, o governo vem tentando chegar a um acordo com os 17 setores da economia.<\/p>\n<\/p><\/div>\n<p><br \/>\n<br \/><a href=\"https:\/\/agenciabrasil.ebc.com.br\/economia\/noticia\/2024-05\/folha-de-pagamento-de-17-setores-sera-reonerada-partir-de-2025\" rel=\"noopener\">Ag\u00eancia Brasil<\/a><\/p>\n","protected":false},"excerpt":{"rendered":"<p>Ap\u00f3s um acordo entre o governo, o Congresso Nacional e representantes de 17 setores da economia, a folha de pagamento para essas atividades continuar\u00e1 desonerada neste ano, mas haver\u00e1 al\u00edquotas gradualmente recompostas entre 2025 e 2028. O ministro da Fazenda, Fernando Haddad (foto), detalhou o fechamento do acordo ap\u00f3s reuni\u00e3o com o presidente do Senado, [&hellip;]<\/p>\n","protected":false},"author":1,"featured_media":4448,"comment_status":"open","ping_status":"open","sticky":false,"template":"","format":"standard","meta":{"_jetpack_newsletter_access":"","_jetpack_dont_email_post_to_subs":false,"_jetpack_newsletter_tier_id":0,"_jetpack_memberships_contains_paywalled_content":false,"_mbp_banners":[],"_jetpack_feature_clip_id":0,"_jetpack_memberships_contains_paid_content":false,"footnotes":"","jetpack_publicize_message":"","jetpack_publicize_feature_enabled":true,"jetpack_social_post_already_shared":true,"jetpack_social_options":{"image_generator_settings":{"template":"highway","default_image_id":0,"font":"","enabled":false},"version":2},"jetpack_post_was_ever_published":false},"categories":[24],"tags":[],"class_list":["post-4447","post","type-post","status-publish","format-standard","has-post-thumbnail","category-economia"],"jetpack_publicize_connections":[],"jetpack-related-posts":[],"jetpack_shortlink":"https:\/\/wp.me\/p7Eq1F-19J","jetpack_sharing_enabled":true,"jetpack_featured_media_url":"https:\/\/i0.wp.com\/guialimeira.com.br\/news\/wp-content\/uploads\/2024\/05\/0d9a5826_0.jpg?fit=1600%2C800&ssl=1","_links":{"self":[{"href":"https:\/\/guialimeira.com.br\/news\/wp-json\/wp\/v2\/posts\/4447","targetHints":{"allow":["GET"]}}],"collection":[{"href":"https:\/\/guialimeira.com.br\/news\/wp-json\/wp\/v2\/posts"}],"about":[{"href":"https:\/\/guialimeira.com.br\/news\/wp-json\/wp\/v2\/types\/post"}],"author":[{"embeddable":true,"href":"https:\/\/guialimeira.com.br\/news\/wp-json\/wp\/v2\/users\/1"}],"replies":[{"embeddable":true,"href":"https:\/\/guialimeira.com.br\/news\/wp-json\/wp\/v2\/comments?post=4447"}],"version-history":[{"count":0,"href":"https:\/\/guialimeira.com.br\/news\/wp-json\/wp\/v2\/posts\/4447\/revisions"}],"wp:featuredmedia":[{"embeddable":true,"href":"https:\/\/guialimeira.com.br\/news\/wp-json\/wp\/v2\/media\/4448"}],"wp:attachment":[{"href":"https:\/\/guialimeira.com.br\/news\/wp-json\/wp\/v2\/media?parent=4447"}],"wp:term":[{"taxonomy":"category","embeddable":true,"href":"https:\/\/guialimeira.com.br\/news\/wp-json\/wp\/v2\/categories?post=4447"},{"taxonomy":"post_tag","embeddable":true,"href":"https:\/\/guialimeira.com.br\/news\/wp-json\/wp\/v2\/tags?post=4447"}],"curies":[{"name":"wp","href":"https:\/\/api.w.org\/{rel}","templated":true}]}}