{"id":4440,"date":"2024-05-09T20:13:44","date_gmt":"2024-05-09T23:13:44","guid":{"rendered":"https:\/\/guialimeira.com.br\/2024\/05\/09\/secretarios-se-reunem-com-promotor-e-alertam-sobre-chacaras-ilegais\/"},"modified":"2024-05-09T20:13:44","modified_gmt":"2024-05-09T23:13:44","slug":"secretarios-se-reunem-com-promotor-e-alertam-sobre-chacaras-ilegais","status":"publish","type":"post","link":"https:\/\/guialimeira.com.br\/news\/secretarios-se-reunem-com-promotor-e-alertam-sobre-chacaras-ilegais\/","title":{"rendered":"Secret\u00e1rios se re\u00fanem com promotor e alertam sobre ch\u00e1caras ilegais"},"content":{"rendered":"<p> <br \/>\n<\/p>\n<div>\n            <main class=\"\">&#13;<br \/>\n                &#13;<br \/>\n&#13;<br \/>\n&#13;<br \/>\n&#13;<br \/>\n    <img data-recalc-dims=\"1\" decoding=\"async\" src=\"https:\/\/i0.wp.com\/ecrie.com.br\/sistema\/conteudos\/imagem\/m_137_0_1_09052024192353.jpg?w=696&#038;ssl=1\" alt=\"Secret\u00e1rios se re\u00fanem com promotor e alertam sobre ch\u00e1caras ilegais\"\/>&#13;<br \/>\n&#13;<\/p>\n<p>Os secret\u00e1rios Matias Razzo (Urbanismo) e Daniel de Campos (Assuntos Jur\u00eddicos) se reuniram na tarde desta quinta-feira (9) com o promotor do Meio Ambiente, Luiz Alberto Segalla Bevilacqua. Na pauta do encontro, estavam as medidas adotadas pela Prefeitura de Limeira em rela\u00e7\u00e3o aos casos de parcelamento ilegal de solo em \u00e1reas rurais do munic\u00edpio &#8211; no caso, a divis\u00e3o de propriedades em ch\u00e1caras de recreio.<br \/>\u00a0Razzo e Daniel refor\u00e7aram para o promotor que o munic\u00edpio vem realizando o embargo de obras e aplicando multas, tanto para os loteadores quanto para pessoas que adquiriram os lotes. Al\u00e9m disso, os secret\u00e1rios lembraram, durante a reuni\u00e3o com o promotor, que o munic\u00edpio vem ingressando com v\u00e1rias a\u00e7\u00f5es na Justi\u00e7a contra o parcelamento ilegal e obteve medida liminar em todas elas com o objetivo de conter a situa\u00e7\u00e3o irregular.\u00a0<br \/>\u00a0O promotor afian\u00e7ou aos secret\u00e1rios que solicitar\u00e1 informa\u00e7\u00f5es quanto \u00e0s a\u00e7\u00f5es para, sendo o caso, adotar medidas pertinentes ao Minist\u00e9rio P\u00fablico.\u00a0<br \/>\u00a0Razzo alerta \u00e0 popula\u00e7\u00e3o a adotar medidas antes de adquirir qualquer \u00e1rea fracionada na zona rural. &#8220;\u00c9 importante que o cidad\u00e3o procure pela Secretaria de Urbanismo, para verificar se a \u00e1rea pela qual ele tem interesse \u00e9 pass\u00edvel de regulariza\u00e7\u00e3o&#8221;, explicou. &#8220;Isso como forma do comprador evitar preju\u00edzo pelo fato de adquirir uma \u00e1rea ilegal&#8221;, complementou. A Secretaria de Urbanismo fica no Edif\u00edcio Prada.<br \/>\u00a0J\u00e1 o secret\u00e1rio de Assuntos Jur\u00eddicos faz um outro alerta. &#8220;Quem n\u00e3o tiver a cautela de verificar a possibilidade de regulariza\u00e7\u00e3o da \u00e1rea poder\u00e1 estar contribuindo com um parcelamento ilegal da propriedade&#8221;, diz Daniel de Campos. &#8220;Na pr\u00e1tica, isso pode implicar na sua responsabiliza\u00e7\u00e3o criminal, juntamente com os parceladores de solo que agem irregularmente&#8221;, afirma.<br \/>\u00a0Daniel e Razzo esclarecem ainda que os n\u00facleos de ch\u00e1caras pass\u00edveis de regulariza\u00e7\u00e3o s\u00e3o aqueles que tiveram sua origem anterior a 2016. J\u00e1 aqueles lan\u00e7ados a partir de 2017 n\u00e3o s\u00e3o pass\u00edveis de regulariza\u00e7\u00e3o.<\/p>\n<p>&#13;<br \/>\n&#13;<br \/>\n&#13;<br \/>\n&#13;<\/p>\n<aside class=\"list-related no-print\">&#13;<br \/>\n        &#13;<br \/>\n&#13;<\/p>\n<article class=\"list-item noticias \">&#13;<br \/>\n                    <a class=\"list-item__img\" href=\"https:\/\/limeira.sp.gov.br\/imprensa\/noticias\/assuntos-juridicos\/prefeitura-avanca-na-extincao-da-emdel-e-mobilidade-urbana-assumira-rodoviaria\" tabindex=\"-1\" aria-hidden=\"true\" rel=\"noopener\">&#13;<br \/>\n                        <img data-recalc-dims=\"1\" decoding=\"async\" src=\"https:\/\/i0.wp.com\/ecrie.com.br\/sistema\/conteudos\/imagem\/m_137_0_1_26032024185930.jpg?w=696&#038;ssl=1\" alt=\"Prefeitura avan\u00e7a na extin\u00e7\u00e3o da Emdel e Mobilidade Urbana assumir\u00e1 Rodovi\u00e1ria\"\/>&#13;<br \/>\n                    <\/a>&#13;<br \/>\n&#13;<br \/>\n                &#13;<br \/>\n            <\/article>\n<p>&#13;<\/p>\n<article class=\"list-item noticias \">&#13;<br \/>\n                    <a class=\"list-item__img\" href=\"https:\/\/limeira.sp.gov.br\/imprensa\/noticias\/urbanismo\/encontro-apresenta-lei-e-esclarece-duvidas-sobre-regularizacao-onerosa-de-imoveis\" tabindex=\"-1\" aria-hidden=\"true\" rel=\"noopener\">&#13;<br \/>\n                        <img data-recalc-dims=\"1\" decoding=\"async\" src=\"https:\/\/i0.wp.com\/ecrie.com.br\/sistema\/conteudos\/imagem\/m_137_0_1_12032024165058.jpg?w=696&#038;ssl=1\" alt=\"Encontro apresenta lei e esclarece d\u00favidas sobre regulariza\u00e7\u00e3o onerosa de im\u00f3veis\"\/>&#13;<br \/>\n                    <\/a>&#13;<br \/>\n&#13;<br \/>\n                &#13;<br \/>\n            <\/article>\n<p>&#13;<\/p>\n<article class=\"list-item noticias \">&#13;<br \/>\n                    <a class=\"list-item__img\" href=\"https:\/\/limeira.sp.gov.br\/imprensa\/noticias\/urbanismo\/prazo-para-pedir-revisao-de-iptu-vai-ate-18-de-marco\" tabindex=\"-1\" aria-hidden=\"true\" rel=\"noopener\">&#13;<br \/>\n                        <img data-recalc-dims=\"1\" decoding=\"async\" src=\"https:\/\/i0.wp.com\/ecrie.com.br\/sistema\/conteudos\/imagem\/m_137_0_1_07032024142631.jpg?w=696&#038;ssl=1\" alt=\"Prazo para pedir revis\u00e3o de IPTU vai at\u00e9 18 de mar\u00e7o\"\/>&#13;<br \/>\n                    <\/a>&#13;<br \/>\n&#13;<br \/>\n                &#13;<br \/>\n            <\/article>\n<p>&#13;<br \/>\n    <\/aside>\n<p>&#13;<br \/>\n&#13;<br \/>\n            <\/main><\/p><\/div>\n<p><br \/>\n<br \/><a href=\"https:\/\/limeira.sp.gov.br\/secretarios-se-reunem-com-promotor-e-alertam-sobre-chacaras-ilegais\" rel=\"noopener\">Informa\u00e7\u00f5es da PML <\/a><\/p>\n","protected":false},"excerpt":{"rendered":"<p>&#13; &#13; &#13; &#13; &#13; &#13; &#13; Os secret\u00e1rios Matias Razzo (Urbanismo) e Daniel de Campos (Assuntos Jur\u00eddicos) se reuniram na tarde desta quinta-feira (9) com o promotor do Meio Ambiente, Luiz Alberto Segalla Bevilacqua. Na pauta do encontro, estavam as medidas adotadas pela Prefeitura de Limeira em rela\u00e7\u00e3o aos casos de parcelamento ilegal de [&hellip;]<\/p>\n","protected":false},"author":1,"featured_media":4441,"comment_status":"open","ping_status":"open","sticky":false,"template":"","format":"standard","meta":{"_jetpack_newsletter_access":"","_jetpack_dont_email_post_to_subs":false,"_jetpack_newsletter_tier_id":0,"_jetpack_memberships_contains_paywalled_content":false,"_mbp_banners":[],"_jetpack_feature_clip_id":0,"_jetpack_memberships_contains_paid_content":false,"footnotes":"","jetpack_publicize_message":"","jetpack_publicize_feature_enabled":true,"jetpack_social_post_already_shared":true,"jetpack_social_options":{"image_generator_settings":{"template":"highway","default_image_id":0,"font":"","enabled":false},"version":2},"jetpack_post_was_ever_published":false},"categories":[16],"tags":[],"class_list":["post-4440","post","type-post","status-publish","format-standard","has-post-thumbnail","category-local"],"jetpack_publicize_connections":[],"jetpack-related-posts":[],"jetpack_shortlink":"https:\/\/wp.me\/p7Eq1F-19C","jetpack_sharing_enabled":true,"jetpack_featured_media_url":"https:\/\/i0.wp.com\/guialimeira.com.br\/news\/wp-content\/uploads\/2024\/05\/m_137_0_1_09052024192353.jpg?fit=900%2C675&ssl=1","_links":{"self":[{"href":"https:\/\/guialimeira.com.br\/news\/wp-json\/wp\/v2\/posts\/4440","targetHints":{"allow":["GET"]}}],"collection":[{"href":"https:\/\/guialimeira.com.br\/news\/wp-json\/wp\/v2\/posts"}],"about":[{"href":"https:\/\/guialimeira.com.br\/news\/wp-json\/wp\/v2\/types\/post"}],"author":[{"embeddable":true,"href":"https:\/\/guialimeira.com.br\/news\/wp-json\/wp\/v2\/users\/1"}],"replies":[{"embeddable":true,"href":"https:\/\/guialimeira.com.br\/news\/wp-json\/wp\/v2\/comments?post=4440"}],"version-history":[{"count":0,"href":"https:\/\/guialimeira.com.br\/news\/wp-json\/wp\/v2\/posts\/4440\/revisions"}],"wp:featuredmedia":[{"embeddable":true,"href":"https:\/\/guialimeira.com.br\/news\/wp-json\/wp\/v2\/media\/4441"}],"wp:attachment":[{"href":"https:\/\/guialimeira.com.br\/news\/wp-json\/wp\/v2\/media?parent=4440"}],"wp:term":[{"taxonomy":"category","embeddable":true,"href":"https:\/\/guialimeira.com.br\/news\/wp-json\/wp\/v2\/categories?post=4440"},{"taxonomy":"post_tag","embeddable":true,"href":"https:\/\/guialimeira.com.br\/news\/wp-json\/wp\/v2\/tags?post=4440"}],"curies":[{"name":"wp","href":"https:\/\/api.w.org\/{rel}","templated":true}]}}