{"id":44271,"date":"2025-09-10T17:07:07","date_gmt":"2025-09-10T20:07:07","guid":{"rendered":"https:\/\/guialimeira.com.br\/?p=44271"},"modified":"2025-09-10T17:07:07","modified_gmt":"2025-09-10T20:07:07","slug":"cordeiropolis-recebe-livros-de-libras-e-fortalece-atendimento-a-educacao-especial-prefeitura-municipal-de-cordeiropolis","status":"publish","type":"post","link":"https:\/\/guialimeira.com.br\/news\/cordeiropolis-recebe-livros-de-libras-e-fortalece-atendimento-a-educacao-especial-prefeitura-municipal-de-cordeiropolis\/","title":{"rendered":"Cordeir\u00f3polis recebe livros de Libras e fortalece atendimento \u00e0 Educa\u00e7\u00e3o Especial \u2013 Prefeitura Municipal de Cordeir\u00f3polis"},"content":{"rendered":"<p> <br \/>\n<\/p>\n<div>\n<p>A Secretaria de Educa\u00e7\u00e3o de Cordeir\u00f3polis recebeu oito kits completos de livros did\u00e1ticos de Libras por meio de uma parceria com o Governo Estadual. Ao todo, s\u00e3o 40 exemplares, que ser\u00e3o direcionados aos Centros de Educa\u00e7\u00e3o Infantil (CEIs) e \u00e0s escolas municipais. Os livros foram apresentados nesta quarta-feira (10) ao Conselho Municipal dos Direitos da Pessoa com Defici\u00eancia.<\/p>\n<p>\u201cN\u00f3s conseguimos esses kits pois temos um Conselho constitu\u00eddo e atuante no munic\u00edpio. Futuramente, nossa cidade receber\u00e1 outros materiais voltados para a Educa\u00e7\u00e3o Especial por meio desta parceria, fortalecendo a inclus\u00e3o e o atendimento a esse setor na rede municipal de ensino\u201d, destacou o coordenador de Educa\u00e7\u00e3o Especial, Marcelo Bretanha.<\/p>\n<\/p><\/div>\n<p><br \/>\n<br \/><a href=\"https:\/\/www.cordeiropolis.sp.gov.br\/cordeiropolis-recebe-livros-de-libras-e-fortalece-atendimento-a-educacao-especial\/\" rel=\"noopener\">Informa\u00e7\u00f5es Cordeir\u00f3polis <\/a><\/p>\n","protected":false},"excerpt":{"rendered":"<p>A Secretaria de Educa\u00e7\u00e3o de Cordeir\u00f3polis recebeu oito kits completos de livros did\u00e1ticos de Libras por meio de uma parceria com o Governo Estadual. Ao todo, s\u00e3o 40 exemplares, que ser\u00e3o direcionados aos Centros de Educa\u00e7\u00e3o Infantil (CEIs) e \u00e0s escolas municipais. Os livros foram apresentados nesta quarta-feira (10) ao Conselho Municipal dos Direitos da [&hellip;]<\/p>\n","protected":false},"author":1,"featured_media":0,"comment_status":"open","ping_status":"open","sticky":false,"template":"","format":"standard","meta":{"_jetpack_newsletter_access":"","_jetpack_dont_email_post_to_subs":false,"_jetpack_newsletter_tier_id":0,"_jetpack_memberships_contains_paywalled_content":false,"_mbp_banners":[],"_jetpack_feature_clip_id":0,"_jetpack_memberships_contains_paid_content":false,"footnotes":"","jetpack_publicize_message":"","jetpack_publicize_feature_enabled":true,"jetpack_social_post_already_shared":true,"jetpack_social_options":{"image_generator_settings":{"template":"highway","default_image_id":0,"font":"","enabled":false},"version":2},"jetpack_post_was_ever_published":false},"categories":[20],"tags":[],"class_list":["post-44271","post","type-post","status-publish","format-standard","category-regiao"],"jetpack_publicize_connections":[],"jetpack-related-posts":[],"jetpack_shortlink":"https:\/\/wp.me\/p7Eq1F-bw3","jetpack_sharing_enabled":true,"jetpack_featured_media_url":"","_links":{"self":[{"href":"https:\/\/guialimeira.com.br\/news\/wp-json\/wp\/v2\/posts\/44271","targetHints":{"allow":["GET"]}}],"collection":[{"href":"https:\/\/guialimeira.com.br\/news\/wp-json\/wp\/v2\/posts"}],"about":[{"href":"https:\/\/guialimeira.com.br\/news\/wp-json\/wp\/v2\/types\/post"}],"author":[{"embeddable":true,"href":"https:\/\/guialimeira.com.br\/news\/wp-json\/wp\/v2\/users\/1"}],"replies":[{"embeddable":true,"href":"https:\/\/guialimeira.com.br\/news\/wp-json\/wp\/v2\/comments?post=44271"}],"version-history":[{"count":1,"href":"https:\/\/guialimeira.com.br\/news\/wp-json\/wp\/v2\/posts\/44271\/revisions"}],"predecessor-version":[{"id":44272,"href":"https:\/\/guialimeira.com.br\/news\/wp-json\/wp\/v2\/posts\/44271\/revisions\/44272"}],"wp:attachment":[{"href":"https:\/\/guialimeira.com.br\/news\/wp-json\/wp\/v2\/media?parent=44271"}],"wp:term":[{"taxonomy":"category","embeddable":true,"href":"https:\/\/guialimeira.com.br\/news\/wp-json\/wp\/v2\/categories?post=44271"},{"taxonomy":"post_tag","embeddable":true,"href":"https:\/\/guialimeira.com.br\/news\/wp-json\/wp\/v2\/tags?post=44271"}],"curies":[{"name":"wp","href":"https:\/\/api.w.org\/{rel}","templated":true}]}}