{"id":4423,"date":"2024-05-09T19:12:46","date_gmt":"2024-05-09T22:12:46","guid":{"rendered":"https:\/\/guialimeira.com.br\/2024\/05\/09\/prefeitura-de-limeira-promove-novo-plantao-neste-sabado-11\/"},"modified":"2024-05-09T19:12:46","modified_gmt":"2024-05-09T22:12:46","slug":"prefeitura-de-limeira-promove-novo-plantao-neste-sabado-11","status":"publish","type":"post","link":"https:\/\/guialimeira.com.br\/news\/prefeitura-de-limeira-promove-novo-plantao-neste-sabado-11\/","title":{"rendered":"Prefeitura de Limeira promove novo plant\u00e3o neste s\u00e1bado (11)"},"content":{"rendered":"<p> <br \/>\n<\/p>\n<div>\n            <main class=\"\">&#13;<br \/>\n                &#13;<br \/>\n&#13;<br \/>\n&#13;<br \/>\n&#13;<br \/>\n    <img data-recalc-dims=\"1\" decoding=\"async\" src=\"https:\/\/i0.wp.com\/ecrie.com.br\/sistema\/conteudos\/imagem\/m_137_3_5_20032023161715.jpg?w=696&#038;ssl=1\" alt=\"Prefeitura de Limeira promove novo plant\u00e3o neste s\u00e1bado (11)\"\/>&#13;<br \/>\n&#13;<\/p>\n<p class=\"western\" style=\"text-align: justify;\" align=\"justify\">A Prefeitura de Limeira promove neste s\u00e1bado (11), das 8h \u00e0s 13h, um novo plant\u00e3o de vacina\u00e7\u00e3o contra Covid-19, gripe, febre amarela e as vacinas previstas no Calend\u00e1rio de Vacina\u00e7\u00e3o. <span lang=\"pt-BR\">Por conta da falta da vacina bivalente, <\/span>n\u00e3o haver\u00e1 <span lang=\"pt-BR\">imuniza\u00e7\u00e3o<\/span> contra Covid-19 para maiores de 12 anos \u2013 o munic\u00edpio n\u00e3o recebeu, ainda, novas doses, que s\u00e3o repassadas pelo Minist\u00e9rio da Sa\u00fade aos Estados e, ent\u00e3o, \u00e0s cidades.<\/p>\n<p>&#13;<\/p>\n<p class=\"western\" style=\"text-align: justify;\" align=\"justify\"><span lang=\"pt-BR\">Ser\u00e3o disponibilizados tr\u00eas locais de imuniza\u00e7\u00e3o. <\/span>A vacina\u00e7\u00e3o contra Covid-19 ser\u00e1 na UBS <span lang=\"pt-BR\">Nova Europa<\/span>, para crian\u00e7as de seis meses a 11 anos. A atualiza\u00e7\u00e3o vacinal e as doses contra a gripe estar\u00e3o dispon\u00edveis nas UBSs <span lang=\"pt-BR\">Nova Europa e Planalto<\/span>. J\u00e1 no drive-thru do Parque Cidade, ser\u00e1 poss\u00edvel se vacinar contra gripe e febre amarela.<\/p>\n<p>&#13;<\/p>\n<p class=\"western\" style=\"text-align: justify;\" align=\"justify\">A Secretaria de Sa\u00fade orienta que \u00e9 necess\u00e1rio apresentar os documentos pessoais, Carteira de Vacina\u00e7\u00e3o, comprovante de resid\u00eancia e Cart\u00e3o SUS. Menores de 18 anos devem estar acompanhados pelos pais ou respons\u00e1veis. A vacina\u00e7\u00e3o da gripe est\u00e1 dispon\u00edvel para toda popula\u00e7\u00e3o maior de 6 meses.<\/p>\n<p>&#13;<\/p>\n<p class=\"western\" style=\"text-align: justify;\" align=\"justify\"><strong>SERVI\u00c7O<\/strong><\/p>\n<p>&#13;<\/p>\n<p class=\"western\" style=\"text-align: justify;\" align=\"justify\"><strong>Plant\u00e3o de vacina\u00e7\u00e3o<\/strong><\/p>\n<p>&#13;<\/p>\n<p class=\"western\" style=\"text-align: justify;\" align=\"justify\">S\u00e1bado, <span lang=\"pt-BR\">11 de maio<\/span>, das 8h \u00e0s 13h<\/p>\n<p>&#13;<\/p>\n<p class=\"western\" style=\"text-align: justify;\" align=\"justify\">UBS Nova Europa \u2013 Rua Dona Eliza Sthalberg, 366 (Covid-19 \u2013 de seis meses a 11 anos, gripe e atualiza\u00e7\u00e3o vacinal)<\/p>\n<p>&#13;<\/p>\n<p class=\"western\" style=\"text-align: justify;\" align=\"justify\">UBS Planalto \u2013 Rua Prof. Hely de Almeida Campos, s\/n\u00ba (gripe e atualiza\u00e7\u00e3o vacinal)<\/p>\n<p>&#13;<\/p>\n<p class=\"western\" style=\"text-align: justify;\" align=\"justify\">Drive-thru do Parque Cidade \u2013 entrada pelo anel vi\u00e1rio (gripe e febre amarela)<\/p>\n<p>&#13;<br \/>\n&#13;<br \/>\n&#13;<br \/>\n&#13;<\/p>\n<aside class=\"list-related no-print\">&#13;<br \/>\n        &#13;<br \/>\n&#13;<\/p>\n<article class=\"list-item noticias \">&#13;<br \/>\n                    <a class=\"list-item__img\" href=\"https:\/\/limeira.sp.gov.br\/imprensa\/noticias\/saude\/situacao-da-dengue-em-limeira-e-atualizada-pela-secretaria-de-saude\" tabindex=\"-1\" aria-hidden=\"true\" rel=\"noopener\">&#13;<br \/>\n                        <img data-recalc-dims=\"1\" decoding=\"async\" src=\"https:\/\/i0.wp.com\/ecrie.com.br\/sistema\/conteudos\/imagem\/m_137_0_1_07052024162306.jpg?w=696&#038;ssl=1\" alt=\"Situa\u00e7\u00e3o da dengue em Limeira \u00e9 atualizada pela Secretaria de Sa\u00fade\"\/>&#13;<br \/>\n                    <\/a>&#13;<br \/>\n&#13;<br \/>\n                &#13;<br \/>\n            <\/article>\n<p>&#13;<\/p>\n<article class=\"list-item noticias \">&#13;<br \/>\n                    <a class=\"list-item__img\" href=\"https:\/\/limeira.sp.gov.br\/imprensa\/noticias\/saude\/ubss-e-centros-comunitarios-vao-receber-doacoes-para-campanha-solidariedade-sem-fronteiras-praca-toledo-barros-tera-drive-thru\" tabindex=\"-1\" aria-hidden=\"true\" rel=\"noopener\">&#13;<br \/>\n                        <img data-recalc-dims=\"1\" decoding=\"async\" src=\"https:\/\/i0.wp.com\/ecrie.com.br\/sistema\/conteudos\/imagem\/m_137_0_1_04052024143014.jpg?w=696&#038;ssl=1\" alt=\"UBSs e Centros Comunit\u00e1rios v\u00e3o receber doa\u00e7\u00f5es para campanha \u201cSolidariedade Sem Fronteiras\u201d; Pra\u00e7a Toledo Barros ter\u00e1 drive-thru\"\/>&#13;<br \/>\n                    <\/a>&#13;<br \/>\n&#13;<br \/>\n                &#13;<br \/>\n            <\/article>\n<p>&#13;<\/p>\n<article class=\"list-item noticias \">&#13;<br \/>\n                    <a class=\"list-item__img\" href=\"https:\/\/limeira.sp.gov.br\/imprensa\/noticias\/saude\/prefeitura-de-limeira-aguarda-envio-de-novas-doses-para-retomar-vacinacao-de-maiores-de-12-anos\" tabindex=\"-1\" aria-hidden=\"true\" rel=\"noopener\">&#13;<br \/>\n                        <img data-recalc-dims=\"1\" decoding=\"async\" src=\"https:\/\/i0.wp.com\/ecrie.com.br\/sistema\/conteudos\/imagem\/m_137_0_1_02032023105323.jpg?w=696&#038;ssl=1\" alt=\"Prefeitura de Limeira aguarda envio de novas doses para retomar vacina\u00e7\u00e3o de maiores de 12 anos\"\/>&#13;<br \/>\n                    <\/a>&#13;<br \/>\n&#13;<br \/>\n                &#13;<br \/>\n            <\/article>\n<p>&#13;<br \/>\n    <\/aside>\n<p>&#13;<br \/>\n&#13;<br \/>\n            <\/main><\/p><\/div>\n<p><br \/>\n<br \/><a href=\"https:\/\/limeira.sp.gov.br\/prefeitura-de-limeira-promove-novo-plantao-neste-sabado-11\" rel=\"noopener\">Informa\u00e7\u00f5es da PML <\/a><\/p>\n","protected":false},"excerpt":{"rendered":"<p>&#13; &#13; &#13; &#13; &#13; &#13; &#13; A Prefeitura de Limeira promove neste s\u00e1bado (11), das 8h \u00e0s 13h, um novo plant\u00e3o de vacina\u00e7\u00e3o contra Covid-19, gripe, febre amarela e as vacinas previstas no Calend\u00e1rio de Vacina\u00e7\u00e3o. Por conta da falta da vacina bivalente, n\u00e3o haver\u00e1 imuniza\u00e7\u00e3o contra Covid-19 para maiores de 12 anos \u2013 [&hellip;]<\/p>\n","protected":false},"author":1,"featured_media":4424,"comment_status":"open","ping_status":"open","sticky":false,"template":"","format":"standard","meta":{"_jetpack_newsletter_access":"","_jetpack_dont_email_post_to_subs":false,"_jetpack_newsletter_tier_id":0,"_jetpack_memberships_contains_paywalled_content":false,"_mbp_banners":[],"_jetpack_feature_clip_id":0,"_jetpack_memberships_contains_paid_content":false,"footnotes":"","jetpack_publicize_message":"","jetpack_publicize_feature_enabled":true,"jetpack_social_post_already_shared":true,"jetpack_social_options":{"image_generator_settings":{"template":"highway","default_image_id":0,"font":"","enabled":false},"version":2},"jetpack_post_was_ever_published":false},"categories":[16],"tags":[],"class_list":["post-4423","post","type-post","status-publish","format-standard","has-post-thumbnail","category-local"],"jetpack_publicize_connections":[],"jetpack-related-posts":[],"jetpack_shortlink":"https:\/\/wp.me\/p7Eq1F-19l","jetpack_sharing_enabled":true,"jetpack_featured_media_url":"https:\/\/i0.wp.com\/guialimeira.com.br\/news\/wp-content\/uploads\/2024\/05\/m_137_3_5_20032023161715.jpg?fit=1280%2C852&ssl=1","_links":{"self":[{"href":"https:\/\/guialimeira.com.br\/news\/wp-json\/wp\/v2\/posts\/4423","targetHints":{"allow":["GET"]}}],"collection":[{"href":"https:\/\/guialimeira.com.br\/news\/wp-json\/wp\/v2\/posts"}],"about":[{"href":"https:\/\/guialimeira.com.br\/news\/wp-json\/wp\/v2\/types\/post"}],"author":[{"embeddable":true,"href":"https:\/\/guialimeira.com.br\/news\/wp-json\/wp\/v2\/users\/1"}],"replies":[{"embeddable":true,"href":"https:\/\/guialimeira.com.br\/news\/wp-json\/wp\/v2\/comments?post=4423"}],"version-history":[{"count":0,"href":"https:\/\/guialimeira.com.br\/news\/wp-json\/wp\/v2\/posts\/4423\/revisions"}],"wp:featuredmedia":[{"embeddable":true,"href":"https:\/\/guialimeira.com.br\/news\/wp-json\/wp\/v2\/media\/4424"}],"wp:attachment":[{"href":"https:\/\/guialimeira.com.br\/news\/wp-json\/wp\/v2\/media?parent=4423"}],"wp:term":[{"taxonomy":"category","embeddable":true,"href":"https:\/\/guialimeira.com.br\/news\/wp-json\/wp\/v2\/categories?post=4423"},{"taxonomy":"post_tag","embeddable":true,"href":"https:\/\/guialimeira.com.br\/news\/wp-json\/wp\/v2\/tags?post=4423"}],"curies":[{"name":"wp","href":"https:\/\/api.w.org\/{rel}","templated":true}]}}