{"id":4421,"date":"2024-05-09T18:59:01","date_gmt":"2024-05-09T21:59:01","guid":{"rendered":"https:\/\/guialimeira.com.br\/2024\/05\/09\/omasp-mais-de-345-mil-estudantes-do-ensino-fundamental-participaram-da-2a-fase\/"},"modified":"2024-05-09T18:59:01","modified_gmt":"2024-05-09T21:59:01","slug":"omasp-mais-de-345-mil-estudantes-do-ensino-fundamental-participaram-da-2a-fase","status":"publish","type":"post","link":"https:\/\/guialimeira.com.br\/news\/omasp-mais-de-345-mil-estudantes-do-ensino-fundamental-participaram-da-2a-fase\/","title":{"rendered":"Omasp: mais de 345 mil estudantes do Ensino Fundamental participaram da 2\u00aa fase"},"content":{"rendered":"<p> <br \/>\n<\/p>\n<div id=\"\">&#13;<br \/>\n                                <!-- Title -->&#13;<br \/>\n                                &#13;<br \/>\n&#13;<br \/>\n                                <!-- Excerpt -->&#13;<\/p>\n<p class=\"excerpt\">Pr\u00f3xima prova est\u00e1 marcada para quinta-feira (9), destinada aos alunos do Ensino M\u00e9dio<\/p>\n<p>&#13;<br \/>\n&#13;<br \/>\n                                &#13;\n                            <\/p><\/div>\n<div id=\"\">&#13;<\/p>\n<figure id=\"attachment_5881650\" style=\"width: 100%;max-width: 800px\" class=\"wp-caption alignnone caption-hide\"><img data-recalc-dims=\"1\" decoding=\"async\" loading=\"lazy\" class=\"wp-image-5881650 size-full\" src=\"https:\/\/i0.wp.com\/www.saopaulo.sp.gov.br\/wp-content\/uploads\/2024\/05\/53705603096_920e3d00b0_c-1.jpg?resize=696%2C499&#038;ssl=1\" alt=\"\" width=\"696\" height=\"499\" srcset=\"https:\/\/www.saopaulo.sp.gov.br\/wp-content\/uploads\/2024\/05\/53705603096_920e3d00b0_c-1.jpg 800w, https:\/\/www.saopaulo.sp.gov.br\/wp-content\/uploads\/2024\/05\/53705603096_920e3d00b0_c-1-300x215.jpg 300w, https:\/\/www.saopaulo.sp.gov.br\/wp-content\/uploads\/2024\/05\/53705603096_920e3d00b0_c-1-768x550.jpg 768w\" sizes=\"auto, (max-width: 800px) 100vw, 800px\"\/><\/figure>\n<p>Mais de 760 mil estudantes participam da segunda fase da Olimp\u00edada de Matem\u00e1tica das Escolas Estaduais de S\u00e3o Paulo (Omasp). A avalia\u00e7\u00e3o acontece em tr\u00eas etapas, destinada a incentivar o ensino e descobrir talentos entre os alunos do Ensino Fundamental e Ensino M\u00e9dio.<\/p>\n<p>A primeira etapa para classifica\u00e7\u00e3o dos alunos ocorre com base nas melhores notas da prova bimestral da Secretaria de Educa\u00e7\u00e3o de S\u00e3o Paulo (Seduc), a Prova Paulista. Com cerca de 30% dos alunos encaminhados para participar da segunda fase, a avalia\u00e7\u00e3o geral.<\/p>\n<p>O primeiro dia de prova da 2\u00aa fase foi realizado na \u00faltima segunda-feira (6), contando com a participa\u00e7\u00e3o de mais de 174 mil alunos matriculados no 6\u00ba e 7\u00ba anos do Ensino Fundamental. Na ter\u00e7a-feira (7), as provas foram destinadas a mais de 169 mil alunos do 8\u00ba e 9\u00ba anos do Ensino Fundamental. Do 6\u00ba ao 9\u00ba ano do Ensino Fundamental, 345 mil alunos j\u00e1 conclu\u00edram a segunda fase da competi\u00e7\u00e3o. Nesta quinta-feira (9) acontece a prova para alunos do Ensino M\u00e9dio.<\/p>\n<p>A prova da Omasp segue o mesmo formato para todos os anos e s\u00e9ries. S\u00e3o 20 quest\u00f5es de m\u00faltipla escolha, de racioc\u00ednio l\u00f3gico, e os estudantes t\u00eam 1h20 para concluir a avalia\u00e7\u00e3o. As provas s\u00e3o acompanhadas por professores do quadro de cada unidade.<\/p>\n<p>Os resultados da Olimp\u00edada devem ser anunciados at\u00e9 a segunda quinzena de maio. Os 125 mil estudantes com melhor desempenho receber\u00e3o medalhas de ouro, prata e bronze, al\u00e9m de camisetas da Omasp.<\/p>\n<p><strong>Veja as fases:<\/strong><br \/><strong>Primeira fase:<\/strong> 2,5 milh\u00f5es de estudantes fazem a Prova Paulista, avalia\u00e7\u00e3o bimestral da Educa\u00e7\u00e3o que classificou os estudantes para a fase 2.<br \/><strong>Segunda fase:<\/strong> 760 mil estudantes fazem a prova da Omasp e concorrem a 125 mil medalhas, entre ouro, prata e bronze.<br \/><strong>Terceira etapa:<\/strong> no segundo semestre, os medalhistas de ouro participar\u00e3o de uma seletiva para aprofundamento do ensino de matem\u00e1tica e prepara\u00e7\u00e3o para a OBM (Olimp\u00edada Brasileira de Matem\u00e1tica).<\/p>\n<\/p><\/div>\n<p><br \/>\n<br \/><a href=\"https:\/\/www.saopaulo.sp.gov.br\/spnoticias\/ultimas-noticias\/omasp-mais-de-345-mil-estudantes-do-ensino-fundamental-participaram-da-2a-fase\/\" rel=\"noopener\">Informa\u00e7\u00f5es GOV.SP<\/a><\/p>\n","protected":false},"excerpt":{"rendered":"<p>&#13; &#13; &#13; &#13; &#13; Pr\u00f3xima prova est\u00e1 marcada para quinta-feira (9), destinada aos alunos do Ensino M\u00e9dio &#13; &#13; &#13; &#13; Mais de 760 mil estudantes participam da segunda fase da Olimp\u00edada de Matem\u00e1tica das Escolas Estaduais de S\u00e3o Paulo (Omasp). A avalia\u00e7\u00e3o acontece em tr\u00eas etapas, destinada a incentivar o ensino e descobrir [&hellip;]<\/p>\n","protected":false},"author":1,"featured_media":4422,"comment_status":"open","ping_status":"open","sticky":false,"template":"","format":"standard","meta":{"_jetpack_newsletter_access":"","_jetpack_dont_email_post_to_subs":false,"_jetpack_newsletter_tier_id":0,"_jetpack_memberships_contains_paywalled_content":false,"_mbp_banners":[],"_jetpack_feature_clip_id":0,"_jetpack_memberships_contains_paid_content":false,"footnotes":"","jetpack_publicize_message":"","jetpack_publicize_feature_enabled":true,"jetpack_social_post_already_shared":true,"jetpack_social_options":{"image_generator_settings":{"template":"highway","default_image_id":0,"font":"","enabled":false},"version":2},"jetpack_post_was_ever_published":false},"categories":[21],"tags":[],"class_list":["post-4421","post","type-post","status-publish","format-standard","has-post-thumbnail","category-sp-news"],"jetpack_publicize_connections":[],"jetpack-related-posts":[],"jetpack_shortlink":"https:\/\/wp.me\/p7Eq1F-19j","jetpack_sharing_enabled":true,"jetpack_featured_media_url":"https:\/\/i0.wp.com\/guialimeira.com.br\/news\/wp-content\/uploads\/2024\/05\/Omasp-mais-de-345-mil-estudantes-do-Ensino-Fundamental-participaram.jpg?fit=800%2C573&ssl=1","_links":{"self":[{"href":"https:\/\/guialimeira.com.br\/news\/wp-json\/wp\/v2\/posts\/4421","targetHints":{"allow":["GET"]}}],"collection":[{"href":"https:\/\/guialimeira.com.br\/news\/wp-json\/wp\/v2\/posts"}],"about":[{"href":"https:\/\/guialimeira.com.br\/news\/wp-json\/wp\/v2\/types\/post"}],"author":[{"embeddable":true,"href":"https:\/\/guialimeira.com.br\/news\/wp-json\/wp\/v2\/users\/1"}],"replies":[{"embeddable":true,"href":"https:\/\/guialimeira.com.br\/news\/wp-json\/wp\/v2\/comments?post=4421"}],"version-history":[{"count":0,"href":"https:\/\/guialimeira.com.br\/news\/wp-json\/wp\/v2\/posts\/4421\/revisions"}],"wp:featuredmedia":[{"embeddable":true,"href":"https:\/\/guialimeira.com.br\/news\/wp-json\/wp\/v2\/media\/4422"}],"wp:attachment":[{"href":"https:\/\/guialimeira.com.br\/news\/wp-json\/wp\/v2\/media?parent=4421"}],"wp:term":[{"taxonomy":"category","embeddable":true,"href":"https:\/\/guialimeira.com.br\/news\/wp-json\/wp\/v2\/categories?post=4421"},{"taxonomy":"post_tag","embeddable":true,"href":"https:\/\/guialimeira.com.br\/news\/wp-json\/wp\/v2\/tags?post=4421"}],"curies":[{"name":"wp","href":"https:\/\/api.w.org\/{rel}","templated":true}]}}