{"id":4417,"date":"2024-05-09T18:55:53","date_gmt":"2024-05-09T21:55:53","guid":{"rendered":"https:\/\/guialimeira.com.br\/2024\/05\/09\/dolar-sobe-para-r-514-um-dia-apos-divisao-no-copom\/"},"modified":"2024-05-09T18:55:53","modified_gmt":"2024-05-09T21:55:53","slug":"dolar-sobe-para-r-514-um-dia-apos-divisao-no-copom","status":"publish","type":"post","link":"https:\/\/guialimeira.com.br\/news\/dolar-sobe-para-r-514-um-dia-apos-divisao-no-copom\/","title":{"rendered":"D\u00f3lar sobe para R$ 5,14 um dia ap\u00f3s divis\u00e3o no Copom"},"content":{"rendered":"<p> <br \/>\n<\/p>\n<div>\n<p>Um dia ap\u00f3s o Comit\u00ea de Pol\u00edtica Monet\u00e1ria (Copom) ficar dividido quanto\u00a0ao ritmo de cortes na Taxa Selic (juros b\u00e1sicos da economia), o mercado financeiro teve uma sess\u00e3o marcada pela instabilidade. O d\u00f3lar teve forte alta, e a bolsa caiu com a redu\u00e7\u00e3o no ritmo da queda de juros.<img data-recalc-dims=\"1\" decoding=\"async\" src=\"https:\/\/i0.wp.com\/agenciabrasil.ebc.com.br\/ebc.png?w=696&#038;ssl=1\" style=\"width:1px; height:1px; display:inline;\"\/><img data-recalc-dims=\"1\" decoding=\"async\" src=\"https:\/\/i0.wp.com\/agenciabrasil.ebc.com.br\/ebc.gif?w=696&#038;ssl=1\" style=\"width:1px; height:1px; display:inline;\"\/><\/p>\n<p>O d\u00f3lar comercial encerrou esta quinta-feira (9) vendido a R$ 5,142, com alta de R$ 0,075 (+1,01%). A cota\u00e7\u00e3o abriu em alta e operou acima de R$ 5,15 durante quase toda a sess\u00e3o, antes de desacelerar perto do fim das negocia\u00e7\u00f5es. Na m\u00e1xima do dia, por volta das 11h, chegou a R$ 5,17.<\/p>\n<p>Apesar da alta desta quinta-feira, a moeda norte-americana cai 0,95% em maio. Em 2024, a divisa acumula valoriza\u00e7\u00e3o de 5,96%.<\/p>\n<p>No mercado de a\u00e7\u00f5es, o dia tamb\u00e9m foi marcado pela turbul\u00eancia. O \u00edndice Ibovespa fechou aos 128.188 pontos, com queda de 1%. As a\u00e7\u00f5es mais afetadas foram as de setores ligados ao consumo, como varejistas e companhias a\u00e9reas, e as de bancos.<\/p>\n<p>Num dia de relativa tranquilidade no exterior, os fatores internos interferiram no mercado financeiro. Em rela\u00e7\u00e3o ao c\u00e2mbio, a reuni\u00e3o dividida no Copom, que cortou a <a href=\"https:\/\/agenciabrasil.ebc.com.br\/economia\/noticia\/2024-05\/copom-reduz-juros-basicos-da-economia-para-105-ao-ano\" target=\"_blank\" rel=\"noopener\">Selic em 0,25 ponto percentual\u00a0por 5 votos a 4<\/a>, foi mal recebida pelos investidores.<\/p>\n<p>O mercado financeiro teme que o BC seja mais leniente no combate \u00e0 infla\u00e7\u00e3o ap\u00f3s os quatro diretores indicados pelo atual governo votarem pela redu\u00e7\u00e3o de 0,5 ponto percentual. No fim do ano, acaba o mandato do atual presidente do \u00f3rg\u00e3o, Roberto Campos Neto, indicado pelo governo anterior e que desempatou a vota\u00e7\u00e3o para o corte de 0,25 ponto.<\/p>\n<p>A redu\u00e7\u00e3o no ritmo de cortes, por outro lado, prejudicou a bolsa de valores. Isso porque os investidores preferem aproveitar a menor velocidade na queda dos juros para tirar dinheiro do mercado de a\u00e7\u00f5es e aplicar em renda fixa, que oferece menos riscos. Ap\u00f3s seis cortes seguidos de 0,5 ponto na Taxa Selic, o Copom cortou apenas 0,25 ponto na reuni\u00e3o de quarta-feira (8).<\/p>\n<p><em>* com informa\u00e7\u00f5es da Reuters<\/em><\/p>\n<\/p><\/div>\n<p><br \/>\n<br \/><a href=\"https:\/\/agenciabrasil.ebc.com.br\/economia\/noticia\/2024-05\/dolar-sobe-para-r-514-um-dia-apos-divisao-no-copom\" rel=\"noopener\">Ag\u00eancia Brasil<\/a><\/p>\n","protected":false},"excerpt":{"rendered":"<p>Um dia ap\u00f3s o Comit\u00ea de Pol\u00edtica Monet\u00e1ria (Copom) ficar dividido quanto\u00a0ao ritmo de cortes na Taxa Selic (juros b\u00e1sicos da economia), o mercado financeiro teve uma sess\u00e3o marcada pela instabilidade. O d\u00f3lar teve forte alta, e a bolsa caiu com a redu\u00e7\u00e3o no ritmo da queda de juros. O d\u00f3lar comercial encerrou esta quinta-feira [&hellip;]<\/p>\n","protected":false},"author":1,"featured_media":4418,"comment_status":"open","ping_status":"open","sticky":false,"template":"","format":"standard","meta":{"_jetpack_newsletter_access":"","_jetpack_dont_email_post_to_subs":false,"_jetpack_newsletter_tier_id":0,"_jetpack_memberships_contains_paywalled_content":false,"_mbp_banners":[],"_jetpack_feature_clip_id":0,"_jetpack_memberships_contains_paid_content":false,"footnotes":"","jetpack_publicize_message":"","jetpack_publicize_feature_enabled":true,"jetpack_social_post_already_shared":true,"jetpack_social_options":{"image_generator_settings":{"template":"highway","default_image_id":0,"font":"","enabled":false},"version":2},"jetpack_post_was_ever_published":false},"categories":[24],"tags":[],"class_list":["post-4417","post","type-post","status-publish","format-standard","has-post-thumbnail","category-economia"],"jetpack_publicize_connections":[],"jetpack-related-posts":[],"jetpack_shortlink":"https:\/\/wp.me\/p7Eq1F-19f","jetpack_sharing_enabled":true,"jetpack_featured_media_url":"https:\/\/i0.wp.com\/guialimeira.com.br\/news\/wp-content\/uploads\/2024\/05\/dolar_moeda_0803221203.jpg?fit=1600%2C800&ssl=1","_links":{"self":[{"href":"https:\/\/guialimeira.com.br\/news\/wp-json\/wp\/v2\/posts\/4417","targetHints":{"allow":["GET"]}}],"collection":[{"href":"https:\/\/guialimeira.com.br\/news\/wp-json\/wp\/v2\/posts"}],"about":[{"href":"https:\/\/guialimeira.com.br\/news\/wp-json\/wp\/v2\/types\/post"}],"author":[{"embeddable":true,"href":"https:\/\/guialimeira.com.br\/news\/wp-json\/wp\/v2\/users\/1"}],"replies":[{"embeddable":true,"href":"https:\/\/guialimeira.com.br\/news\/wp-json\/wp\/v2\/comments?post=4417"}],"version-history":[{"count":0,"href":"https:\/\/guialimeira.com.br\/news\/wp-json\/wp\/v2\/posts\/4417\/revisions"}],"wp:featuredmedia":[{"embeddable":true,"href":"https:\/\/guialimeira.com.br\/news\/wp-json\/wp\/v2\/media\/4418"}],"wp:attachment":[{"href":"https:\/\/guialimeira.com.br\/news\/wp-json\/wp\/v2\/media?parent=4417"}],"wp:term":[{"taxonomy":"category","embeddable":true,"href":"https:\/\/guialimeira.com.br\/news\/wp-json\/wp\/v2\/categories?post=4417"},{"taxonomy":"post_tag","embeddable":true,"href":"https:\/\/guialimeira.com.br\/news\/wp-json\/wp\/v2\/tags?post=4417"}],"curies":[{"name":"wp","href":"https:\/\/api.w.org\/{rel}","templated":true}]}}