{"id":4410,"date":"2024-05-09T18:11:55","date_gmt":"2024-05-09T21:11:55","guid":{"rendered":"https:\/\/guialimeira.com.br\/2024\/05\/09\/rua-adhemar-de-barros-sera-recapeada-a-partir-desta-sexta-feira\/"},"modified":"2024-05-09T18:11:55","modified_gmt":"2024-05-09T21:11:55","slug":"rua-adhemar-de-barros-sera-recapeada-a-partir-desta-sexta-feira","status":"publish","type":"post","link":"https:\/\/guialimeira.com.br\/news\/rua-adhemar-de-barros-sera-recapeada-a-partir-desta-sexta-feira\/","title":{"rendered":"Rua Adhemar de Barros ser\u00e1 recapeada a partir desta sexta-feira"},"content":{"rendered":"<p> <br \/>\n<\/p>\n<div>\n            <main class=\"\">&#13;<br \/>\n                &#13;<br \/>\n&#13;<br \/>\n&#13;<br \/>\n&#13;<br \/>\n    <img data-recalc-dims=\"1\" decoding=\"async\" src=\"https:\/\/i0.wp.com\/ecrie.com.br\/sistema\/conteudos\/imagem\/m_137_0_1_09052024171126.jpg?w=696&#038;ssl=1\" alt=\"Rua Adhemar de Barros ser\u00e1 recapeada a partir desta sexta-feira\"\/>&#13;<br \/>\n&#13;<\/p>\n<p>A Prefeitura de Limeira, por meio da Secretaria de Obras e Servi\u00e7os P\u00fablicos, inicia nesta sexta-feira (9) o recapeamento da Rua Adhemar Pereira de Barros, no Parque Hip\u00f3lito. O trecho a receber o servi\u00e7o tem 1,1 quil\u00f4metro de extens\u00e3o. O valor da a\u00e7\u00e3o \u00e9 de R$ 698 mil, com recursos provenientes de emenda parlamentar do deputado federal Miguel Lombardi. O vereador Helder do T\u00e1xi pleiteou o recapeamento.\u00a0Os trabalhos come\u00e7am \u00e0s 6h e devem terminar na ter\u00e7a-feira (14). No per\u00edodo, a rua ficar\u00e1 interditada, o que causar\u00e1 mudan\u00e7a nas linhas de \u00f4nibus 8B, 8C e 102. A Secretaria de Mobilidade Urbana informa que o ponto da Adhemar Pereira de Barros, com Av. Professor Sebasti\u00e3o Nogueira de Lima, ser\u00e1 alterado para a esquina da Rua Placidina Ferreira Braga.<\/p>\n<p>&#13;<br \/>\n&#13;<br \/>\n&#13;<br \/>\n&#13;<\/p>\n<aside class=\"list-related no-print\">&#13;<br \/>\n        &#13;<br \/>\n&#13;<\/p>\n<article class=\"list-item noticias \">&#13;<br \/>\n                    <a class=\"list-item__img\" href=\"https:\/\/limeira.sp.gov.br\/imprensa\/noticias\/obras-e-servicos-publicos\/estado-repassa-r-8-milhoes-e-prefeitura-fara-o-recapeamento-de-36-vias-do-municipio\" tabindex=\"-1\" aria-hidden=\"true\" rel=\"noopener\">&#13;<br \/>\n                        <img data-recalc-dims=\"1\" decoding=\"async\" src=\"https:\/\/i0.wp.com\/ecrie.com.br\/sistema\/conteudos\/imagem\/m_137_0_1_09052024165815.jpg?w=696&#038;ssl=1\" alt=\"Estado repassa R$ 8 milh\u00f5es e Prefeitura far\u00e1 o recapeamento de 36 vias do munic\u00edpio\"\/>&#13;<br \/>\n                    <\/a>&#13;<br \/>\n&#13;<br \/>\n                &#13;<br \/>\n            <\/article>\n<p>&#13;<\/p>\n<article class=\"list-item noticias \">&#13;<br \/>\n                    <a class=\"list-item__img\" href=\"https:\/\/limeira.sp.gov.br\/imprensa\/noticias\/obras-e-servicos-publicos\/manutencao-interdita-ponte-na-estrada-tatu-balsa-nesta-sexta-feira-10\" tabindex=\"-1\" aria-hidden=\"true\" rel=\"noopener\">&#13;<br \/>\n                        <img data-recalc-dims=\"1\" decoding=\"async\" src=\"https:\/\/i0.wp.com\/ecrie.com.br\/sistema\/conteudos\/imagem\/m_137_0_1_09052024151840.jpg?w=696&#038;ssl=1\" alt=\"Manuten\u00e7\u00e3o interdita ponte na estrada Tatu-Balsa nesta sexta-feira (10)\"\/>&#13;<br \/>\n                    <\/a>&#13;<br \/>\n&#13;<br \/>\n                &#13;<br \/>\n            <\/article>\n<p>&#13;<\/p>\n<article class=\"list-item noticias \">&#13;<br \/>\n                    <a class=\"list-item__img\" href=\"https:\/\/limeira.sp.gov.br\/imprensa\/noticias\/obras-e-servicos-publicos\/alunos-da-fca-unicamp-fazem-visita-tecnica-em-piscinoes-de-limeira\" tabindex=\"-1\" aria-hidden=\"true\" rel=\"noopener\">&#13;<br \/>\n                        <img data-recalc-dims=\"1\" decoding=\"async\" src=\"https:\/\/i0.wp.com\/ecrie.com.br\/sistema\/conteudos\/imagem\/m_137_0_1_07052024164050.jpg?w=696&#038;ssl=1\" alt=\"Alunos da FT Unicamp fazem visita t\u00e9cnica em piscin\u00f5es de Limeira\"\/>&#13;<br \/>\n                    <\/a>&#13;<br \/>\n&#13;<br \/>\n                &#13;<br \/>\n            <\/article>\n<p>&#13;<br \/>\n    <\/aside>\n<p>&#13;<br \/>\n&#13;<br \/>\n            <\/main><\/p><\/div>\n<p><br \/>\n<br \/><a href=\"https:\/\/limeira.sp.gov.br\/rua-adhemar-de-barros-sera-recapeada-a-partir-desta-sexta-feira\" rel=\"noopener\">Informa\u00e7\u00f5es da PML <\/a><\/p>\n","protected":false},"excerpt":{"rendered":"<p>&#13; &#13; &#13; &#13; &#13; &#13; &#13; A Prefeitura de Limeira, por meio da Secretaria de Obras e Servi\u00e7os P\u00fablicos, inicia nesta sexta-feira (9) o recapeamento da Rua Adhemar Pereira de Barros, no Parque Hip\u00f3lito. O trecho a receber o servi\u00e7o tem 1,1 quil\u00f4metro de extens\u00e3o. O valor da a\u00e7\u00e3o \u00e9 de R$ 698 mil, [&hellip;]<\/p>\n","protected":false},"author":1,"featured_media":4411,"comment_status":"open","ping_status":"open","sticky":false,"template":"","format":"standard","meta":{"_jetpack_newsletter_access":"","_jetpack_dont_email_post_to_subs":false,"_jetpack_newsletter_tier_id":0,"_jetpack_memberships_contains_paywalled_content":false,"_mbp_banners":[],"_jetpack_feature_clip_id":0,"_jetpack_memberships_contains_paid_content":false,"footnotes":"","jetpack_publicize_message":"","jetpack_publicize_feature_enabled":true,"jetpack_social_post_already_shared":true,"jetpack_social_options":{"image_generator_settings":{"template":"highway","default_image_id":0,"font":"","enabled":false},"version":2},"jetpack_post_was_ever_published":false},"categories":[16],"tags":[],"class_list":["post-4410","post","type-post","status-publish","format-standard","has-post-thumbnail","category-local"],"jetpack_publicize_connections":[],"jetpack-related-posts":[],"jetpack_shortlink":"https:\/\/wp.me\/p7Eq1F-198","jetpack_sharing_enabled":true,"jetpack_featured_media_url":"https:\/\/i0.wp.com\/guialimeira.com.br\/news\/wp-content\/uploads\/2024\/05\/m_137_0_1_09052024171126.jpg?fit=626%2C351&ssl=1","_links":{"self":[{"href":"https:\/\/guialimeira.com.br\/news\/wp-json\/wp\/v2\/posts\/4410","targetHints":{"allow":["GET"]}}],"collection":[{"href":"https:\/\/guialimeira.com.br\/news\/wp-json\/wp\/v2\/posts"}],"about":[{"href":"https:\/\/guialimeira.com.br\/news\/wp-json\/wp\/v2\/types\/post"}],"author":[{"embeddable":true,"href":"https:\/\/guialimeira.com.br\/news\/wp-json\/wp\/v2\/users\/1"}],"replies":[{"embeddable":true,"href":"https:\/\/guialimeira.com.br\/news\/wp-json\/wp\/v2\/comments?post=4410"}],"version-history":[{"count":0,"href":"https:\/\/guialimeira.com.br\/news\/wp-json\/wp\/v2\/posts\/4410\/revisions"}],"wp:featuredmedia":[{"embeddable":true,"href":"https:\/\/guialimeira.com.br\/news\/wp-json\/wp\/v2\/media\/4411"}],"wp:attachment":[{"href":"https:\/\/guialimeira.com.br\/news\/wp-json\/wp\/v2\/media?parent=4410"}],"wp:term":[{"taxonomy":"category","embeddable":true,"href":"https:\/\/guialimeira.com.br\/news\/wp-json\/wp\/v2\/categories?post=4410"},{"taxonomy":"post_tag","embeddable":true,"href":"https:\/\/guialimeira.com.br\/news\/wp-json\/wp\/v2\/tags?post=4410"}],"curies":[{"name":"wp","href":"https:\/\/api.w.org\/{rel}","templated":true}]}}