{"id":4400,"date":"2024-05-09T17:10:54","date_gmt":"2024-05-09T20:10:54","guid":{"rendered":"https:\/\/guialimeira.com.br\/2024\/05\/09\/estado-repassa-r-8-milhoes-e-prefeitura-fara-o-recapeamento-de-36-vias-do-municipio\/"},"modified":"2024-05-09T17:10:54","modified_gmt":"2024-05-09T20:10:54","slug":"estado-repassa-r-8-milhoes-e-prefeitura-fara-o-recapeamento-de-36-vias-do-municipio","status":"publish","type":"post","link":"https:\/\/guialimeira.com.br\/news\/estado-repassa-r-8-milhoes-e-prefeitura-fara-o-recapeamento-de-36-vias-do-municipio\/","title":{"rendered":"Estado repassa R$ 8 milh\u00f5es e Prefeitura far\u00e1 o recapeamento de 36 vias do munic\u00edpio"},"content":{"rendered":"<p> <br \/>\n<\/p>\n<div id=\"\">&#13;<br \/>\n                &#13;<br \/>\n&#13;<br \/>\n&#13;<br \/>\n&#13;<br \/>\n    <img data-recalc-dims=\"1\" decoding=\"async\" src=\"https:\/\/i0.wp.com\/ecrie.com.br\/sistema\/conteudos\/imagem\/m_137_0_1_09052024165815.jpg?w=696&#038;ssl=1\" alt=\"Estado repassa R$ 8 milh\u00f5es e Prefeitura far\u00e1 o recapeamento de 36 vias do munic\u00edpio\"\/>&#13;<br \/>\n&#13;<\/p>\n<p>O prefeito Mario Botion, a primeira-dama e presidente do Fundo Social de Limeira, Roberta Botion, e a vice-prefeita, Erika Tank, estiveram na manh\u00e3 desta quinta-feira (9), no Pal\u00e1cio dos Bandeirantes, para assinatura de conv\u00eanio na \u00e1rea de infraestrutura urbana, com o governador de S\u00e3o Paulo, Tarc\u00edsio de Freitas. O valor a ser repassado ao munic\u00edpio \u00e9 da ordem de R$ 8 milh\u00f5es e contempla o recapeamento de 36 vias da cidade. O secret\u00e1rio de Governo e Rela\u00e7\u00f5es Institucionais, Gilberto Kassab, o presidente da Assembleia Legislativa, Andr\u00e9 do Prado, deputados federais e estaduais, demais secret\u00e1rios estaduais e representantes de 260 munic\u00edpios contemplados tamb\u00e9m estiveram presentes \u00e0 solenidade.<\/p>\n<p>&#13;<\/p>\n<p>\u201cS\u00e3o 8 milh\u00f5es de reais, recursos importantes para a\u00e7\u00f5es de revitaliza\u00e7\u00e3o e recape de muitas regi\u00f5es da cidade\u201d, destacou Botion. Ao todo, 12 quil\u00f4metros de vias ser\u00e3o beneficiadas. Dentre elas, a Av. Piracicaba e as ruas Brasil, Boa Vista, Presidente Castelo Branco, Maestro Arthur Giambelli, Francisco Stocco, Felipe Burguer, entre outras.<\/p>\n<p>&#13;<\/p>\n<p>Ressaltando as boas rela\u00e7\u00f5es entre o munic\u00edpio e a esfera estadual, Erika Tank comemorou a assinatura do conv\u00eanio. \u201cEstamos avan\u00e7ando cada vez mais, pois os investimentos em infraestrutura ir\u00e3o favorecer a mobilidade urbana do munic\u00edpio\u201d, comentou a vice-prefeita.<\/p>\n<p>&#13;<\/p>\n<p>oberta Botion, por sua vez, falou sobre a parceria entre a Prefeitura de Limeira e o governo de S\u00e3o Paulo, no sentido de viabilizar projetos impactantes para toda popula\u00e7\u00e3o. \u201cEssa \u00e9 mais uma medida relevante para todos os mun\u00edcipes\u201d, afirmou a presidente do Fundo Social.<\/p>\n<p>&#13;<\/p>\n<p>Todos os projetos de recapeamento j\u00e1 foram elaborados pela Secretaria de Obras e Servi\u00e7os P\u00fablicos e \u00a0aprovados pelo governo estadual. Com a libera\u00e7\u00e3o dos recursos, foi dado in\u00edcio ao processo de licita\u00e7\u00e3o. Confira todas as vias que ser\u00e3o contempladas com as melhorias:<\/p>\n<p>&#13;<\/p>\n<p>\u00a0<\/p>\n<p>&#13;<\/p>\n<p>Rua Dr. Arthur Porchat de Assis, Centro<\/p>\n<p>&#13;<\/p>\n<p>Rua Dario Prada, Parque Real<\/p>\n<p>&#13;<\/p>\n<p>Rua Jo\u00e3o Bueno Filho, Jd. Montezuma<\/p>\n<p>&#13;<\/p>\n<p>Rua Brasil, Boa Vista<\/p>\n<p>&#13;<\/p>\n<p>Rua Boa Vista, Boa Vista<\/p>\n<p>&#13;<\/p>\n<p>Rua General Os\u00f3rio, Boa Vista<\/p>\n<p>&#13;<\/p>\n<p>Rua Mario Souza Queiroz, Boa Vista<\/p>\n<p>&#13;<\/p>\n<p>Rua Dr. Uberto Ambruster, Boa Vista<\/p>\n<p>&#13;<\/p>\n<p>Rua Ver. L\u00e1zaro Costa Tank, Jd. Sto. Andr\u00e9<\/p>\n<p>&#13;<\/p>\n<p>Rua Peroba, Vila Queiroz<\/p>\n<p>&#13;<\/p>\n<p>Rua Sebasti\u00e3o Leite de Oliveira, Jd. Cavinato<\/p>\n<p>&#13;<\/p>\n<p>Rua Pres. Humberto Castelo Branco, Jd. Mercedes<\/p>\n<p>&#13;<\/p>\n<p>Rua Sr. Mario Rudge Ramos Parada, Pq. Hip\u00f3lito<\/p>\n<p>&#13;<\/p>\n<p>Rua Gustavo Doria, Nossa Sra. do Amparo<\/p>\n<p>&#13;<\/p>\n<p>Rua Maestro Arthur Giambelli, Vila S\u00e3o Jo\u00e3o<\/p>\n<p>&#13;<\/p>\n<p>Rua Francisco Orlando Stocco, Jd. Ouro Verde<\/p>\n<p>&#13;<\/p>\n<p>Rua Professora Clarice Ap. Mercuri Freire, Jd. Boa Esperan\u00e7a<\/p>\n<p>&#13;<\/p>\n<p>Rua S\u00e3o Jer\u00f4nimo, Boa Vista<\/p>\n<p>&#13;<\/p>\n<p>Rua Mangaratiba, Vila Queiroz<\/p>\n<p>&#13;<\/p>\n<p>Av. Piracicaba, Jd. Piratininga<\/p>\n<p>&#13;<\/p>\n<p>Rua Euclides Xavier de Lima, Jd. Piratininga<\/p>\n<p>&#13;<\/p>\n<p>Rua Pedro Antonio de Barros, Jd. Piratininga<\/p>\n<p>&#13;<\/p>\n<p>Rua Major Antonio Machado de Campos, Jd. Piratininga<\/p>\n<p>&#13;<\/p>\n<p>Rua Felipe Burger, Jd. Santo Andr\u00e9<\/p>\n<p>&#13;<\/p>\n<p>Rua Augusto Jorge, Boa Vista<\/p>\n<p>&#13;<\/p>\n<p>Rua Tabajara, Boa Vista<\/p>\n<p>&#13;<\/p>\n<p>Rua C\u00f4nego Bento, Vila Camargo<\/p>\n<p>&#13;<\/p>\n<p>Rua Luiz Antonio Breda, Vila Camargo<\/p>\n<p>&#13;<\/p>\n<p>Rua Henrique Forster, Boa Vista<\/p>\n<p>&#13;<\/p>\n<p>Rua Benedito Jos\u00e9 Reis, Vila Camargo<\/p>\n<p>&#13;<\/p>\n<p>Rua Eduardo Lucato, Jd. Mercedes<\/p>\n<p>&#13;<\/p>\n<p>Rua Joaquim Bernardo, Jd. Boa Esperan\u00e7a<\/p>\n<p>&#13;<\/p>\n<p>Rua Jo\u00e3o Amato, Jd. S\u00e3o Roque<\/p>\n<p>&#13;<\/p>\n<p>Rua Castro Barreto, Boa Vista<\/p>\n<p>&#13;<\/p>\n<p>Rua Armando Salles, Vila Tank<\/p>\n<p>&#13;<\/p>\n<p>Rua Jo\u00e3o K\u00fchl Filho, Vila S\u00e3o Jo\u00e3o<\/p>\n<p>&#13;<\/p>\n<p>\u00a0<\/p>\n<p>&#13;<br \/>\n&#13;<br \/>\n&#13;<br \/>\n&#13;<\/p>\n<aside class=\"list-related no-print\">&#13;<br \/>\n        &#13;<br \/>\n&#13;<\/p>\n<article class=\"list-item noticias \">&#13;<br \/>\n                    <a class=\"list-item__img\" href=\"https:\/\/limeira.sp.gov.br\/imprensa\/noticias\/obras-e-servicos-publicos\/manutencao-interdita-ponte-na-estrada-tatu-balsa-nesta-sexta-feira-10\" tabindex=\"-1\" aria-hidden=\"true\" rel=\"noopener\">&#13;<br \/>\n                        <img data-recalc-dims=\"1\" decoding=\"async\" src=\"https:\/\/i0.wp.com\/ecrie.com.br\/sistema\/conteudos\/imagem\/m_137_0_1_09052024151840.jpg?w=696&#038;ssl=1\" alt=\"Manuten\u00e7\u00e3o interdita ponte na estrada Tatu-Balsa nesta sexta-feira (10)\"\/>&#13;<br \/>\n                    <\/a>&#13;<br \/>\n&#13;<br \/>\n                &#13;<br \/>\n            <\/article>\n<p>&#13;<\/p>\n<article class=\"list-item noticias \">&#13;<br \/>\n                    <a class=\"list-item__img\" href=\"https:\/\/limeira.sp.gov.br\/imprensa\/noticias\/gabinete-do-prefeito\/espaco-de-esportes-radicais-no-vitorio-lucato-reune-skatistas-em-campeonato\" tabindex=\"-1\" aria-hidden=\"true\" rel=\"noopener\">&#13;<br \/>\n                        <img data-recalc-dims=\"1\" decoding=\"async\" src=\"https:\/\/i0.wp.com\/ecrie.com.br\/sistema\/conteudos\/imagem\/m_137_0_1_08052024173933.png?w=696&#038;ssl=1\" alt=\"Espa\u00e7o de esportes radicais no Vit\u00f3rio Lucato re\u00fane skatistas em campeonato\"\/>&#13;<br \/>\n                    <\/a>&#13;<br \/>\n&#13;<br \/>\n                &#13;<br \/>\n            <\/article>\n<p>&#13;<\/p>\n<article class=\"list-item noticias \">&#13;<br \/>\n                    <a class=\"list-item__img\" href=\"https:\/\/limeira.sp.gov.br\/imprensa\/noticias\/gabinete-do-prefeito\/feira-livre-noturnaestreia-amanha-noestadio-do-limeirao\" tabindex=\"-1\" aria-hidden=\"true\" rel=\"noopener\">&#13;<br \/>\n                        <img data-recalc-dims=\"1\" decoding=\"async\" src=\"https:\/\/i0.wp.com\/ecrie.com.br\/sistema\/conteudos\/imagem\/m_137_0_1_08052024150907.jpg?w=696&#038;ssl=1\" alt=\"Feira Livre Noturna\u00a0estreia amanh\u00e3 no\u00a0Est\u00e1dio do Limeir\u00e3o\"\/>&#13;<br \/>\n                    <\/a>&#13;<br \/>\n&#13;<br \/>\n                &#13;<br \/>\n            <\/article>\n<p>&#13;<br \/>\n    <\/aside>\n<p>&#13;<br \/>\n&#13;\n            <\/p><\/div>\n<p><br \/>\n<br \/><a href=\"https:\/\/limeira.sp.gov.br\/estado-repassa-r-8-milhoes-e-prefeitura-fara-o-recapeamento-de-36-vias-do-municipio\" rel=\"noopener\">Informa\u00e7\u00f5es da PML <\/a><\/p>\n","protected":false},"excerpt":{"rendered":"<p>&#13; &#13; &#13; &#13; &#13; &#13; &#13; O prefeito Mario Botion, a primeira-dama e presidente do Fundo Social de Limeira, Roberta Botion, e a vice-prefeita, Erika Tank, estiveram na manh\u00e3 desta quinta-feira (9), no Pal\u00e1cio dos Bandeirantes, para assinatura de conv\u00eanio na \u00e1rea de infraestrutura urbana, com o governador de S\u00e3o Paulo, Tarc\u00edsio de Freitas. [&hellip;]<\/p>\n","protected":false},"author":1,"featured_media":4401,"comment_status":"open","ping_status":"open","sticky":false,"template":"","format":"standard","meta":{"_jetpack_newsletter_access":"","_jetpack_dont_email_post_to_subs":false,"_jetpack_newsletter_tier_id":0,"_jetpack_memberships_contains_paywalled_content":false,"_mbp_banners":[],"_jetpack_feature_clip_id":0,"_jetpack_memberships_contains_paid_content":false,"footnotes":"","jetpack_publicize_message":"","jetpack_publicize_feature_enabled":true,"jetpack_social_post_already_shared":true,"jetpack_social_options":{"image_generator_settings":{"template":"highway","default_image_id":0,"font":"","enabled":false},"version":2},"jetpack_post_was_ever_published":false},"categories":[16],"tags":[],"class_list":["post-4400","post","type-post","status-publish","format-standard","has-post-thumbnail","category-local"],"jetpack_publicize_connections":[],"jetpack-related-posts":[],"jetpack_shortlink":"https:\/\/wp.me\/p7Eq1F-18Y","jetpack_sharing_enabled":true,"jetpack_featured_media_url":"https:\/\/i0.wp.com\/guialimeira.com.br\/news\/wp-content\/uploads\/2024\/05\/m_137_0_1_09052024165815.jpg?fit=1280%2C852&ssl=1","_links":{"self":[{"href":"https:\/\/guialimeira.com.br\/news\/wp-json\/wp\/v2\/posts\/4400","targetHints":{"allow":["GET"]}}],"collection":[{"href":"https:\/\/guialimeira.com.br\/news\/wp-json\/wp\/v2\/posts"}],"about":[{"href":"https:\/\/guialimeira.com.br\/news\/wp-json\/wp\/v2\/types\/post"}],"author":[{"embeddable":true,"href":"https:\/\/guialimeira.com.br\/news\/wp-json\/wp\/v2\/users\/1"}],"replies":[{"embeddable":true,"href":"https:\/\/guialimeira.com.br\/news\/wp-json\/wp\/v2\/comments?post=4400"}],"version-history":[{"count":0,"href":"https:\/\/guialimeira.com.br\/news\/wp-json\/wp\/v2\/posts\/4400\/revisions"}],"wp:featuredmedia":[{"embeddable":true,"href":"https:\/\/guialimeira.com.br\/news\/wp-json\/wp\/v2\/media\/4401"}],"wp:attachment":[{"href":"https:\/\/guialimeira.com.br\/news\/wp-json\/wp\/v2\/media?parent=4400"}],"wp:term":[{"taxonomy":"category","embeddable":true,"href":"https:\/\/guialimeira.com.br\/news\/wp-json\/wp\/v2\/categories?post=4400"},{"taxonomy":"post_tag","embeddable":true,"href":"https:\/\/guialimeira.com.br\/news\/wp-json\/wp\/v2\/tags?post=4400"}],"curies":[{"name":"wp","href":"https:\/\/api.w.org\/{rel}","templated":true}]}}