{"id":43992,"date":"2025-09-08T12:15:06","date_gmt":"2025-09-08T15:15:06","guid":{"rendered":"https:\/\/guialimeira.com.br\/?p=43992"},"modified":"2025-09-08T12:15:06","modified_gmt":"2025-09-08T15:15:06","slug":"cordeiropolis-reafirma-parceria-com-senai-com-novos-cursos-prefeitura-municipal-de-cordeiropolis","status":"publish","type":"post","link":"https:\/\/guialimeira.com.br\/news\/cordeiropolis-reafirma-parceria-com-senai-com-novos-cursos-prefeitura-municipal-de-cordeiropolis\/","title":{"rendered":"Cordeir\u00f3polis reafirma parceria com Senai com novos cursos \u2013 Prefeitura Municipal de Cordeir\u00f3polis"},"content":{"rendered":"<p> <br \/>\n<\/p>\n<div>\n<p>Cordeir\u00f3polis retomou a parceria com o Senai para realiza\u00e7\u00e3o de cursos gratuitos. O secret\u00e1rio de Desenvolvimento Econ\u00f4mico Sustent\u00e1vel, Roberson Castellar, reuniu-se semana passada com representantes da institui\u00e7\u00e3o para confirmar a parceria. Cinco cursos j\u00e1 est\u00e3o programados e t\u00eam inscri\u00e7\u00f5es abertas no Posto de Atendimento ao Trabalhador (PAT).<\/p>\n<p><strong>Cursos abertos:<\/strong><\/p>\n<p><strong>Microsoft Power BI<\/strong><\/p>\n<p>In\u00edcio: 8\/9<\/p>\n<p>Fim: 25\/9<\/p>\n<p>Aulas: segunda a quinta-feira, das 19h \u00e0s 22h<\/p>\n<p>Local: HUB Cordeir\u00f3polis \u2013 Rua Saldanha Marinho, 311, Centro (sala 2)<\/p>\n<p>Requisitos: 14 anos completos, conclu\u00eddo Ensino Fundamental, conhecimento de inform\u00e1tica b\u00e1sica.<\/p>\n<p><strong>Programa\u00e7\u00e3o e Impress\u00e3o 3D<\/strong><\/p>\n<p>In\u00edcio: 20\/9<\/p>\n<p>Fim: 18\/10<\/p>\n<p>Aulas: s\u00e1bados, das 9h \u00e0s 15h<\/p>\n<p>Local: HUB Cordeir\u00f3polis \u2013 Rua Saldanha Marinho, 311, Centro (sala 2)<\/p>\n<p>Requisitos: 14 anos completos, 4\u00aa s\u00e9rie\/ano do Ensino Fundamental, conhecimento de inform\u00e1tica b\u00e1sica.<\/p>\n<p><strong>Leitura e Interpreta\u00e7\u00e3o de Desenho T\u00e9cnico Mec\u00e2nico<\/strong><\/p>\n<p>In\u00edcio: 24\/9<\/p>\n<p>Fim: 29\/10<\/p>\n<p>Aulas: segunda a quinta-feira, das 19h \u00e0s 22h<\/p>\n<p>Local: PAT Cordeir\u00f3polis \u2013 Avenida Presidente Vargas, 663, Vila Nova Bras\u00edlia<\/p>\n<p>Requisitos: 14 anos completos, conclu\u00edda a 5\u00aa s\u00e9rie do Ensino Fundamental, conhecimento de figuras geom\u00e9tricas.<\/p>\n<p><strong>Fundamentos do Python 1<\/strong><\/p>\n<p>In\u00edcio: 1\/10<\/p>\n<p>Fim: 20\/10<\/p>\n<p>Aulas: segunda a quinta-feira, das 19h \u00e0s 22h<\/p>\n<p>Local: HUB Cordeir\u00f3polis \u2013 Rua Saldanha Marinho, 311, Centro (sala 2)<\/p>\n<p>Requisitos: 14 anos completos, conclu\u00eddo Ensino Fundamental, conhecimento de inform\u00e1tica b\u00e1sica.<\/p>\n<p><strong>T\u00e9cnicas de Manufatura Aditiva: Prototipagem e Impress\u00e3o 3D<\/strong><\/p>\n<p>In\u00edcio: 25\/10<\/p>\n<p>Fim: 6\/12<\/p>\n<p>Aulas: s\u00e1bados, das 9h \u00e0s 15h<\/p>\n<p>Local: HUB Cordeir\u00f3polis \u2013 Rua Saldanha Marinho, 311, Centro (sala 2)<\/p>\n<p>Requisitos: 15 anos completos, 4\u00aa s\u00e9rie\/ano do Ensino Fundamental, conhecimento de desenho t\u00e9cnico e softwares para desenho.<\/p>\n<\/p><\/div>\n<p><br \/>\n<br \/><a href=\"https:\/\/www.cordeiropolis.sp.gov.br\/cordeiropolis-retoma-parceria-com-senai-com-novos-cursos\/\" rel=\"noopener\">Informa\u00e7\u00f5es Cordeir\u00f3polis <\/a><\/p>\n","protected":false},"excerpt":{"rendered":"<p>Cordeir\u00f3polis retomou a parceria com o Senai para realiza\u00e7\u00e3o de cursos gratuitos. O secret\u00e1rio de Desenvolvimento Econ\u00f4mico Sustent\u00e1vel, Roberson Castellar, reuniu-se semana passada com representantes da institui\u00e7\u00e3o para confirmar a parceria. Cinco cursos j\u00e1 est\u00e3o programados e t\u00eam inscri\u00e7\u00f5es abertas no Posto de Atendimento ao Trabalhador (PAT). Cursos abertos: Microsoft Power BI In\u00edcio: 8\/9 Fim: [&hellip;]<\/p>\n","protected":false},"author":1,"featured_media":0,"comment_status":"open","ping_status":"open","sticky":false,"template":"","format":"standard","meta":{"_jetpack_newsletter_access":"","_jetpack_dont_email_post_to_subs":false,"_jetpack_newsletter_tier_id":0,"_jetpack_memberships_contains_paywalled_content":false,"_mbp_banners":[],"_jetpack_feature_clip_id":0,"_jetpack_memberships_contains_paid_content":false,"footnotes":"","jetpack_publicize_message":"","jetpack_publicize_feature_enabled":true,"jetpack_social_post_already_shared":true,"jetpack_social_options":{"image_generator_settings":{"template":"highway","default_image_id":0,"font":"","enabled":false},"version":2},"jetpack_post_was_ever_published":false},"categories":[20],"tags":[],"class_list":["post-43992","post","type-post","status-publish","format-standard","category-regiao"],"jetpack_publicize_connections":[],"jetpack-related-posts":[],"jetpack_shortlink":"https:\/\/wp.me\/p7Eq1F-bry","jetpack_sharing_enabled":true,"jetpack_featured_media_url":"","_links":{"self":[{"href":"https:\/\/guialimeira.com.br\/news\/wp-json\/wp\/v2\/posts\/43992","targetHints":{"allow":["GET"]}}],"collection":[{"href":"https:\/\/guialimeira.com.br\/news\/wp-json\/wp\/v2\/posts"}],"about":[{"href":"https:\/\/guialimeira.com.br\/news\/wp-json\/wp\/v2\/types\/post"}],"author":[{"embeddable":true,"href":"https:\/\/guialimeira.com.br\/news\/wp-json\/wp\/v2\/users\/1"}],"replies":[{"embeddable":true,"href":"https:\/\/guialimeira.com.br\/news\/wp-json\/wp\/v2\/comments?post=43992"}],"version-history":[{"count":1,"href":"https:\/\/guialimeira.com.br\/news\/wp-json\/wp\/v2\/posts\/43992\/revisions"}],"predecessor-version":[{"id":43993,"href":"https:\/\/guialimeira.com.br\/news\/wp-json\/wp\/v2\/posts\/43992\/revisions\/43993"}],"wp:attachment":[{"href":"https:\/\/guialimeira.com.br\/news\/wp-json\/wp\/v2\/media?parent=43992"}],"wp:term":[{"taxonomy":"category","embeddable":true,"href":"https:\/\/guialimeira.com.br\/news\/wp-json\/wp\/v2\/categories?post=43992"},{"taxonomy":"post_tag","embeddable":true,"href":"https:\/\/guialimeira.com.br\/news\/wp-json\/wp\/v2\/tags?post=43992"}],"curies":[{"name":"wp","href":"https:\/\/api.w.org\/{rel}","templated":true}]}}