{"id":4393,"date":"2024-05-09T16:09:45","date_gmt":"2024-05-09T19:09:45","guid":{"rendered":"https:\/\/guialimeira.com.br\/2024\/05\/09\/manutencao-interdita-ponte-na-estrada-tatu-balsa-nesta-sexta-feira-10\/"},"modified":"2024-05-09T16:09:45","modified_gmt":"2024-05-09T19:09:45","slug":"manutencao-interdita-ponte-na-estrada-tatu-balsa-nesta-sexta-feira-10","status":"publish","type":"post","link":"https:\/\/guialimeira.com.br\/news\/manutencao-interdita-ponte-na-estrada-tatu-balsa-nesta-sexta-feira-10\/","title":{"rendered":"Manuten\u00e7\u00e3o interdita ponte na estrada Tatu-Balsa nesta sexta-feira (10)"},"content":{"rendered":"<p> <br \/>\n<\/p>\n<div>\n            <main class=\"\">&#13;<br \/>\n                &#13;<br \/>\n&#13;<br \/>\n&#13;<br \/>\n&#13;<br \/>\n    <img data-recalc-dims=\"1\" decoding=\"async\" src=\"https:\/\/i0.wp.com\/ecrie.com.br\/sistema\/conteudos\/imagem\/m_137_0_1_09052024151840.jpg?w=696&#038;ssl=1\" alt=\"Manuten\u00e7\u00e3o interdita ponte na estrada Tatu-Balsa nesta sexta-feira (10)\"\/>&#13;<br \/>\n&#13;<\/p>\n<p align=\"justify\">A Secretaria de Obras e Servi\u00e7os P\u00fablicos informa que executar\u00e1, nesta sexta-feira (10), servi\u00e7os de manuten\u00e7\u00e3o na segunda ponte (das tr\u00eas da via), pr\u00f3ximo ao Condom\u00ednio Monte Verde, da Estrada Municipal Natalino Spagnol (LIM-379), mais conhecida como Estrada Tatu-Balsa. Por conta disso, haver\u00e1 altera\u00e7\u00e3o no tr\u00e2nsito da regi\u00e3o das 8h \u00e0s 17h. Nas duas extremidades da estrada ser\u00e3o colocadas placas de aviso.<\/p>\n<p>&#13;<\/p>\n<p align=\"justify\">Os acessos somente poder\u00e3o ser feitos at\u00e9 a segunda ponte, tanto para quem vem do Bairro da Balsa como do Bairro do Tatu. Quem for do Bairro do Tatu at\u00e9 o Bairro da Balsa, ou vice-versa, tem a alternativa de utilizar a Estrada da Balsa, constitu\u00edda pelas Estradas Municipais LIM-159 (trecho a partir do Jd. do Lago at\u00e9 a LIM-156), LIM-156 (trecho a partir da LIM-159 at\u00e9 a LIM-387) e a LIM-378 (trecho a partir da LIM-156 at\u00e9 a LIM-379).<\/p>\n<p>&#13;<br \/>\n&#13;<br \/>\n&#13;<br \/>\n&#13;<\/p>\n<aside class=\"list-related no-print\">&#13;<br \/>\n        &#13;<br \/>\n&#13;<\/p>\n<article class=\"list-item noticias \">&#13;<br \/>\n                    <a class=\"list-item__img\" href=\"https:\/\/limeira.sp.gov.br\/imprensa\/noticias\/obras-e-servicos-publicos\/alunos-da-fca-unicamp-fazem-visita-tecnica-em-piscinoes-de-limeira\" tabindex=\"-1\" aria-hidden=\"true\" rel=\"noopener\">&#13;<br \/>\n                        <img data-recalc-dims=\"1\" decoding=\"async\" src=\"https:\/\/i0.wp.com\/ecrie.com.br\/sistema\/conteudos\/imagem\/m_137_0_1_07052024164050.jpg?w=696&#038;ssl=1\" alt=\"Alunos da FT Unicamp fazem visita t\u00e9cnica em piscin\u00f5es de Limeira\"\/>&#13;<br \/>\n                    <\/a>&#13;<br \/>\n&#13;<br \/>\n                &#13;<br \/>\n            <\/article>\n<p>&#13;<\/p>\n<article class=\"list-item noticias \">&#13;<br \/>\n                    <a class=\"list-item__img\" href=\"https:\/\/limeira.sp.gov.br\/imprensa\/noticias\/obras-e-servicos-publicos\/via-santo-antonio-recebe-recapeamento-prefeito-e-vice-prefeita-acompanham-inicio-das-obras\" tabindex=\"-1\" aria-hidden=\"true\" rel=\"noopener\">&#13;<br \/>\n                        <img data-recalc-dims=\"1\" decoding=\"async\" src=\"https:\/\/i0.wp.com\/ecrie.com.br\/sistema\/conteudos\/imagem\/m_137_2_3_02052024171327.jpg?w=696&#038;ssl=1\" alt=\"Via Santo Ant\u00f4nio recebe recapeamento; prefeito e vice-prefeita acompanham in\u00edcio das obras\"\/>&#13;<br \/>\n                    <\/a>&#13;<br \/>\n&#13;<br \/>\n                &#13;<br \/>\n            <\/article>\n<p>&#13;<\/p>\n<article class=\"list-item noticias \">&#13;<br \/>\n                    <a class=\"list-item__img\" href=\"https:\/\/limeira.sp.gov.br\/imprensa\/noticias\/obras-e-servicos-publicos\/obras-do-complexo-viario-paulo-natal-entram-na-reta-final-novo-trecho-sera-aberto-ao-transito-nesta-terca-30\" tabindex=\"-1\" aria-hidden=\"true\" rel=\"noopener\">&#13;<br \/>\n                        <img data-recalc-dims=\"1\" decoding=\"async\" src=\"https:\/\/i0.wp.com\/ecrie.com.br\/sistema\/conteudos\/imagem\/m_137_0_1_29042024181956.jpg?w=696&#038;ssl=1\" alt=\"Obras do complexo vi\u00e1rio Paulo Natal entram na reta final; novo trecho ser\u00e1 aberto ao tr\u00e2nsito nesta ter\u00e7a (30)\"\/>&#13;<br \/>\n                    <\/a>&#13;<br \/>\n&#13;<br \/>\n                &#13;<br \/>\n            <\/article>\n<p>&#13;<br \/>\n    <\/aside>\n<p>&#13;<br \/>\n&#13;<br \/>\n            <\/main><\/p><\/div>\n<p><br \/>\n<br \/><a href=\"https:\/\/limeira.sp.gov.br\/manutencao-interdita-ponte-na-estrada-tatu-balsa-nesta-sexta-feira-10\" rel=\"noopener\">Informa\u00e7\u00f5es da PML <\/a><\/p>\n","protected":false},"excerpt":{"rendered":"<p>&#13; &#13; &#13; &#13; &#13; &#13; &#13; A Secretaria de Obras e Servi\u00e7os P\u00fablicos informa que executar\u00e1, nesta sexta-feira (10), servi\u00e7os de manuten\u00e7\u00e3o na segunda ponte (das tr\u00eas da via), pr\u00f3ximo ao Condom\u00ednio Monte Verde, da Estrada Municipal Natalino Spagnol (LIM-379), mais conhecida como Estrada Tatu-Balsa. Por conta disso, haver\u00e1 altera\u00e7\u00e3o no tr\u00e2nsito da regi\u00e3o [&hellip;]<\/p>\n","protected":false},"author":1,"featured_media":4394,"comment_status":"open","ping_status":"open","sticky":false,"template":"","format":"standard","meta":{"_jetpack_newsletter_access":"","_jetpack_dont_email_post_to_subs":false,"_jetpack_newsletter_tier_id":0,"_jetpack_memberships_contains_paywalled_content":false,"_mbp_banners":[],"_jetpack_feature_clip_id":0,"_jetpack_memberships_contains_paid_content":false,"footnotes":"","jetpack_publicize_message":"","jetpack_publicize_feature_enabled":true,"jetpack_social_post_already_shared":true,"jetpack_social_options":{"image_generator_settings":{"template":"highway","default_image_id":0,"font":"","enabled":false},"version":2},"jetpack_post_was_ever_published":false},"categories":[16],"tags":[],"class_list":["post-4393","post","type-post","status-publish","format-standard","has-post-thumbnail","category-local"],"jetpack_publicize_connections":[],"jetpack-related-posts":[],"jetpack_shortlink":"https:\/\/wp.me\/p7Eq1F-18R","jetpack_sharing_enabled":true,"jetpack_featured_media_url":"https:\/\/i0.wp.com\/guialimeira.com.br\/news\/wp-content\/uploads\/2024\/05\/m_137_0_1_09052024151840.jpg?fit=1250%2C852&ssl=1","_links":{"self":[{"href":"https:\/\/guialimeira.com.br\/news\/wp-json\/wp\/v2\/posts\/4393","targetHints":{"allow":["GET"]}}],"collection":[{"href":"https:\/\/guialimeira.com.br\/news\/wp-json\/wp\/v2\/posts"}],"about":[{"href":"https:\/\/guialimeira.com.br\/news\/wp-json\/wp\/v2\/types\/post"}],"author":[{"embeddable":true,"href":"https:\/\/guialimeira.com.br\/news\/wp-json\/wp\/v2\/users\/1"}],"replies":[{"embeddable":true,"href":"https:\/\/guialimeira.com.br\/news\/wp-json\/wp\/v2\/comments?post=4393"}],"version-history":[{"count":0,"href":"https:\/\/guialimeira.com.br\/news\/wp-json\/wp\/v2\/posts\/4393\/revisions"}],"wp:featuredmedia":[{"embeddable":true,"href":"https:\/\/guialimeira.com.br\/news\/wp-json\/wp\/v2\/media\/4394"}],"wp:attachment":[{"href":"https:\/\/guialimeira.com.br\/news\/wp-json\/wp\/v2\/media?parent=4393"}],"wp:term":[{"taxonomy":"category","embeddable":true,"href":"https:\/\/guialimeira.com.br\/news\/wp-json\/wp\/v2\/categories?post=4393"},{"taxonomy":"post_tag","embeddable":true,"href":"https:\/\/guialimeira.com.br\/news\/wp-json\/wp\/v2\/tags?post=4393"}],"curies":[{"name":"wp","href":"https:\/\/api.w.org\/{rel}","templated":true}]}}