{"id":4383,"date":"2024-05-09T15:08:45","date_gmt":"2024-05-09T18:08:45","guid":{"rendered":"https:\/\/guialimeira.com.br\/2024\/05\/09\/encontro-numismatico-conversa-sobre-historia-e-cultura-neste-sabado-11\/"},"modified":"2024-05-09T15:08:45","modified_gmt":"2024-05-09T18:08:45","slug":"encontro-numismatico-conversa-sobre-historia-e-cultura-neste-sabado-11","status":"publish","type":"post","link":"https:\/\/guialimeira.com.br\/news\/encontro-numismatico-conversa-sobre-historia-e-cultura-neste-sabado-11\/","title":{"rendered":"Encontro Numism\u00e1tico conversa sobre hist\u00f3ria e cultura, neste s\u00e1bado (11)"},"content":{"rendered":"<p> <br \/>\n<\/p>\n<div>\n            <main class=\"\">&#13;<br \/>\n                &#13;<br \/>\n&#13;<br \/>\n&#13;<br \/>\n&#13;<br \/>\n    <img data-recalc-dims=\"1\" decoding=\"async\" src=\"https:\/\/i0.wp.com\/ecrie.com.br\/sistema\/conteudos\/imagem\/m_137_0_1_09052024144042.jpg?w=696&#038;ssl=1\" alt=\"Encontro Numism\u00e1tico conversa sobre hist\u00f3ria e cultura, neste s\u00e1bado (11)\"\/>&#13;<br \/>\n&#13;<\/p>\n<p dir=\"ltr\" style=\"text-align: justify;\">Neste s\u00e1bado (11), acontece o\u00a0Encontro Numism\u00e1tico, no Anfiteatro Dr. Olindo de Luca da Biblioteca Municipal, \u00e0s 10h. A realiza\u00e7\u00e3o \u00e9 do Grupo Numism\u00e1tica Limeira com apoio da Prefeitura de Limeira, por meio da Secretaria de Cultura.<\/p>\n<p>&#13;<\/p>\n<p dir=\"ltr\" style=\"text-align: justify;\">O encontro \u00e9 aberto, voltado para os interessados por hist\u00f3ria, cultura e o sistema monet\u00e1rio em diferentes regi\u00f5es e \u00e9pocas. A conversa faz estudos a fim de preservar a hist\u00f3ria, arte e cultura atrav\u00e9s dos sistemas monet\u00e1rios que tiveram in\u00edcio cerca de 2700 anos atr\u00e1s.<\/p>\n<p>&#13;<\/p>\n<p dir=\"ltr\" style=\"text-align: justify;\">O anfiteatro fica no Parque Cidade.<\/p>\n<p>&#13;<br \/>\n&#13;<br \/>\n&#13;<br \/>\n&#13;<\/p>\n<aside class=\"list-related no-print\">&#13;<br \/>\n        &#13;<br \/>\n&#13;<\/p>\n<article class=\"list-item noticias \">&#13;<br \/>\n                    <a class=\"list-item__img\" href=\"https:\/\/limeira.sp.gov.br\/imprensa\/noticias\/cultura\/orquestra-sinfonica-apresenta-concerto-das-maes-nesta-sexta-10\" tabindex=\"-1\" aria-hidden=\"true\" rel=\"noopener\">&#13;<br \/>\n                        <img data-recalc-dims=\"1\" decoding=\"async\" src=\"https:\/\/i0.wp.com\/ecrie.com.br\/sistema\/conteudos\/imagem\/m_137_0_1_09052024102555.jpeg?w=696&#038;ssl=1\" alt=\"Orquestra Sinf\u00f4nica apresenta \u201cConcerto das M\u00e3es\u201d nesta sexta (10)\"\/>&#13;<br \/>\n                    <\/a>&#13;<br \/>\n&#13;<br \/>\n                &#13;<br \/>\n            <\/article>\n<p>&#13;<\/p>\n<article class=\"list-item noticias \">&#13;<br \/>\n                    <a class=\"list-item__img\" href=\"https:\/\/limeira.sp.gov.br\/imprensa\/noticias\/cultura\/escola-de-cultura-e-artes-da-prefeitura-prepara-homenagem-para-elas-nesta-sexta-10\" tabindex=\"-1\" aria-hidden=\"true\" rel=\"noopener\">&#13;<br \/>\n                        <img data-recalc-dims=\"1\" decoding=\"async\" src=\"https:\/\/i0.wp.com\/ecrie.com.br\/sistema\/conteudos\/imagem\/m_137_0_1_09052024102417.jpeg?w=696&#038;ssl=1\" alt=\"Escola de Cultura e Artes da Prefeitura prepara \u201cHomenagem para Elas\u201d nesta sexta (10)\"\/>&#13;<br \/>\n                    <\/a>&#13;<br \/>\n&#13;<br \/>\n                &#13;<br \/>\n            <\/article>\n<p>&#13;<\/p>\n<article class=\"list-item noticias \">&#13;<br \/>\n                    <a class=\"list-item__img\" href=\"https:\/\/limeira.sp.gov.br\/imprensa\/noticias\/cultura\/oficina-gratuita-de-cinema-analisa-obras-de-charlie-chaplin-nesta-sexta-10\" tabindex=\"-1\" aria-hidden=\"true\" rel=\"noopener\">&#13;<br \/>\n                        <img data-recalc-dims=\"1\" decoding=\"async\" src=\"https:\/\/i0.wp.com\/ecrie.com.br\/sistema\/conteudos\/imagem\/m_137_0_1_08052024143213.jpeg?w=696&#038;ssl=1\" alt=\"Oficina gratuita de cinema analisa obras de Charlie Chaplin, nesta sexta (10)\"\/>&#13;<br \/>\n                    <\/a>&#13;<br \/>\n&#13;<br \/>\n                &#13;<br \/>\n            <\/article>\n<p>&#13;<br \/>\n    <\/aside>\n<p>&#13;<br \/>\n&#13;<br \/>\n            <\/main><\/p><\/div>\n<p><br \/>\n<br \/><a href=\"https:\/\/limeira.sp.gov.br\/encontro-numismatico-conversa-sobre-historia-e-cultura-neste-sabado-11\" rel=\"noopener\">Informa\u00e7\u00f5es da PML <\/a><\/p>\n","protected":false},"excerpt":{"rendered":"<p>&#13; &#13; &#13; &#13; &#13; &#13; &#13; Neste s\u00e1bado (11), acontece o\u00a0Encontro Numism\u00e1tico, no Anfiteatro Dr. Olindo de Luca da Biblioteca Municipal, \u00e0s 10h. A realiza\u00e7\u00e3o \u00e9 do Grupo Numism\u00e1tica Limeira com apoio da Prefeitura de Limeira, por meio da Secretaria de Cultura. &#13; O encontro \u00e9 aberto, voltado para os interessados por hist\u00f3ria, cultura [&hellip;]<\/p>\n","protected":false},"author":1,"featured_media":4384,"comment_status":"open","ping_status":"open","sticky":false,"template":"","format":"standard","meta":{"_jetpack_newsletter_access":"","_jetpack_dont_email_post_to_subs":false,"_jetpack_newsletter_tier_id":0,"_jetpack_memberships_contains_paywalled_content":false,"_mbp_banners":[],"_jetpack_feature_clip_id":0,"_jetpack_memberships_contains_paid_content":false,"footnotes":"","jetpack_publicize_message":"","jetpack_publicize_feature_enabled":true,"jetpack_social_post_already_shared":true,"jetpack_social_options":{"image_generator_settings":{"template":"highway","default_image_id":0,"font":"","enabled":false},"version":2},"jetpack_post_was_ever_published":false},"categories":[16],"tags":[],"class_list":["post-4383","post","type-post","status-publish","format-standard","has-post-thumbnail","category-local"],"jetpack_publicize_connections":[],"jetpack-related-posts":[],"jetpack_shortlink":"https:\/\/wp.me\/p7Eq1F-18H","jetpack_sharing_enabled":true,"jetpack_featured_media_url":"https:\/\/i0.wp.com\/guialimeira.com.br\/news\/wp-content\/uploads\/2024\/05\/m_137_0_1_09052024144042.jpg?fit=900%2C642&ssl=1","_links":{"self":[{"href":"https:\/\/guialimeira.com.br\/news\/wp-json\/wp\/v2\/posts\/4383","targetHints":{"allow":["GET"]}}],"collection":[{"href":"https:\/\/guialimeira.com.br\/news\/wp-json\/wp\/v2\/posts"}],"about":[{"href":"https:\/\/guialimeira.com.br\/news\/wp-json\/wp\/v2\/types\/post"}],"author":[{"embeddable":true,"href":"https:\/\/guialimeira.com.br\/news\/wp-json\/wp\/v2\/users\/1"}],"replies":[{"embeddable":true,"href":"https:\/\/guialimeira.com.br\/news\/wp-json\/wp\/v2\/comments?post=4383"}],"version-history":[{"count":0,"href":"https:\/\/guialimeira.com.br\/news\/wp-json\/wp\/v2\/posts\/4383\/revisions"}],"wp:featuredmedia":[{"embeddable":true,"href":"https:\/\/guialimeira.com.br\/news\/wp-json\/wp\/v2\/media\/4384"}],"wp:attachment":[{"href":"https:\/\/guialimeira.com.br\/news\/wp-json\/wp\/v2\/media?parent=4383"}],"wp:term":[{"taxonomy":"category","embeddable":true,"href":"https:\/\/guialimeira.com.br\/news\/wp-json\/wp\/v2\/categories?post=4383"},{"taxonomy":"post_tag","embeddable":true,"href":"https:\/\/guialimeira.com.br\/news\/wp-json\/wp\/v2\/tags?post=4383"}],"curies":[{"name":"wp","href":"https:\/\/api.w.org\/{rel}","templated":true}]}}