{"id":43777,"date":"2025-09-05T17:09:08","date_gmt":"2025-09-05T20:09:08","guid":{"rendered":"https:\/\/guialimeira.com.br\/?p=43777"},"modified":"2025-09-05T17:09:08","modified_gmt":"2025-09-05T20:09:08","slug":"ato-civico-marca-celebracao-da-independencia-em-cordeiropolis-prefeitura-municipal-de-cordeiropolis","status":"publish","type":"post","link":"https:\/\/guialimeira.com.br\/news\/ato-civico-marca-celebracao-da-independencia-em-cordeiropolis-prefeitura-municipal-de-cordeiropolis\/","title":{"rendered":"Ato c\u00edvico marca celebra\u00e7\u00e3o da Independ\u00eancia em Cordeir\u00f3polis \u2013 Prefeitura Municipal de Cordeir\u00f3polis"},"content":{"rendered":"<p> <br \/>\n<\/p>\n<div>\n<p>A Prefeitura de Cordeir\u00f3polis realizou nesta sexta-feira (5) um ato c\u00edvico em celebra\u00e7\u00e3o ao Dia da Independ\u00eancia do Brasil. O evento aconteceu na Pra\u00e7a Comendador Jamil Abrah\u00e3o Saad, no Centro, e contou com a presen\u00e7a de estudantes da rede municipal e estadual, pessoas atendidas pela Apae, servidores, autoridades municipais e religiosas e a popula\u00e7\u00e3o em geral.<\/p>\n<p>Durante a solenidade foram entoados o Hino Nacional e o Hino da Independ\u00eancia, em um momento marcado pelo esp\u00edrito de patriotismo e civismo. A prefeita Cristina Saad e o vice-prefeito Anderson Hespanhol Pique acompanharam a cerim\u00f4nia ao lado do presidente da C\u00e2mara, vereador Paulo Morais, e os vereadores Deize Bettin, Vilson Caleffi, Valmir Sanches, Diego Fabiano, C\u00edcero da Silva, Rapoz\u00e3o, Sidnei Gambaro e Rozimar Rodrigues.<\/p>\n<p>\u201cFoi emocionante ver a pra\u00e7a repleta de crian\u00e7as celebrando o amor \u00e0 p\u00e1tria. Me vejo nelas, quando tamb\u00e9m aprendi em sala de aula sobre a hist\u00f3ria do Brasil e o valor do patriotismo. \u00c9 nessas pequenas grandes li\u00e7\u00f5es que fortalecemos o futuro. Que esse evento se torne tradi\u00e7\u00e3o em nosso munic\u00edpio\u201d, declarou a prefeita Cristina Saad.<\/p>\n<figure class=\"wp-block-gallery has-nested-images columns-default is-cropped wp-block-gallery-1 is-layout-flex wp-block-gallery-is-layout-flex\">\n<figure class=\"wp-block-image size-large\"><\/figure>\n<figure class=\"wp-block-image size-large\"><img data-recalc-dims=\"1\" decoding=\"async\" loading=\"lazy\" width=\"696\" height=\"392\" data-id=\"31172\" src=\"https:\/\/i0.wp.com\/guialimeira.com.br\/wp-content\/uploads\/2025\/09\/1757102947_698_Ato-civico-marca-celebracao-da-Independencia-em-Cordeiropolis-%E2%80%93-Prefeitura.jpg?resize=696%2C392&#038;ssl=1\" alt=\"\" class=\"wp-image-31172\" \/><\/figure>\n<figure class=\"wp-block-image size-large\"><img data-recalc-dims=\"1\" decoding=\"async\" loading=\"lazy\" width=\"696\" height=\"392\" data-id=\"31171\" src=\"https:\/\/i0.wp.com\/guialimeira.com.br\/wp-content\/uploads\/2025\/09\/1757102947_78_Ato-civico-marca-celebracao-da-Independencia-em-Cordeiropolis-%E2%80%93-Prefeitura.jpg?resize=696%2C392&#038;ssl=1\" alt=\"\" class=\"wp-image-31171\" \/><\/figure>\n<figure class=\"wp-block-image size-large\"><img data-recalc-dims=\"1\" decoding=\"async\" data-attachment-id=\"31170\" data-permalink=\"https:\/\/guialimeira.com.br\/news\/glauber-braga-recorre-a-ccj-contra-processo-de-cassacao-do-mandato\/lula1948-12-jpg-2\/\" data-orig-file=\"https:\/\/i0.wp.com\/guialimeira.com.br\/news\/wp-content\/uploads\/2025\/04\/lula1948-12.jpg?fit=1600%2C800&amp;ssl=1\" data-orig-size=\"1600,800\" data-comments-opened=\"1\" data-image-meta=\"{&quot;aperture&quot;:&quot;0&quot;,&quot;credit&quot;:&quot;&quot;,&quot;camera&quot;:&quot;&quot;,&quot;caption&quot;:&quot;&quot;,&quot;created_timestamp&quot;:&quot;0&quot;,&quot;copyright&quot;:&quot;&quot;,&quot;focal_length&quot;:&quot;0&quot;,&quot;iso&quot;:&quot;0&quot;,&quot;shutter_speed&quot;:&quot;0&quot;,&quot;title&quot;:&quot;&quot;,&quot;orientation&quot;:&quot;0&quot;}\" data-image-title=\"lula1948-12.jpg\" data-image-description=\"\" data-image-caption=\"\" data-large-file=\"https:\/\/i0.wp.com\/guialimeira.com.br\/news\/wp-content\/uploads\/2025\/04\/lula1948-12.jpg?fit=696%2C348&amp;ssl=1\" loading=\"lazy\" width=\"696\" height=\"392\" data-id=\"31170\" src=\"https:\/\/i0.wp.com\/guialimeira.com.br\/wp-content\/uploads\/2025\/09\/1757102947_399_Ato-civico-marca-celebracao-da-Independencia-em-Cordeiropolis-%E2%80%93-Prefeitura.jpg?resize=696%2C392&#038;ssl=1\" alt=\"\" class=\"wp-image-31170\" \/><\/figure>\n<figure class=\"wp-block-image size-large\"><img data-recalc-dims=\"1\" decoding=\"async\" loading=\"lazy\" width=\"696\" height=\"392\" data-id=\"31168\" src=\"https:\/\/i0.wp.com\/guialimeira.com.br\/wp-content\/uploads\/2025\/09\/1757102947_152_Ato-civico-marca-celebracao-da-Independencia-em-Cordeiropolis-%E2%80%93-Prefeitura.jpg?resize=696%2C392&#038;ssl=1\" alt=\"\" class=\"wp-image-31168\" \/><\/figure>\n<figure class=\"wp-block-image size-large\"><img data-recalc-dims=\"1\" decoding=\"async\" loading=\"lazy\" width=\"696\" height=\"392\" data-id=\"31167\" src=\"https:\/\/i0.wp.com\/guialimeira.com.br\/wp-content\/uploads\/2025\/09\/1757102947_493_Ato-civico-marca-celebracao-da-Independencia-em-Cordeiropolis-%E2%80%93-Prefeitura.jpg?resize=696%2C392&#038;ssl=1\" alt=\"\" class=\"wp-image-31167\" \/><\/figure>\n<\/figure><\/div>\n<p><br \/>\n<br \/><a href=\"https:\/\/www.cordeiropolis.sp.gov.br\/ato-civico-marca-celebracao-da-independencia-em-cordeiropolis\/\" rel=\"noopener\">Informa\u00e7\u00f5es Cordeir\u00f3polis <\/a><\/p>\n","protected":false},"excerpt":{"rendered":"<p>A Prefeitura de Cordeir\u00f3polis realizou nesta sexta-feira (5) um ato c\u00edvico em celebra\u00e7\u00e3o ao Dia da Independ\u00eancia do Brasil. O evento aconteceu na Pra\u00e7a Comendador Jamil Abrah\u00e3o Saad, no Centro, e contou com a presen\u00e7a de estudantes da rede municipal e estadual, pessoas atendidas pela Apae, servidores, autoridades municipais e religiosas e a popula\u00e7\u00e3o em [&hellip;]<\/p>\n","protected":false},"author":1,"featured_media":43778,"comment_status":"open","ping_status":"open","sticky":false,"template":"","format":"standard","meta":{"_jetpack_newsletter_access":"","_jetpack_dont_email_post_to_subs":false,"_jetpack_newsletter_tier_id":0,"_jetpack_memberships_contains_paywalled_content":false,"_mbp_banners":[],"_jetpack_feature_clip_id":0,"_jetpack_memberships_contains_paid_content":false,"footnotes":"","jetpack_publicize_message":"","jetpack_publicize_feature_enabled":true,"jetpack_social_post_already_shared":true,"jetpack_social_options":{"image_generator_settings":{"template":"highway","default_image_id":0,"font":"","enabled":false},"version":2},"jetpack_post_was_ever_published":false},"categories":[20],"tags":[],"class_list":["post-43777","post","type-post","status-publish","format-standard","has-post-thumbnail","category-regiao"],"jetpack_publicize_connections":[],"jetpack-related-posts":[],"jetpack_shortlink":"https:\/\/wp.me\/p7Eq1F-bo5","jetpack_sharing_enabled":true,"jetpack_featured_media_url":"https:\/\/i0.wp.com\/guialimeira.com.br\/news\/wp-content\/uploads\/2025\/09\/Ato-civico-marca-celebracao-da-Independencia-em-Cordeiropolis-%E2%80%93-Prefeitura.jpg?fit=1024%2C576&ssl=1","_links":{"self":[{"href":"https:\/\/guialimeira.com.br\/news\/wp-json\/wp\/v2\/posts\/43777","targetHints":{"allow":["GET"]}}],"collection":[{"href":"https:\/\/guialimeira.com.br\/news\/wp-json\/wp\/v2\/posts"}],"about":[{"href":"https:\/\/guialimeira.com.br\/news\/wp-json\/wp\/v2\/types\/post"}],"author":[{"embeddable":true,"href":"https:\/\/guialimeira.com.br\/news\/wp-json\/wp\/v2\/users\/1"}],"replies":[{"embeddable":true,"href":"https:\/\/guialimeira.com.br\/news\/wp-json\/wp\/v2\/comments?post=43777"}],"version-history":[{"count":1,"href":"https:\/\/guialimeira.com.br\/news\/wp-json\/wp\/v2\/posts\/43777\/revisions"}],"predecessor-version":[{"id":43779,"href":"https:\/\/guialimeira.com.br\/news\/wp-json\/wp\/v2\/posts\/43777\/revisions\/43779"}],"wp:featuredmedia":[{"embeddable":true,"href":"https:\/\/guialimeira.com.br\/news\/wp-json\/wp\/v2\/media\/43778"}],"wp:attachment":[{"href":"https:\/\/guialimeira.com.br\/news\/wp-json\/wp\/v2\/media?parent=43777"}],"wp:term":[{"taxonomy":"category","embeddable":true,"href":"https:\/\/guialimeira.com.br\/news\/wp-json\/wp\/v2\/categories?post=43777"},{"taxonomy":"post_tag","embeddable":true,"href":"https:\/\/guialimeira.com.br\/news\/wp-json\/wp\/v2\/tags?post=43777"}],"curies":[{"name":"wp","href":"https:\/\/api.w.org\/{rel}","templated":true}]}}