{"id":4377,"date":"2024-05-09T14:52:53","date_gmt":"2024-05-09T17:52:53","guid":{"rendered":"https:\/\/guialimeira.com.br\/2024\/05\/09\/nick-albiero-e-o-5o-a-confirmar-vaga-a-paris-em-seletiva-de-natacao\/"},"modified":"2024-05-09T14:52:53","modified_gmt":"2024-05-09T17:52:53","slug":"nick-albiero-e-o-5o-a-confirmar-vaga-a-paris-em-seletiva-de-natacao","status":"publish","type":"post","link":"https:\/\/guialimeira.com.br\/news\/nick-albiero-e-o-5o-a-confirmar-vaga-a-paris-em-seletiva-de-natacao\/","title":{"rendered":"Nick Albiero \u00e9 o 5\u00ba a confirmar vaga a Paris em seletiva de nata\u00e7\u00e3o"},"content":{"rendered":"<p> <br \/>\n<\/p>\n<div>\n<p>A delega\u00e7\u00e3o brasileira de nata\u00e7\u00e3o ampliou para cinco o n\u00famero de representantes nos Jogos de Paris com a classifica\u00e7\u00e3o de Nicolas Albiero. Ele alcan\u00e7ou o \u00edndice ol\u00edmpico noite quarta-feira (9), ao vencer a prova dos 200 metros borboleta em 1min55s52, disputada na seletiva do Trof\u00e9u Brasil, nos Campos dos Afonsos, zona oeste do Rio de Janeiro. \u00a0A competi\u00e7\u00e3o tem<a href=\"https:\/\/www.youtube.com\/@TimeBrasil\/featured\" rel=\"noopener\"><strong> transmiss\u00e3o ao vivo<\/strong><\/a> (on streaming( no canal do Time Brasil no YouTube. As eliminat\u00f3rias ocorrem \u00e0s 9h e \u00c0s finais \u00e0s 18h (hor\u00e1rios de Bras\u00edlia).<img data-recalc-dims=\"1\" decoding=\"async\" src=\"https:\/\/i0.wp.com\/agenciabrasil.ebc.com.br\/ebc.png?w=696&#038;ssl=1\" style=\"width:1px; height:1px; display:inline;\"\/><img data-recalc-dims=\"1\" decoding=\"async\" src=\"https:\/\/i0.wp.com\/agenciabrasil.ebc.com.br\/ebc.gif?w=696&#038;ssl=1\" style=\"width:1px; height:1px; display:inline;\"\/><\/p>\n<div class=\"dnd-widget-wrapper context-cheio_8colunas type-image\">\n<div class=\"dnd-atom-rendered\"><!-- scald=384307:cheio_8colunas --><\/p>\n<div class=\"shadow overflow-hidden rounded-lg d-block w-100\">\n            <img data-recalc-dims=\"1\" decoding=\"async\" src=\"https:\/\/i0.wp.com\/agenciabrasil.ebc.com.br\/sites\/default\/files\/thumbnails\/image\/loading_v2.gif?w=696&#038;ssl=1\" data-echo=\"https:\/\/imagens.ebc.com.br\/GMdbxCTkCWrRq_SNb2XHCd2drNM=\/754x0\/smart\/https:\/\/agenciabrasil.ebc.com.br\/sites\/default\/files\/thumbnails\/image\/2024\/05\/09\/nicolas_albiero_vaga_paris_nat.jpg?itok=AWgB1PWb\" alt=\"seletiva ol\u00edmpica, Trof\u00e9u Brasil - Nicolas Albiero conquista vaga ol\u00edmpica nos 200 m borboleta nata\u00e7\u00e3o, em 08\/05\/2024\" title=\"Satiro Sodr\u00e9\/SSPress\/CBDA\" class=\"flex-fill img-cover\"\/><br \/>\n        <img data-recalc-dims=\"1\" decoding=\"async\" src=\"https:\/\/i0.wp.com\/imagens.ebc.com.br\/GMdbxCTkCWrRq_SNb2XHCd2drNM%3D\/754x0\/smart\/https%3A\/\/agenciabrasil.ebc.com.br\/sites\/default\/files\/thumbnails\/image\/2024\/05\/09\/nicolas_albiero_vaga_paris_nat.jpg?w=696&#038;ssl=1\" alt=\"seletiva ol\u00edmpica, Trof\u00e9u Brasil - Nicolas Albiero conquista vaga ol\u00edmpica nos 200 m borboleta nata\u00e7\u00e3o, em 08\/05\/2024\" title=\"Satiro Sodr\u00e9\/SSPress\/CBDA\" class=\"flex-fill img-cover\"\/>\n    <\/div>\n<p><!-- END scald=384307 --><\/div>\n<div class=\"dnd-caption-wrapper\">\n<p>Nicolas Albiero est\u00e1 prestes a disputar a primeira Olimp\u00edada da carreira. Ele conquistou a vaga ao obter o \u00edndice na prova dos 200m borboleta no Trof\u00e9u Brasil, no Rio de Janeiro &#8211;\u00a0<strong>Satiro Sodr\u00e9\/SSPress\/CBDA<\/strong><!--END copyright=384307--><\/p>\n<\/div>\n<\/div>\n<p>Paris 2024 ser\u00e1 a primeira olimp\u00edada de Nick, nascido em Louisville (Estados Unidos), que se mudou h\u00e1 pouco mais de um ano para Belo Horizonte, determinado a defender as cores do Brasil nos Jogos.<\/p>\n<blockquote>\n<p>\u201cEstou muito feliz com esse \u00edndice e com o fato de me tornar um atleta ol\u00edmpico. Eu fui criado com ra\u00edzes brasileiras e n\u00e3o foi uma decis\u00e3o dif\u00edcil defender o Brasil\u201d, explicou o atleta, filho do treinador brasileiro Arthur Albiero, radicado h\u00e1 mais de 20 anos em Louisville (Estados Unidos), que comanda a equipe de nata\u00e7\u00e3o da Universidade local.<\/p>\n<\/blockquote>\n<p>Desde a \u00faltima segunda (6), primeiro dia do Trof\u00e9u Brasil, j\u00e1 asseguram vaga ol\u00edmpica os nadadores Guilherme Crossomato (campe\u00e3o dos 200m peito) e Guilherme Basseto (campe\u00e3o dos 100m costas) \u2013 ambos na disputa masculina -, al\u00e9m de Maria Lu\u00edza Pessanha (campe\u00e2 dos 100m costas) e Nath\u00e1lia Almeida (campe\u00e3 dos 200m meddley), na feminina. \u00a0<\/p>\n<p>O Trof\u00e9u Brasil re\u00fane mais de 300 nadadores em busca do \u00edndice ol\u00edmpico. Al\u00e9m de brasileiros, h\u00e1 competidores da Argentina, Paraguai e Uruguai. A competi\u00e7\u00e3o termina no s\u00e1bado (18).<\/p>\n<\/p><\/div>\n<p><br \/>\n<br \/><a href=\"https:\/\/agenciabrasil.ebc.com.br\/esportes\/noticia\/2024-05\/nick-albiero-e-o-5o-confirmar-vaga-paris-em-seletiva-de-natacao\" rel=\"noopener\">Ag\u00eancia Brasil<\/a><\/p>\n","protected":false},"excerpt":{"rendered":"<p>A delega\u00e7\u00e3o brasileira de nata\u00e7\u00e3o ampliou para cinco o n\u00famero de representantes nos Jogos de Paris com a classifica\u00e7\u00e3o de Nicolas Albiero. Ele alcan\u00e7ou o \u00edndice ol\u00edmpico noite quarta-feira (9), ao vencer a prova dos 200 metros borboleta em 1min55s52, disputada na seletiva do Trof\u00e9u Brasil, nos Campos dos Afonsos, zona oeste do Rio de [&hellip;]<\/p>\n","protected":false},"author":1,"featured_media":4378,"comment_status":"open","ping_status":"open","sticky":false,"template":"","format":"standard","meta":{"_jetpack_newsletter_access":"","_jetpack_dont_email_post_to_subs":false,"_jetpack_newsletter_tier_id":0,"_jetpack_memberships_contains_paywalled_content":false,"_mbp_banners":[],"_jetpack_feature_clip_id":0,"_jetpack_memberships_contains_paid_content":false,"footnotes":"","jetpack_publicize_message":"","jetpack_publicize_feature_enabled":true,"jetpack_social_post_already_shared":true,"jetpack_social_options":{"image_generator_settings":{"template":"highway","default_image_id":0,"font":"","enabled":false},"version":2},"jetpack_post_was_ever_published":false},"categories":[23],"tags":[],"class_list":["post-4377","post","type-post","status-publish","format-standard","has-post-thumbnail","category-esportes"],"jetpack_publicize_connections":[],"jetpack-related-posts":[],"jetpack_shortlink":"https:\/\/wp.me\/p7Eq1F-18B","jetpack_sharing_enabled":true,"jetpack_featured_media_url":"https:\/\/i0.wp.com\/guialimeira.com.br\/news\/wp-content\/uploads\/2024\/05\/albiero_borboleta_vaga_paris.jpg?fit=1600%2C800&ssl=1","_links":{"self":[{"href":"https:\/\/guialimeira.com.br\/news\/wp-json\/wp\/v2\/posts\/4377","targetHints":{"allow":["GET"]}}],"collection":[{"href":"https:\/\/guialimeira.com.br\/news\/wp-json\/wp\/v2\/posts"}],"about":[{"href":"https:\/\/guialimeira.com.br\/news\/wp-json\/wp\/v2\/types\/post"}],"author":[{"embeddable":true,"href":"https:\/\/guialimeira.com.br\/news\/wp-json\/wp\/v2\/users\/1"}],"replies":[{"embeddable":true,"href":"https:\/\/guialimeira.com.br\/news\/wp-json\/wp\/v2\/comments?post=4377"}],"version-history":[{"count":0,"href":"https:\/\/guialimeira.com.br\/news\/wp-json\/wp\/v2\/posts\/4377\/revisions"}],"wp:featuredmedia":[{"embeddable":true,"href":"https:\/\/guialimeira.com.br\/news\/wp-json\/wp\/v2\/media\/4378"}],"wp:attachment":[{"href":"https:\/\/guialimeira.com.br\/news\/wp-json\/wp\/v2\/media?parent=4377"}],"wp:term":[{"taxonomy":"category","embeddable":true,"href":"https:\/\/guialimeira.com.br\/news\/wp-json\/wp\/v2\/categories?post=4377"},{"taxonomy":"post_tag","embeddable":true,"href":"https:\/\/guialimeira.com.br\/news\/wp-json\/wp\/v2\/tags?post=4377"}],"curies":[{"name":"wp","href":"https:\/\/api.w.org\/{rel}","templated":true}]}}