{"id":43663,"date":"2025-09-04T17:46:11","date_gmt":"2025-09-04T20:46:11","guid":{"rendered":"https:\/\/guialimeira.com.br\/?p=43663"},"modified":"2025-09-04T17:46:11","modified_gmt":"2025-09-04T20:46:11","slug":"feira-de-adocao-pet-acontece-neste-domingo-7-em-cordeiropolis-prefeitura-municipal-de-cordeiropolis","status":"publish","type":"post","link":"https:\/\/guialimeira.com.br\/news\/feira-de-adocao-pet-acontece-neste-domingo-7-em-cordeiropolis-prefeitura-municipal-de-cordeiropolis\/","title":{"rendered":"Feira de Ado\u00e7\u00e3o Pet acontece neste domingo (7) em Cordeir\u00f3polis \u2013 Prefeitura Municipal de Cordeir\u00f3polis"},"content":{"rendered":"<p> <br \/>\n<\/p>\n<div>\n<p>A Secretaria de Meio Ambiente de Cordeir\u00f3polis, em parceria com a Agronutri Cascalho, promove neste domingo (7) mais uma edi\u00e7\u00e3o da Feira de Ado\u00e7\u00e3o Pet. O evento ser\u00e1 realizado na Loja 3 da Agronutri Cascalho, anexa \u00e0 Tr\u00eas Vias Seguros, Caf\u00e9 Garden e UniVC Loja (apoiadoras), em Cascalho, das 9h \u00e0s 14h. A feira reunir\u00e1 filhotes de c\u00e3es dispon\u00edveis para ado\u00e7\u00e3o respons\u00e1vel.<\/p>\n<\/p><\/div>\n<p><br \/>\n<br \/><a href=\"https:\/\/www.cordeiropolis.sp.gov.br\/feira-de-adocao-pet-acontece-neste-domingo-7-em-cordeiropolis\/\" rel=\"noopener\">Informa\u00e7\u00f5es Cordeir\u00f3polis <\/a><\/p>\n","protected":false},"excerpt":{"rendered":"<p>A Secretaria de Meio Ambiente de Cordeir\u00f3polis, em parceria com a Agronutri Cascalho, promove neste domingo (7) mais uma edi\u00e7\u00e3o da Feira de Ado\u00e7\u00e3o Pet. O evento ser\u00e1 realizado na Loja 3 da Agronutri Cascalho, anexa \u00e0 Tr\u00eas Vias Seguros, Caf\u00e9 Garden e UniVC Loja (apoiadoras), em Cascalho, das 9h \u00e0s 14h. A feira reunir\u00e1 [&hellip;]<\/p>\n","protected":false},"author":1,"featured_media":0,"comment_status":"open","ping_status":"open","sticky":false,"template":"","format":"standard","meta":{"_jetpack_newsletter_access":"","_jetpack_dont_email_post_to_subs":false,"_jetpack_newsletter_tier_id":0,"_jetpack_memberships_contains_paywalled_content":false,"_mbp_banners":[],"_jetpack_feature_clip_id":0,"_jetpack_memberships_contains_paid_content":false,"footnotes":"","jetpack_publicize_message":"","jetpack_publicize_feature_enabled":true,"jetpack_social_post_already_shared":true,"jetpack_social_options":{"image_generator_settings":{"template":"highway","default_image_id":0,"font":"","enabled":false},"version":2},"jetpack_post_was_ever_published":false},"categories":[20],"tags":[],"class_list":["post-43663","post","type-post","status-publish","format-standard","category-regiao"],"jetpack_publicize_connections":[],"jetpack-related-posts":[],"jetpack_shortlink":"https:\/\/wp.me\/p7Eq1F-bmf","jetpack_sharing_enabled":true,"jetpack_featured_media_url":"","_links":{"self":[{"href":"https:\/\/guialimeira.com.br\/news\/wp-json\/wp\/v2\/posts\/43663","targetHints":{"allow":["GET"]}}],"collection":[{"href":"https:\/\/guialimeira.com.br\/news\/wp-json\/wp\/v2\/posts"}],"about":[{"href":"https:\/\/guialimeira.com.br\/news\/wp-json\/wp\/v2\/types\/post"}],"author":[{"embeddable":true,"href":"https:\/\/guialimeira.com.br\/news\/wp-json\/wp\/v2\/users\/1"}],"replies":[{"embeddable":true,"href":"https:\/\/guialimeira.com.br\/news\/wp-json\/wp\/v2\/comments?post=43663"}],"version-history":[{"count":1,"href":"https:\/\/guialimeira.com.br\/news\/wp-json\/wp\/v2\/posts\/43663\/revisions"}],"predecessor-version":[{"id":43664,"href":"https:\/\/guialimeira.com.br\/news\/wp-json\/wp\/v2\/posts\/43663\/revisions\/43664"}],"wp:attachment":[{"href":"https:\/\/guialimeira.com.br\/news\/wp-json\/wp\/v2\/media?parent=43663"}],"wp:term":[{"taxonomy":"category","embeddable":true,"href":"https:\/\/guialimeira.com.br\/news\/wp-json\/wp\/v2\/categories?post=43663"},{"taxonomy":"post_tag","embeddable":true,"href":"https:\/\/guialimeira.com.br\/news\/wp-json\/wp\/v2\/tags?post=43663"}],"curies":[{"name":"wp","href":"https:\/\/api.w.org\/{rel}","templated":true}]}}