{"id":4359,"date":"2024-05-09T12:05:52","date_gmt":"2024-05-09T15:05:52","guid":{"rendered":"https:\/\/guialimeira.com.br\/2024\/05\/09\/escola-de-cultura-e-artes-da-prefeitura-prepara-homenagem-para-elas-nesta-sexta-10\/"},"modified":"2024-05-09T12:05:52","modified_gmt":"2024-05-09T15:05:52","slug":"escola-de-cultura-e-artes-da-prefeitura-prepara-homenagem-para-elas-nesta-sexta-10","status":"publish","type":"post","link":"https:\/\/guialimeira.com.br\/news\/escola-de-cultura-e-artes-da-prefeitura-prepara-homenagem-para-elas-nesta-sexta-10\/","title":{"rendered":"Escola de Cultura e Artes da Prefeitura prepara \u201cHomenagem para Elas\u201d nesta sexta (10)"},"content":{"rendered":"<p> <br \/>\n<\/p>\n<div>\n            <main class=\"\">&#13;<br \/>\n                &#13;<br \/>\n&#13;<br \/>\n&#13;<br \/>\n&#13;<br \/>\n    <img data-recalc-dims=\"1\" decoding=\"async\" src=\"https:\/\/i0.wp.com\/ecrie.com.br\/sistema\/conteudos\/imagem\/m_137_0_1_09052024102417.jpeg?w=696&#038;ssl=1\" alt=\"Escola de Cultura e Artes da Prefeitura prepara \u201cHomenagem para Elas\u201d nesta sexta (10)\"\/>&#13;<br \/>\n&#13;<\/p>\n<p dir=\"ltr\" style=\"text-align: justify;\">Nesta sexta-feira (10), acontece o evento \u201cHomenagem para Elas\u201d, na Pra\u00e7a Coronel Camargo de Flam\u00ednio, \u00e0s 19h. Parte dos alunos da Escola Municipal de Cultura e Artes &#8220;Maestro M\u00e1rio Tintori&#8221; (Emcea) e Casas da Cultura, equipamentos do Departamento de Forma\u00e7\u00e3o para as Artes, acompanhada de seus professores, se apresenta em celebra\u00e7\u00e3o ao Dia das M\u00e3es. A a\u00e7\u00e3o \u00e9 promovida pela Prefeitura de Limeira, por meio da Secretaria de Cultura.<\/p>\n<p>&#13;<\/p>\n<p dir=\"ltr\" style=\"text-align: justify;\">De artes pl\u00e1sticas, a professora Lea Moraes, em colabora\u00e7\u00e3o com alunos e m\u00e3es, apresenta uma obra que visa manifestar o amor. O professor Gilio Mialichi junto a um aluno realizam um painel ao vivo intitulado \u201cUma rosa para elas\u201d. J\u00e1 a professora Sandra Saura prepara uma surpresa especial com sua turma de Arteterapia.<\/p>\n<p>&#13;<\/p>\n<p dir=\"ltr\" style=\"text-align: justify;\">Na \u00e1rea de m\u00fasica, os alunos de viol\u00e3o do professor Lu\u00eds Henrique de Oliveira Tolentino apresentam can\u00e7\u00f5es voltadas \u00e0 maternidade. Em seguida, a turma de teclado da professora Marisa Helena Baron de Lima toca cl\u00e1ssicos dos desenhos animados e do cinema.<\/p>\n<p>&#13;<\/p>\n<p dir=\"ltr\" style=\"text-align: justify;\">J\u00e1 no teatro, a professora Tatiana Alves traz a turma da melhor idade apresentando \u201cM\u00e3es: Universais e \u00danicas\u201d e a classe do professor Leandro Bonin apresenta \u201cMaria, Maria\u201d.<\/p>\n<p>&#13;<\/p>\n<p dir=\"ltr\" style=\"text-align: justify;\">A homenagem \u00e9 finalizada pelas turmas de dan\u00e7a da professora Rebecca Loys. O bal\u00e9 infantil traz uma dan\u00e7a cl\u00e1ssica e delicada, j\u00e1 o jazz adulto apresenta uma performance expressiva com acess\u00f3rios.<\/p>\n<p>&#13;<\/p>\n<p style=\"text-align: justify;\">Diretor de Forma\u00e7\u00e3o para as Artes, Ronald Gon\u00e7ales destacou que essa a\u00e7\u00e3o foi criada na atual administra\u00e7\u00e3o para potencializar a divulga\u00e7\u00e3o do trabalho realizado pela Escola de Artes da Prefeitura. &#8220;Poucas cidades contam com uma escola de artes municipal, com investimentos vindos da cidade, como \u00e9 o caso de Limeira; temos que valorizar o excelente trabalho desenvolvido por nossos professores&#8221;.<\/p>\n<p>&#13;<\/p>\n<p dir=\"ltr\" style=\"text-align: justify;\">O evento \u00e9 aberto para o p\u00fablico. A Pra\u00e7a Coronel Camargo de Flam\u00ednio, tamb\u00e9m conhecida como Pra\u00e7a do Museu, fica no Centro.<\/p>\n<p>&#13;<\/p>\n<p>\u00a0<\/p>\n<p>&#13;<\/p>\n<p>\u00a0<\/p>\n<p>&#13;<br \/>\n&#13;<br \/>\n&#13;<br \/>\n&#13;<\/p>\n<aside class=\"list-related no-print\">&#13;<br \/>\n        &#13;<br \/>\n&#13;<\/p>\n<article class=\"list-item noticias \">&#13;<br \/>\n                    <a class=\"list-item__img\" href=\"https:\/\/limeira.sp.gov.br\/imprensa\/noticias\/cultura\/orquestra-sinfonica-apresenta-concerto-das-maes-nesta-sexta-10\" tabindex=\"-1\" aria-hidden=\"true\" rel=\"noopener\">&#13;<br \/>\n                        <img data-recalc-dims=\"1\" decoding=\"async\" src=\"https:\/\/i0.wp.com\/ecrie.com.br\/sistema\/conteudos\/imagem\/m_137_0_1_09052024102555.jpeg?w=696&#038;ssl=1\" alt=\"Orquestra Sinf\u00f4nica apresenta \u201cConcerto das M\u00e3es\u201d nesta sexta (10)\"\/>&#13;<br \/>\n                    <\/a>&#13;<br \/>\n&#13;<br \/>\n                &#13;<br \/>\n            <\/article>\n<p>&#13;<\/p>\n<article class=\"list-item noticias \">&#13;<br \/>\n                    <a class=\"list-item__img\" href=\"https:\/\/limeira.sp.gov.br\/imprensa\/noticias\/cultura\/oficina-gratuita-de-cinema-analisa-obras-de-charlie-chaplin-nesta-sexta-10\" tabindex=\"-1\" aria-hidden=\"true\" rel=\"noopener\">&#13;<br \/>\n                        <img data-recalc-dims=\"1\" decoding=\"async\" src=\"https:\/\/i0.wp.com\/ecrie.com.br\/sistema\/conteudos\/imagem\/m_137_0_1_08052024143213.jpeg?w=696&#038;ssl=1\" alt=\"Oficina gratuita de cinema analisa obras de Charlie Chaplin, nesta sexta (10)\"\/>&#13;<br \/>\n                    <\/a>&#13;<br \/>\n&#13;<br \/>\n                &#13;<br \/>\n            <\/article>\n<p>&#13;<\/p>\n<article class=\"list-item noticias \">&#13;<br \/>\n                    <a class=\"list-item__img\" href=\"https:\/\/limeira.sp.gov.br\/imprensa\/noticias\/cultura\/prefeitura-realiza-eventos-em-homenagem-as-maes-nesta-sexta-10\" tabindex=\"-1\" aria-hidden=\"true\" rel=\"noopener\">&#13;<br \/>\n                        <img data-recalc-dims=\"1\" decoding=\"async\" src=\"https:\/\/i0.wp.com\/ecrie.com.br\/sistema\/conteudos\/imagem\/m_137_45_130_15122022144819.jpg?w=696&#038;ssl=1\" alt=\"Prefeitura realiza eventos em homenagem \u00e0s m\u00e3es, nesta sexta (10)\"\/>&#13;<br \/>\n                    <\/a>&#13;<br \/>\n&#13;<br \/>\n                &#13;<br \/>\n            <\/article>\n<p>&#13;<br \/>\n    <\/aside>\n<p>&#13;<br \/>\n&#13;<br \/>\n            <\/main><\/p><\/div>\n<p><br \/>\n<br \/><a href=\"https:\/\/limeira.sp.gov.br\/escola-de-cultura-e-artes-da-prefeitura-prepara-homenagem-para-elas-nesta-sexta-10\" rel=\"noopener\">Informa\u00e7\u00f5es da PML <\/a><\/p>\n","protected":false},"excerpt":{"rendered":"<p>&#13; &#13; &#13; &#13; &#13; &#13; &#13; Nesta sexta-feira (10), acontece o evento \u201cHomenagem para Elas\u201d, na Pra\u00e7a Coronel Camargo de Flam\u00ednio, \u00e0s 19h. Parte dos alunos da Escola Municipal de Cultura e Artes &#8220;Maestro M\u00e1rio Tintori&#8221; (Emcea) e Casas da Cultura, equipamentos do Departamento de Forma\u00e7\u00e3o para as Artes, acompanhada de seus professores, se [&hellip;]<\/p>\n","protected":false},"author":1,"featured_media":4360,"comment_status":"open","ping_status":"open","sticky":false,"template":"","format":"standard","meta":{"_jetpack_newsletter_access":"","_jetpack_dont_email_post_to_subs":false,"_jetpack_newsletter_tier_id":0,"_jetpack_memberships_contains_paywalled_content":false,"_mbp_banners":[],"_jetpack_feature_clip_id":0,"_jetpack_memberships_contains_paid_content":false,"footnotes":"","jetpack_publicize_message":"","jetpack_publicize_feature_enabled":true,"jetpack_social_post_already_shared":true,"jetpack_social_options":{"image_generator_settings":{"template":"highway","default_image_id":0,"font":"","enabled":false},"version":2},"jetpack_post_was_ever_published":false},"categories":[16],"tags":[],"class_list":["post-4359","post","type-post","status-publish","format-standard","has-post-thumbnail","category-local"],"jetpack_publicize_connections":[],"jetpack-related-posts":[],"jetpack_shortlink":"https:\/\/wp.me\/p7Eq1F-18j","jetpack_sharing_enabled":true,"jetpack_featured_media_url":"https:\/\/i0.wp.com\/guialimeira.com.br\/news\/wp-content\/uploads\/2024\/05\/m_137_0_1_09052024102417.jpeg?fit=729%2C810&ssl=1","_links":{"self":[{"href":"https:\/\/guialimeira.com.br\/news\/wp-json\/wp\/v2\/posts\/4359","targetHints":{"allow":["GET"]}}],"collection":[{"href":"https:\/\/guialimeira.com.br\/news\/wp-json\/wp\/v2\/posts"}],"about":[{"href":"https:\/\/guialimeira.com.br\/news\/wp-json\/wp\/v2\/types\/post"}],"author":[{"embeddable":true,"href":"https:\/\/guialimeira.com.br\/news\/wp-json\/wp\/v2\/users\/1"}],"replies":[{"embeddable":true,"href":"https:\/\/guialimeira.com.br\/news\/wp-json\/wp\/v2\/comments?post=4359"}],"version-history":[{"count":0,"href":"https:\/\/guialimeira.com.br\/news\/wp-json\/wp\/v2\/posts\/4359\/revisions"}],"wp:featuredmedia":[{"embeddable":true,"href":"https:\/\/guialimeira.com.br\/news\/wp-json\/wp\/v2\/media\/4360"}],"wp:attachment":[{"href":"https:\/\/guialimeira.com.br\/news\/wp-json\/wp\/v2\/media?parent=4359"}],"wp:term":[{"taxonomy":"category","embeddable":true,"href":"https:\/\/guialimeira.com.br\/news\/wp-json\/wp\/v2\/categories?post=4359"},{"taxonomy":"post_tag","embeddable":true,"href":"https:\/\/guialimeira.com.br\/news\/wp-json\/wp\/v2\/tags?post=4359"}],"curies":[{"name":"wp","href":"https:\/\/api.w.org\/{rel}","templated":true}]}}