{"id":43586,"date":"2025-09-04T10:39:05","date_gmt":"2025-09-04T13:39:05","guid":{"rendered":"https:\/\/guialimeira.com.br\/?p=43586"},"modified":"2025-09-04T10:39:05","modified_gmt":"2025-09-04T13:39:05","slug":"golden-mma-movimenta-cordeiropolis-neste-sabado-6-prefeitura-municipal-de-cordeiropolis","status":"publish","type":"post","link":"https:\/\/guialimeira.com.br\/news\/golden-mma-movimenta-cordeiropolis-neste-sabado-6-prefeitura-municipal-de-cordeiropolis\/","title":{"rendered":"Golden MMA movimenta Cordeir\u00f3polis neste s\u00e1bado (6) \u2013 Prefeitura Municipal de Cordeir\u00f3polis"},"content":{"rendered":"<p> <br \/>\n<\/p>\n<div>\n<p>Cordeir\u00f3polis recebe neste s\u00e1bado (6), a partir das 10h, a 6\u00aa edi\u00e7\u00e3o do Golden MMA. O evento acontece no Gin\u00e1sio de Esportes \u201cOrestes Qu\u00e9rcia\u201d (Rua Carlos Gomes, 777, Centro) e promete um dia repleto de emo\u00e7\u00f5es com lutas de artes marciais mistas, atra\u00e7\u00e3o musical e op\u00e7\u00f5es gastron\u00f4micas.<\/p>\n<p>Al\u00e9m das disputas, o p\u00fablico poder\u00e1 acompanhar o show da banda She Project. A estrutura contar\u00e1 ainda com pra\u00e7a de alimenta\u00e7\u00e3o, reunindo op\u00e7\u00f5es de food truck como Bono Churros, Del\u00edcias da Gabi, Bono Sapore e Sagrada Fuma\u00e7a Barbecue.<\/p>\n<p>A entrada custa R$ 20 e pode ser adquirida no dia do evento. Parte do valor arrecadado ser\u00e1 revertida ao Fundo Municipal de Esportes.<\/p>\n<\/p><\/div>\n<p><br \/>\n<br \/><a href=\"https:\/\/www.cordeiropolis.sp.gov.br\/golden-mma-movimenta-cordeiropolis-neste-sabado-6\/\" rel=\"noopener\">Informa\u00e7\u00f5es Cordeir\u00f3polis <\/a><\/p>\n","protected":false},"excerpt":{"rendered":"<p>Cordeir\u00f3polis recebe neste s\u00e1bado (6), a partir das 10h, a 6\u00aa edi\u00e7\u00e3o do Golden MMA. O evento acontece no Gin\u00e1sio de Esportes \u201cOrestes Qu\u00e9rcia\u201d (Rua Carlos Gomes, 777, Centro) e promete um dia repleto de emo\u00e7\u00f5es com lutas de artes marciais mistas, atra\u00e7\u00e3o musical e op\u00e7\u00f5es gastron\u00f4micas. Al\u00e9m das disputas, o p\u00fablico poder\u00e1 acompanhar o [&hellip;]<\/p>\n","protected":false},"author":1,"featured_media":0,"comment_status":"open","ping_status":"open","sticky":false,"template":"","format":"standard","meta":{"_jetpack_newsletter_access":"","_jetpack_dont_email_post_to_subs":false,"_jetpack_newsletter_tier_id":0,"_jetpack_memberships_contains_paywalled_content":false,"_mbp_banners":[],"_jetpack_feature_clip_id":0,"_jetpack_memberships_contains_paid_content":false,"footnotes":"","jetpack_publicize_message":"","jetpack_publicize_feature_enabled":true,"jetpack_social_post_already_shared":true,"jetpack_social_options":{"image_generator_settings":{"template":"highway","default_image_id":0,"font":"","enabled":false},"version":2},"jetpack_post_was_ever_published":false},"categories":[20],"tags":[],"class_list":["post-43586","post","type-post","status-publish","format-standard","category-regiao"],"jetpack_publicize_connections":[],"jetpack-related-posts":[],"jetpack_shortlink":"https:\/\/wp.me\/p7Eq1F-bl0","jetpack_sharing_enabled":true,"jetpack_featured_media_url":"","_links":{"self":[{"href":"https:\/\/guialimeira.com.br\/news\/wp-json\/wp\/v2\/posts\/43586","targetHints":{"allow":["GET"]}}],"collection":[{"href":"https:\/\/guialimeira.com.br\/news\/wp-json\/wp\/v2\/posts"}],"about":[{"href":"https:\/\/guialimeira.com.br\/news\/wp-json\/wp\/v2\/types\/post"}],"author":[{"embeddable":true,"href":"https:\/\/guialimeira.com.br\/news\/wp-json\/wp\/v2\/users\/1"}],"replies":[{"embeddable":true,"href":"https:\/\/guialimeira.com.br\/news\/wp-json\/wp\/v2\/comments?post=43586"}],"version-history":[{"count":1,"href":"https:\/\/guialimeira.com.br\/news\/wp-json\/wp\/v2\/posts\/43586\/revisions"}],"predecessor-version":[{"id":43587,"href":"https:\/\/guialimeira.com.br\/news\/wp-json\/wp\/v2\/posts\/43586\/revisions\/43587"}],"wp:attachment":[{"href":"https:\/\/guialimeira.com.br\/news\/wp-json\/wp\/v2\/media?parent=43586"}],"wp:term":[{"taxonomy":"category","embeddable":true,"href":"https:\/\/guialimeira.com.br\/news\/wp-json\/wp\/v2\/categories?post=43586"},{"taxonomy":"post_tag","embeddable":true,"href":"https:\/\/guialimeira.com.br\/news\/wp-json\/wp\/v2\/tags?post=43586"}],"curies":[{"name":"wp","href":"https:\/\/api.w.org\/{rel}","templated":true}]}}