{"id":4357,"date":"2024-05-09T11:51:19","date_gmt":"2024-05-09T14:51:19","guid":{"rendered":"https:\/\/guialimeira.com.br\/2024\/05\/09\/centro-de-conservacao-para-ararinha-azul-especie-ameacada-de-extincao\/"},"modified":"2024-05-09T11:51:19","modified_gmt":"2024-05-09T14:51:19","slug":"centro-de-conservacao-para-ararinha-azul-especie-ameacada-de-extincao","status":"publish","type":"post","link":"https:\/\/guialimeira.com.br\/news\/centro-de-conservacao-para-ararinha-azul-especie-ameacada-de-extincao\/","title":{"rendered":"Centro de Conserva\u00e7\u00e3o para ararinha-azul, esp\u00e9cie amea\u00e7ada de extin\u00e7\u00e3o"},"content":{"rendered":"<p> <br \/>\n<\/p>\n<div id=\"\">&#13;<br \/>\n                                <!-- Title -->&#13;<br \/>\n                                &#13;<br \/>\n&#13;<br \/>\n                                <!-- Excerpt -->&#13;<\/p>\n<p class=\"excerpt\">Objetivo do centro \u00e9 oferecer padr\u00f5es de cuidado para os animais existentes e fomentar sua reprodu\u00e7\u00e3o<\/p>\n<p>&#13;<br \/>\n&#13;<br \/>\n                                &#13;\n                            <\/p><\/div>\n<div id=\"\">&#13;<\/p>\n<figure id=\"attachment_5880032\" style=\"width: 100%;max-width: 764px\" class=\"wp-caption alignnone\"><img data-recalc-dims=\"1\" decoding=\"async\" loading=\"lazy\" class=\" wp-image-5880032\" src=\"https:\/\/i0.wp.com\/www.saopaulo.sp.gov.br\/wp-content\/uploads\/2024\/05\/WhatsApp-Image-2024-05-03-at-14.50.54-1024x682-1-300x200.jpeg?resize=696%2C464&#038;ssl=1\" alt=\"\" width=\"696\" height=\"464\" srcset=\"https:\/\/www.saopaulo.sp.gov.br\/wp-content\/uploads\/2024\/05\/WhatsApp-Image-2024-05-03-at-14.50.54-1024x682-1-300x200.jpeg 300w, https:\/\/www.saopaulo.sp.gov.br\/wp-content\/uploads\/2024\/05\/WhatsApp-Image-2024-05-03-at-14.50.54-1024x682-1-768x512.jpeg 768w, https:\/\/www.saopaulo.sp.gov.br\/wp-content\/uploads\/2024\/05\/WhatsApp-Image-2024-05-03-at-14.50.54-1024x682-1.jpeg 1024w\" sizes=\"auto, (max-width: 764px) 100vw, 764px\"\/><figcaption class=\"wp-caption-text\">O espa\u00e7o possui 900 m\u00b2 e conta com salas de incuba\u00e7\u00e3o de ovos<\/figcaption><\/figure>\n<p>A Secret\u00e1ria de Meio Ambiente, Infraestrutura e Log\u00edstica (Semil), Nat\u00e1lia Resende, participou da abertura do novo Centro de Conserva\u00e7\u00e3o ararinha-azul, no Zool\u00f3gico de S\u00e3o Paulo, zona sul da cidade. O espa\u00e7o, exclusivo para os animais da esp\u00e9cie, possui 900 m\u00b2 e conta com salas de incuba\u00e7\u00e3o de ovos, \u201cmaternidade\u201d com controle de temperatura e ilumina\u00e7\u00e3o e sala para atendimento veterin\u00e1rio. O local ainda possui ambientes para as aves com espa\u00e7os cobertos e ao ar livre com capacidade para abrigar at\u00e9 44 ararinhas.<\/p>\n<p>O objetivo do centro \u00e9, principalmente, oferecer padr\u00f5es de cuidado para os animais existentes e fomentar sua reprodu\u00e7\u00e3o para possibilitar o retorno de indiv\u00edduos \u00e0 natureza. O grupo do zool\u00f3gico \u00e9 composto por seis casais, dos quais um \u00e9 rec\u00e9m-formado. Os outros 15 s\u00e3o jovens e ainda v\u00e3o alcan\u00e7ar a maturidade sexual.<\/p>\n<p>\u201cPara n\u00f3s, essa iniciativa \u00e9 muito importante. Ter esse espa\u00e7o como refer\u00eancia, fortalece os nossos programas de parcerias, que trazem os investimentos em v\u00e1rios setores, al\u00e9m de ir ao encontro do Plano de Meio Ambiente, que estimula de forma transversal \u00e0s pol\u00edticas p\u00fablicas em prol da biodiversidade, da fauna e da flora no Estado de SP\u201d, comentou a Nat\u00e1lia Resende.<\/p>\n<p>Atualmente, a popula\u00e7\u00e3o mundial de ararinhas-azuis, mantidas sob cuidados humanos, conta com cerca de 334 indiv\u00edduos, dos quais 85 est\u00e3o em institui\u00e7\u00f5es no Brasil. O zool\u00f3gico hoje \u00e9 respons\u00e1vel pelo cuidado de 27 destes animais, ou seja, aproximadamente 30% de toda a popula\u00e7\u00e3o.<\/p>\n<p><b>Ararinha-azul <\/b><\/p>\n<p>Com nome cient\u00edfico Cyanopsitta spixi, a ave \u00e9 nativa e end\u00eamica \u2013 isto \u00e9, n\u00e3o encontrada em nenhum outro lugar \u2013 da regi\u00e3o de Curu\u00e7\u00e1, na Bahia, cujo bioma \u00e9 a Caatinga. A ararinha-azul foi a esp\u00e9cie que inspirou o personagem \u201cBlue\u201d na anima\u00e7\u00e3o Rio. Atualmente, a ararinha-azul \u00e9 considerada \u201cExtinta na natureza\u201d de acordo com a Lista Vermelha Global de Esp\u00e9cies Amea\u00e7adas da Uni\u00e3o Internacional para a Conserva\u00e7\u00e3o da Natureza \u2013 UICN e categorizada como \u201cCriticamente em Perigo de Extin\u00e7\u00e3o\u201d (CR) na Lista Brasileira Oficial de Esp\u00e9cies Amea\u00e7adas de Extin\u00e7\u00e3o.<\/p>\n<p><b>Concess\u00e3o <\/b><\/p>\n<p>O\u00a0Zool\u00f3gico, Zoo Safari e Jardim Bot\u00e2nico fazem parte do programa de concess\u00f5es e parcerias p\u00fablico privadas do Governo de S\u00e3o Paulo. Os locais foram concedidos ao Cons\u00f3rcio Reserva Paulista, em 2021. A vencedora, que registrou maior valor de outorga, representando \u00e1gio de 132%, tornou-se respons\u00e1vel por revitalizar e administrar essas \u00e1reas, al\u00e9m da opera\u00e7\u00e3o e atendimento aos visitantes no per\u00edodo de 30 anos.<\/p>\n<p>Siga o canal \u201cGoverno de S\u00e3o Paulo\u201d no WhatsApp:<br \/><a href=\"https:\/\/bit.ly\/govspnozap\" target=\"_blank\" rel=\"noopener noreferrer\">https:\/\/bit.ly\/govspnozap<\/a><\/p>\n<\/p><\/div>\n<p><br \/>\n<br \/><a href=\"https:\/\/www.saopaulo.sp.gov.br\/spnoticias\/ultimas-noticias\/sp-apoia-centro-de-conservacao-aberto-para-ararinha-azul-especie-ameacada-de-extincao\/\" rel=\"noopener\">Informa\u00e7\u00f5es GOV.SP<\/a><\/p>\n","protected":false},"excerpt":{"rendered":"<p>&#13; &#13; &#13; &#13; &#13; Objetivo do centro \u00e9 oferecer padr\u00f5es de cuidado para os animais existentes e fomentar sua reprodu\u00e7\u00e3o &#13; &#13; &#13; &#13; O espa\u00e7o possui 900 m\u00b2 e conta com salas de incuba\u00e7\u00e3o de ovos A Secret\u00e1ria de Meio Ambiente, Infraestrutura e Log\u00edstica (Semil), Nat\u00e1lia Resende, participou da abertura do novo Centro [&hellip;]<\/p>\n","protected":false},"author":1,"featured_media":4358,"comment_status":"open","ping_status":"open","sticky":false,"template":"","format":"standard","meta":{"_jetpack_newsletter_access":"","_jetpack_dont_email_post_to_subs":false,"_jetpack_newsletter_tier_id":0,"_jetpack_memberships_contains_paywalled_content":false,"_mbp_banners":[],"_jetpack_feature_clip_id":0,"_jetpack_memberships_contains_paid_content":false,"footnotes":"","jetpack_publicize_message":"","jetpack_publicize_feature_enabled":true,"jetpack_social_post_already_shared":true,"jetpack_social_options":{"image_generator_settings":{"template":"highway","default_image_id":0,"font":"","enabled":false},"version":2},"jetpack_post_was_ever_published":false},"categories":[21],"tags":[],"class_list":["post-4357","post","type-post","status-publish","format-standard","has-post-thumbnail","category-sp-news"],"jetpack_publicize_connections":[],"jetpack-related-posts":[],"jetpack_shortlink":"https:\/\/wp.me\/p7Eq1F-18h","jetpack_sharing_enabled":true,"jetpack_featured_media_url":"https:\/\/i0.wp.com\/guialimeira.com.br\/news\/wp-content\/uploads\/2024\/05\/Centro-de-Conservacao-para-ararinha-azul-especie-ameacada-de-extincao.jpeg?fit=300%2C200&ssl=1","_links":{"self":[{"href":"https:\/\/guialimeira.com.br\/news\/wp-json\/wp\/v2\/posts\/4357","targetHints":{"allow":["GET"]}}],"collection":[{"href":"https:\/\/guialimeira.com.br\/news\/wp-json\/wp\/v2\/posts"}],"about":[{"href":"https:\/\/guialimeira.com.br\/news\/wp-json\/wp\/v2\/types\/post"}],"author":[{"embeddable":true,"href":"https:\/\/guialimeira.com.br\/news\/wp-json\/wp\/v2\/users\/1"}],"replies":[{"embeddable":true,"href":"https:\/\/guialimeira.com.br\/news\/wp-json\/wp\/v2\/comments?post=4357"}],"version-history":[{"count":0,"href":"https:\/\/guialimeira.com.br\/news\/wp-json\/wp\/v2\/posts\/4357\/revisions"}],"wp:featuredmedia":[{"embeddable":true,"href":"https:\/\/guialimeira.com.br\/news\/wp-json\/wp\/v2\/media\/4358"}],"wp:attachment":[{"href":"https:\/\/guialimeira.com.br\/news\/wp-json\/wp\/v2\/media?parent=4357"}],"wp:term":[{"taxonomy":"category","embeddable":true,"href":"https:\/\/guialimeira.com.br\/news\/wp-json\/wp\/v2\/categories?post=4357"},{"taxonomy":"post_tag","embeddable":true,"href":"https:\/\/guialimeira.com.br\/news\/wp-json\/wp\/v2\/tags?post=4357"}],"curies":[{"name":"wp","href":"https:\/\/api.w.org\/{rel}","templated":true}]}}