{"id":4351,"date":"2024-05-09T10:50:44","date_gmt":"2024-05-09T13:50:44","guid":{"rendered":"https:\/\/guialimeira.com.br\/2024\/05\/09\/fim-de-semana-tem-sarau-filme-com-trilha-sonora-ao-vivo-e-feira-de-artesanato\/"},"modified":"2024-05-09T10:50:44","modified_gmt":"2024-05-09T13:50:44","slug":"fim-de-semana-tem-sarau-filme-com-trilha-sonora-ao-vivo-e-feira-de-artesanato","status":"publish","type":"post","link":"https:\/\/guialimeira.com.br\/news\/fim-de-semana-tem-sarau-filme-com-trilha-sonora-ao-vivo-e-feira-de-artesanato\/","title":{"rendered":"Fim de semana tem sarau, filme com trilha sonora ao vivo e feira de artesanato"},"content":{"rendered":"<p> <br \/>\n<\/p>\n<div id=\"\">&#13;<br \/>\n                                <!-- Title -->&#13;<br \/>\n                                &#13;<br \/>\n&#13;<br \/>\n                                <!-- Excerpt -->&#13;<\/p>\n<p class=\"excerpt\">Confira as dicas de atividades culturais para aproveitar na capital paulista e no interior do estado <\/p>\n<p>&#13;<br \/>\n&#13;<br \/>\n                                &#13;\n                            <\/p><\/div>\n<div id=\"\">&#13;<\/p>\n<p><iframe loading=\"lazy\" title=\"Fim de semana tem Sarau, exibi\u00e7\u00e3o de filme com trilha sonora ao vivo e feira de artesanato by Governo do Estado de S\u00e3o Paulo\" width=\"587\" height=\"330\" scrolling=\"no\" frameborder=\"no\" src=\"https:\/\/w.soundcloud.com\/player\/?visual=true&amp;url=https%3A%2F%2Fapi.soundcloud.com%2Ftracks%2F1817531280&amp;show_artwork=true&amp;maxheight=330&amp;maxwidth=587\"><\/iframe><\/p>\n<p>\u00a0<\/p>\n<p>A dica para este fim de semana vai para o Sarau do Binho que acontece neste s\u00e1bado no Museu das Favelas. O evento que come\u00e7a \u00e0s 11h, \u00e9 um dos mais antigos realizados na cidade de S\u00e3o Paulo e mobiliza artistas e produtores da periferia.<\/p>\n<p>Ainda para quem gosta de m\u00fasica, entre os dias 9 e 12 de maio, o <a href=\"https:\/\/www.cultura.sp.gov.br\/cine-sao-pedro-exibe-o-gabinete-do-dr-caligari-com-trilha-sonora-ao-vivo\/\" rel=\"noopener\">Cine S\u00e3o Pedro exibe o filme \u201cO Gabinete do Dr. Caligari\u201d com trilha sonora ao vivo<\/a>. A apresenta\u00e7\u00e3o musical \u00e9 feita pelos m\u00fasicos da Orquestra do Theatro S\u00e3o Pedro. Os ingressos custam a partir de R$35 e podem ser adquiridos de forma online.<\/p>\n<p>No Teatro S\u00e9rgio Cardoso, at\u00e9 o dia 25 de maio, todos os s\u00e1bados acontecem <a href=\"https:\/\/www.cultura.sp.gov.br\/agenda-cultural-maio-tem-shows-aulas-de-danca-feira-de-artesanato-e-muito-mais\/\" rel=\"noopener\">aulas gratuitas de Dan\u00e7a de Sal\u00e3o<\/a>. As aulas com o professor Rog\u00e9rio da Col acontecem no sagu\u00e3o principal do teatro.<\/p>\n<p>No interior, em Brodowski, o Museu Casa de Portinari promove feiras de artesanato aos finais de semana, com grupos de artes\u00e3os locais que apresentam as produ\u00e7\u00f5es e t\u00e9cnicas em trabalhos manuais. As feiras acontecem at\u00e9 o dia 19 de maio.<\/p>\n<p>E em Tatu\u00ed, no interior do estado, o <a href=\"https:\/\/www.cultura.sp.gov.br\/conservatorio-de-tatui-abre-agenda-de-maio-com-shows-e-concertos-de-artistas-renomados\/\" rel=\"noopener\">Conservat\u00f3rio da cidade realiza uma s\u00e9rie de apresenta\u00e7\u00f5es e shows ao longo de todo o m\u00eas de maio<\/a>. Neste fim de semana, a popula\u00e7\u00e3o pode conferir as apresenta\u00e7\u00f5es dos vencedores do 2\u00ba Concurso de Canto L\u00edrico em um recital no Teatro Proc\u00f3pio Ferreira.<\/p>\n<\/p><\/div>\n<p><br \/>\n<br \/><a href=\"https:\/\/www.saopaulo.sp.gov.br\/spnoticias\/ultimas-noticias\/fim-de-semana-tem-sarau-filme-com-trilha-sonora-ao-vivo-e-feira-de-artesanato\/\" rel=\"noopener\">Informa\u00e7\u00f5es GOV.SP<\/a><\/p>\n","protected":false},"excerpt":{"rendered":"<p>&#13; &#13; &#13; &#13; &#13; Confira as dicas de atividades culturais para aproveitar na capital paulista e no interior do estado &#13; &#13; &#13; &#13; \u00a0 A dica para este fim de semana vai para o Sarau do Binho que acontece neste s\u00e1bado no Museu das Favelas. O evento que come\u00e7a \u00e0s 11h, \u00e9 um [&hellip;]<\/p>\n","protected":false},"author":1,"featured_media":238,"comment_status":"open","ping_status":"open","sticky":false,"template":"","format":"standard","meta":{"_jetpack_newsletter_access":"","_jetpack_dont_email_post_to_subs":false,"_jetpack_newsletter_tier_id":0,"_jetpack_memberships_contains_paywalled_content":false,"_mbp_banners":[],"_jetpack_feature_clip_id":0,"_jetpack_memberships_contains_paid_content":false,"footnotes":"","jetpack_publicize_message":"","jetpack_publicize_feature_enabled":true,"jetpack_social_post_already_shared":true,"jetpack_social_options":{"image_generator_settings":{"template":"highway","default_image_id":0,"font":"","enabled":false},"version":2},"jetpack_post_was_ever_published":false},"categories":[21],"tags":[],"class_list":["post-4351","post","type-post","status-publish","format-standard","has-post-thumbnail","category-sp-news"],"jetpack_publicize_connections":[],"jetpack-related-posts":[],"jetpack_shortlink":"https:\/\/wp.me\/p7Eq1F-18b","jetpack_sharing_enabled":true,"jetpack_featured_media_url":"https:\/\/i0.wp.com\/guialimeira.com.br\/news\/wp-content\/uploads\/2024\/03\/cover.png?fit=650%2C650&ssl=1","_links":{"self":[{"href":"https:\/\/guialimeira.com.br\/news\/wp-json\/wp\/v2\/posts\/4351","targetHints":{"allow":["GET"]}}],"collection":[{"href":"https:\/\/guialimeira.com.br\/news\/wp-json\/wp\/v2\/posts"}],"about":[{"href":"https:\/\/guialimeira.com.br\/news\/wp-json\/wp\/v2\/types\/post"}],"author":[{"embeddable":true,"href":"https:\/\/guialimeira.com.br\/news\/wp-json\/wp\/v2\/users\/1"}],"replies":[{"embeddable":true,"href":"https:\/\/guialimeira.com.br\/news\/wp-json\/wp\/v2\/comments?post=4351"}],"version-history":[{"count":0,"href":"https:\/\/guialimeira.com.br\/news\/wp-json\/wp\/v2\/posts\/4351\/revisions"}],"wp:featuredmedia":[{"embeddable":true,"href":"https:\/\/guialimeira.com.br\/news\/wp-json\/wp\/v2\/media\/238"}],"wp:attachment":[{"href":"https:\/\/guialimeira.com.br\/news\/wp-json\/wp\/v2\/media?parent=4351"}],"wp:term":[{"taxonomy":"category","embeddable":true,"href":"https:\/\/guialimeira.com.br\/news\/wp-json\/wp\/v2\/categories?post=4351"},{"taxonomy":"post_tag","embeddable":true,"href":"https:\/\/guialimeira.com.br\/news\/wp-json\/wp\/v2\/tags?post=4351"}],"curies":[{"name":"wp","href":"https:\/\/api.w.org\/{rel}","templated":true}]}}