{"id":435,"date":"2024-03-29T21:59:55","date_gmt":"2024-03-30T00:59:55","guid":{"rendered":"https:\/\/guialimeira.com.br\/2024\/03\/29\/prefeitura-municipal-de-americana-9\/"},"modified":"2024-03-29T21:59:55","modified_gmt":"2024-03-30T00:59:55","slug":"prefeitura-municipal-de-americana-9","status":"publish","type":"post","link":"https:\/\/guialimeira.com.br\/news\/prefeitura-municipal-de-americana-9\/","title":{"rendered":"Prefeitura Municipal de Americana"},"content":{"rendered":"<p> <br \/>\n<\/p>\n<div>\n<div class=\"row d-flex align-items-center mb-4\">\n<div class=\"col-md-6\">\n<p>\n\t\t\t\t\t\t\t\t\t\tPublicada em 27 de Mar\u00e7o de 2024 \u00e0s 16h58\n\t\t\t\t\t\t\t\t\t<\/p>\n<\/p><\/div>\n<\/p><\/div>\n<div class=\"mb-5\">A Secretaria de Sa\u00fade de Americana, por meio da Unidade de Atendimento Domiciliar (UAD), realizou nesta quarta-feira (27) um encontro com cuidadores de pacientes acamados. O evento foi conduzido pela psic\u00f3loga Claudia Vieira, que ministrou uma palestra cujo tema foi: &#8220;A arte de dar e receber &#8211; equil\u00edbrio que transforma rela\u00e7\u00f5es&#8221;.<\/p>\n<p>O objetivo \u00e9 fortalecer a rela\u00e7\u00e3o entre profissionais, pacientes e cuidadores, na perspectiva da troca de experi\u00eancias. O encontro tamb\u00e9m \u00e9 oportuno para que os cuidadores possam esclarecer d\u00favidas junto \u00e0 equipe t\u00e9cnica sobre procedimentos na rotina do cuidado.<\/p>\n<p>A psic\u00f3loga destacou a import\u00e2ncia de ter um olhar ampliado a respeito das trocas que acontecem no processo do cuidado com pessoas adoecidas ou incapacitadas. &#8220;O cuidado ao paciente acamado requer uma aten\u00e7\u00e3o especial, um olhar com maior perspectiva. Afinal, o que se pode aprender durante esse processo \u00e9 como encarar tudo com mais leveza&#8221;, descreve Claudia.<\/p>\n<p>Al\u00e9m da palestra, a equipe da UAD tamb\u00e9m ofereceu aos participantes um caf\u00e9 da tarde e um sorteio de brindes, doados pelos pr\u00f3prios funcion\u00e1rios do setor.<\/p>\n<p>&#8220;Esses encontros s\u00e3o fundamentais para estreitarmos os la\u00e7os entre os profissionais da UAD e os cuidadores. Essa inter-rela\u00e7\u00e3o pressup\u00f5e a troca de saberes e aprofundamento constante sobre as t\u00e9cnicas do cuidado, algo essencial tanto ao paciente quanto ao seu cuidador&#8221;, esclarece a enfermeira e coordenadora da UAD, Silvana Teixeira.<\/p>\n<p>Este foi o primeiro encontro de 2024. Segundo a unidade, at\u00e9 o final do ano mais tr\u00eas eventos ser\u00e3o realizados com a mesma finalidade.<\/p>\n<p>Texto: Amauri de Souza (MTb 27.493)\n                            <\/p>\n<\/div><\/div>\n<p><script async defer crossorigin=\"anonymous\" src=\"https:\/\/connect.facebook.net\/pt_BR\/sdk.js#xfbml=1&#038;version=v5.0\"><\/script><br \/>\n<br \/><br \/>\n<br \/><a href=\"https:\/\/www.americana.sp.gov.br\/americana-index.php?a=noticia&#038;id=30458\" rel=\"noopener\">Informa\u00e7\u00f5es PMA<\/a><\/p>\n","protected":false},"excerpt":{"rendered":"<p>Publicada em 27 de Mar\u00e7o de 2024 \u00e0s 16h58 A Secretaria de Sa\u00fade de Americana, por meio da Unidade de Atendimento Domiciliar (UAD), realizou nesta quarta-feira (27) um encontro com cuidadores de pacientes acamados. O evento foi conduzido pela psic\u00f3loga Claudia Vieira, que ministrou uma palestra cujo tema foi: &#8220;A arte de dar e receber [&hellip;]<\/p>\n","protected":false},"author":1,"featured_media":0,"comment_status":"open","ping_status":"open","sticky":false,"template":"","format":"standard","meta":{"_jetpack_newsletter_access":"","_jetpack_dont_email_post_to_subs":false,"_jetpack_newsletter_tier_id":0,"_jetpack_memberships_contains_paywalled_content":false,"_mbp_banners":[],"_jetpack_feature_clip_id":0,"_jetpack_memberships_contains_paid_content":false,"footnotes":"","jetpack_publicize_message":"","jetpack_publicize_feature_enabled":true,"jetpack_social_post_already_shared":true,"jetpack_social_options":{"image_generator_settings":{"template":"highway","default_image_id":0,"font":"","enabled":false},"version":2},"jetpack_post_was_ever_published":false},"categories":[20],"tags":[],"class_list":["post-435","post","type-post","status-publish","format-standard","category-regiao"],"jetpack_publicize_connections":[],"jetpack-related-posts":[],"jetpack_shortlink":"https:\/\/wp.me\/p7Eq1F-71","jetpack_sharing_enabled":true,"jetpack_featured_media_url":"","_links":{"self":[{"href":"https:\/\/guialimeira.com.br\/news\/wp-json\/wp\/v2\/posts\/435","targetHints":{"allow":["GET"]}}],"collection":[{"href":"https:\/\/guialimeira.com.br\/news\/wp-json\/wp\/v2\/posts"}],"about":[{"href":"https:\/\/guialimeira.com.br\/news\/wp-json\/wp\/v2\/types\/post"}],"author":[{"embeddable":true,"href":"https:\/\/guialimeira.com.br\/news\/wp-json\/wp\/v2\/users\/1"}],"replies":[{"embeddable":true,"href":"https:\/\/guialimeira.com.br\/news\/wp-json\/wp\/v2\/comments?post=435"}],"version-history":[{"count":0,"href":"https:\/\/guialimeira.com.br\/news\/wp-json\/wp\/v2\/posts\/435\/revisions"}],"wp:attachment":[{"href":"https:\/\/guialimeira.com.br\/news\/wp-json\/wp\/v2\/media?parent=435"}],"wp:term":[{"taxonomy":"category","embeddable":true,"href":"https:\/\/guialimeira.com.br\/news\/wp-json\/wp\/v2\/categories?post=435"},{"taxonomy":"post_tag","embeddable":true,"href":"https:\/\/guialimeira.com.br\/news\/wp-json\/wp\/v2\/tags?post=435"}],"curies":[{"name":"wp","href":"https:\/\/api.w.org\/{rel}","templated":true}]}}