{"id":43482,"date":"2025-09-03T13:39:27","date_gmt":"2025-09-03T16:39:27","guid":{"rendered":"https:\/\/guialimeira.com.br\/?p=43482"},"modified":"2025-09-03T13:39:30","modified_gmt":"2025-09-03T16:39:30","slug":"suzano-fortalece-educacao-ambiental-com-o-programa-guardioes-da-floresta-no-interior-de-sao-paulo","status":"publish","type":"post","link":"https:\/\/guialimeira.com.br\/news\/suzano-fortalece-educacao-ambiental-com-o-programa-guardioes-da-floresta-no-interior-de-sao-paulo\/","title":{"rendered":"Suzano fortalece educa\u00e7\u00e3o ambiental com o programa \u201cGuardi\u00f5es da Floresta\u201d no interior de S\u00e3o Paulo"},"content":{"rendered":"\n<p class=\"wp-block-paragraph\"><em>Iniciativa j\u00e1 envolveu milhares de alunos(as), educadores(as) e moradores(as) de \u00e1reas rurais em a\u00e7\u00f5es de conscientiza\u00e7\u00e3o&nbsp;<\/em><em>que refor\u00e7am a preserva\u00e7\u00e3o das florestas e o combate a crimes ambientais<\/em><\/p>\n\n\n\n<p class=\"wp-block-paragraph\">Com a miss\u00e3o de promover uma atua\u00e7\u00e3o preventiva e cooperativa na preserva\u00e7\u00e3o ambiental, a Suzano, maior produtora mundial de celulose e refer\u00eancia global na fabrica\u00e7\u00e3o de bioprodutos desenvolvidos a partir do eucalipto,&nbsp;vem ampliando suas a\u00e7\u00f5es de conscientiza\u00e7\u00e3o e educa\u00e7\u00e3o ambiental por meio do programa Guardi\u00f5es da Floresta. No Estado de S\u00e3o Paulo, este ano, as atividades est\u00e3o sendo realizadas em escolas e comunidades de quatro cidades do interior \u2013 Jambeiro, Natividade da Serra, Alambari e Alum\u00ednio \u2013 e j\u00e1 alcan\u00e7aram mais de 280 alunos(as), 40 profissionais da \u00e1rea educacional (Ensinos Fundamental e M\u00e9dio) e mais de 5,5 mil moradores(as) em \u00e1reas rurais.<\/p>\n\n\n\n<p class=\"wp-block-paragraph\">Criado em 2023, o programa \u00e9 conduzido pelas equipes de Intelig\u00eancia Patrimonial e de Preven\u00e7\u00e3o e Combate a Inc\u00eandios Florestais da companhia, com o objetivo de fortalecer o relacionamento com as comunidades vizinhas \u00e0s \u00e1reas de atua\u00e7\u00e3o da empresa. Somente em 2024, a iniciativa impactou mais de 28 mil pessoas nos estados de S\u00e3o Paulo, Esp\u00edrito Santo, Bahia, Maranh\u00e3o e Mato Grosso do Sul.<\/p>\n\n\n\n<p class=\"wp-block-paragraph\">\u201cNa Suzano, acreditamos que s\u00f3 \u00e9 bom para n\u00f3s se for bom para o mundo. Por isso, mantemos um di\u00e1logo permanente com as comunidades do entorno, promovendo a conscientiza\u00e7\u00e3o ambiental, com foco na prote\u00e7\u00e3o dos recursos naturais. Com o programa Guardi\u00f5es da Floresta, nossas equipes desenvolvem um trabalho educativo com as crian\u00e7as e de orienta\u00e7\u00e3o direta com os(as) moradores(as), al\u00e9m de disponibilizar e incentivar o uso de canais de den\u00fancia para combater pr\u00e1ticas ilegais. Estamos felizes com os resultados desse trabalho e pretendemos ampliar cada vez mais essa atua\u00e7\u00e3o\u201d, afirma Rodrigo Pimentel, coordenador de Preven\u00e7\u00e3o e Combate a Inc\u00eandios Florestais da Suzano.<\/p>\n\n\n\n<p class=\"wp-block-paragraph\"><strong>Educa\u00e7\u00e3o e conscientiza\u00e7\u00e3o em escolas<\/strong><\/p>\n\n\n\n<p class=\"wp-block-paragraph\">Neste ano, participam da iniciativa escolas municipais como a Escola Municipal de Educa\u00e7\u00e3o Infantil e Ensino Fundamental (EMEIEF) Jos\u00e9 Gra\u00e7a, de Alambari, entre outras institui\u00e7\u00f5es de ensino do pa\u00eds. Nas escolas, o programa trabalha com uma abordagem preventiva e educativa, que busca transmitir aos(\u00e0s) alunos(as) conceitos de ecologia, sustentabilidade, preserva\u00e7\u00e3o ambiental e combate a crimes ambientais. As crian\u00e7as participam de atividades l\u00fadicas e s\u00e3o incentivadas a compartilhar o que aprenderam com suas fam\u00edlias, ampliando o alcance da mensagem.<\/p>\n\n\n\n<p class=\"wp-block-paragraph\">Os temas trabalhados incluem preven\u00e7\u00e3o de inc\u00eandios florestais, combate ao desmatamento, descarte irregular de res\u00edduos, polui\u00e7\u00e3o, extrativismo ilegal, preserva\u00e7\u00e3o da biodiversidade e combate \u00e0 ca\u00e7a e pesca ilegais. Durante as a\u00e7\u00f5es, os(as) estudantes recebem kits educativos e os(as) professores(as) s\u00e3o contemplados(as) com materiais de apoio voltados ao ensino de sustentabilidade e promo\u00e7\u00e3o da sa\u00fade.<\/p>\n\n\n\n<p class=\"wp-block-paragraph\">\u201cReceber o Programa Guardi\u00f5es da Floresta em nossa escola foi um privil\u00e9gio. O projeto trouxe aos(\u00e0s) nossos(as) alunos(as) a consci\u00eancia de que preservar os recursos naturais hoje \u00e9 garantir qualidade de vida no futuro. De forma l\u00fadica e envolvente, as crian\u00e7as aprenderam sobre pr\u00e1ticas sustent\u00e1veis e passaram a se sentir respons\u00e1veis por compartilhar esse conhecimento com suas fam\u00edlias e comunidade. \u00c9 gratificante ver nossos(as) estudantes(as) se tornando protagonistas dessa causa e compreendendo que s\u00e3o, de fato, Guardi\u00f5es da Floresta. Parabenizo a Suzano e toda a equipe envolvida por essa iniciativa transformadora, que certamente deixar\u00e1 marcas positivas na forma\u00e7\u00e3o de cidad\u00e3os mais conscientes e atuantes\u201d, comentou Glaucia Lobo, diretora da escola de Alambari.<\/p>\n\n\n\n<p class=\"wp-block-paragraph\"><strong>Atua\u00e7\u00e3o junto \u00e0 comunidade<\/strong><\/p>\n\n\n\n<p class=\"wp-block-paragraph\">O programa Guardi\u00f5es da Floresta tamb\u00e9m atua diretamente com o p\u00fablico adulto das comunidades pr\u00f3ximas, promovendo rodas de conversa e fazendo abordagens de orienta\u00e7\u00e3o sobre temas como ca\u00e7a e pesca predat\u00f3rias, desmatamento, invas\u00f5es de terra, queimadas e polui\u00e7\u00e3o.<\/p>\n\n\n\n<p class=\"wp-block-paragraph\">A comunidade tamb\u00e9m pode contribuir ativamente com o projeto por meio do canal gratuito de telefone e WhatsApp 0800 203 0000, dispon\u00edvel para den\u00fancias de pr\u00e1ticas prejudiciais ao meio ambiente. As den\u00fancias podem ser feitas de forma an\u00f4nima, colaborando com a prote\u00e7\u00e3o ambiental e com o fortalecimento da atua\u00e7\u00e3o conjunta entre empresa e comunidade.<\/p>\n\n\n\n<p class=\"wp-block-paragraph\">A iniciativa est\u00e1 alinhada aos Compromissos para Renovar a Vida, conjunto de metas p\u00fablicas da Suzano para promover o desenvolvimento sustent\u00e1vel, em conformidade com os Objetivos de Desenvolvimento Sustent\u00e1vel (ODS) da Organiza\u00e7\u00e3o das Na\u00e7\u00f5es Unidas (ONU).<\/p>\n\n\n\n<p class=\"wp-block-paragraph\"><strong><u>Sobre a Suzano<\/u><\/strong><\/p>\n\n\n\n<p class=\"wp-block-paragraph\">A Suzano \u00e9 a maior produtora mundial de celulose, uma das maiores fabricantes de pap\u00e9is da Am\u00e9rica Latina e l\u00edder no segmento de papel higi\u00eanico no Brasil. A companhia adota as melhores pr\u00e1ticas de inova\u00e7\u00e3o e sustentabilidade para desenvolver produtos e solu\u00e7\u00f5es a partir de mat\u00e9ria-prima renov\u00e1vel. Os produtos da Suzano est\u00e3o presentes na vida de mais de 2 bilh\u00f5es de pessoas, cerca de 25% da popula\u00e7\u00e3o mundial, e incluem celulose; itens para higiene pessoal como papel higi\u00eanico e guardanapos; pap\u00e9is para embalagens, copos e canudos; pap\u00e9is para imprimir e escrever, entre outros produtos desenvolvidos para atender \u00e0 crescente necessidade do planeta por itens mais sustent\u00e1veis. Entre suas marcas no Brasil est\u00e3o Neve\u00ae, P\u00f3len\u00ae, Suzano Report\u00ae, Mimmo\u00ae, entre outras. Com sede no Brasil e opera\u00e7\u00f5es na Am\u00e9rica Latina, Am\u00e9rica do Norte, Europa e \u00c1sia, a empresa tem mais de 100 anos de hist\u00f3ria e a\u00e7\u00f5es negociadas nas bolsas do Brasil (SUZB3) e dos Estados Unidos (SUZ). Saiba mais em:&nbsp;<a href=\"http:\/\/www.suzano.com.br\/\" target=\"_blank\" rel=\"noreferrer noopener\">www.suzano.com.br<\/a>.<\/p>\n","protected":false},"excerpt":{"rendered":"<p>Iniciativa j\u00e1 envolveu milhares de alunos(as), educadores(as) e moradores(as) de \u00e1reas rurais em a\u00e7\u00f5es de conscientiza\u00e7\u00e3o&nbsp;que refor\u00e7am a preserva\u00e7\u00e3o das florestas e o combate a crimes ambientais Com a miss\u00e3o de promover uma atua\u00e7\u00e3o preventiva e cooperativa na preserva\u00e7\u00e3o ambiental, a Suzano, maior produtora mundial de celulose e refer\u00eancia global na fabrica\u00e7\u00e3o de bioprodutos desenvolvidos [&hellip;]<\/p>\n","protected":false},"author":2,"featured_media":43483,"comment_status":"open","ping_status":"open","sticky":false,"template":"","format":"standard","meta":{"_jetpack_newsletter_access":"","_jetpack_dont_email_post_to_subs":false,"_jetpack_newsletter_tier_id":0,"_jetpack_memberships_contains_paywalled_content":false,"_mbp_banners":[],"_jetpack_feature_clip_id":0,"_jetpack_memberships_contains_paid_content":false,"footnotes":"","jetpack_publicize_message":"","jetpack_publicize_feature_enabled":true,"jetpack_social_post_already_shared":false,"jetpack_social_options":{"image_generator_settings":{"template":"highway","default_image_id":0,"enabled":false},"version":2},"jetpack_post_was_ever_published":false},"categories":[16],"tags":[],"class_list":["post-43482","post","type-post","status-publish","format-standard","has-post-thumbnail","category-local"],"jetpack_publicize_connections":[],"jetpack-related-posts":[],"jetpack_shortlink":"https:\/\/wp.me\/p7Eq1F-bjk","jetpack_sharing_enabled":true,"jetpack_featured_media_url":"https:\/\/i0.wp.com\/guialimeira.com.br\/news\/wp-content\/uploads\/2025\/09\/Captura-de-tela-2025-09-03-133830.png?fit=1041%2C602&ssl=1","_links":{"self":[{"href":"https:\/\/guialimeira.com.br\/news\/wp-json\/wp\/v2\/posts\/43482","targetHints":{"allow":["GET"]}}],"collection":[{"href":"https:\/\/guialimeira.com.br\/news\/wp-json\/wp\/v2\/posts"}],"about":[{"href":"https:\/\/guialimeira.com.br\/news\/wp-json\/wp\/v2\/types\/post"}],"author":[{"embeddable":true,"href":"https:\/\/guialimeira.com.br\/news\/wp-json\/wp\/v2\/users\/2"}],"replies":[{"embeddable":true,"href":"https:\/\/guialimeira.com.br\/news\/wp-json\/wp\/v2\/comments?post=43482"}],"version-history":[{"count":1,"href":"https:\/\/guialimeira.com.br\/news\/wp-json\/wp\/v2\/posts\/43482\/revisions"}],"predecessor-version":[{"id":43484,"href":"https:\/\/guialimeira.com.br\/news\/wp-json\/wp\/v2\/posts\/43482\/revisions\/43484"}],"wp:featuredmedia":[{"embeddable":true,"href":"https:\/\/guialimeira.com.br\/news\/wp-json\/wp\/v2\/media\/43483"}],"wp:attachment":[{"href":"https:\/\/guialimeira.com.br\/news\/wp-json\/wp\/v2\/media?parent=43482"}],"wp:term":[{"taxonomy":"category","embeddable":true,"href":"https:\/\/guialimeira.com.br\/news\/wp-json\/wp\/v2\/categories?post=43482"},{"taxonomy":"post_tag","embeddable":true,"href":"https:\/\/guialimeira.com.br\/news\/wp-json\/wp\/v2\/tags?post=43482"}],"curies":[{"name":"wp","href":"https:\/\/api.w.org\/{rel}","templated":true}]}}