{"id":4345,"date":"2024-05-09T09:49:45","date_gmt":"2024-05-09T12:49:45","guid":{"rendered":"https:\/\/guialimeira.com.br\/2024\/05\/09\/sp-promove-encontros-para-fortalecer-politicas-de-fomento\/"},"modified":"2024-05-09T09:49:45","modified_gmt":"2024-05-09T12:49:45","slug":"sp-promove-encontros-para-fortalecer-politicas-de-fomento","status":"publish","type":"post","link":"https:\/\/guialimeira.com.br\/news\/sp-promove-encontros-para-fortalecer-politicas-de-fomento\/","title":{"rendered":"SP promove encontros para fortalecer pol\u00edticas de fomento"},"content":{"rendered":"<p> <br \/>\n<\/p>\n<div id=\"\">&#13;<br \/>\n                                <!-- Title -->&#13;<br \/>\n                                &#13;<br \/>\n&#13;<br \/>\n                                <!-- Excerpt -->&#13;<\/p>\n<p class=\"excerpt\">Durante esses eventos ser\u00e3o realizadas consultas p\u00fablicas com a participa\u00e7\u00e3o de dirigentes e agentes culturais e da sociedade<\/p>\n<p>&#13;<br \/>\n&#13;<br \/>\n                                &#13;\n                            <\/p><\/div>\n<div id=\"\">&#13;<\/p>\n<figure id=\"attachment_5880894\" style=\"width: 100%;max-width: 1000px\" class=\"wp-caption alignnone caption-hide\"><img data-recalc-dims=\"1\" decoding=\"async\" loading=\"lazy\" class=\"size-full wp-image-5880894\" src=\"https:\/\/i0.wp.com\/www.saopaulo.sp.gov.br\/wp-content\/uploads\/2024\/05\/FESTIVAL-DE-PRIMAVERA-DA-CHINA-8.jpg?resize=696%2C464&#038;ssl=1\" alt=\"\" width=\"696\" height=\"464\" srcset=\"https:\/\/www.saopaulo.sp.gov.br\/wp-content\/uploads\/2024\/05\/FESTIVAL-DE-PRIMAVERA-DA-CHINA-8.jpg 1000w, https:\/\/www.saopaulo.sp.gov.br\/wp-content\/uploads\/2024\/05\/FESTIVAL-DE-PRIMAVERA-DA-CHINA-8-300x200.jpg 300w, https:\/\/www.saopaulo.sp.gov.br\/wp-content\/uploads\/2024\/05\/FESTIVAL-DE-PRIMAVERA-DA-CHINA-8-768x512.jpg 768w\" sizes=\"auto, (max-width: 1000px) 100vw, 1000px\"\/><\/figure>\n<p>O Governo do Estado de S\u00e3o Paulo, por meio da Secretaria da Cultura, Economia e Ind\u00fastria Criativas, promove durante o m\u00eas de maio uma s\u00e9rie de encontros presenciais em diversas regi\u00f5es do estado para discutir os programas de fomento \u00e0 cultura e economia criativa. As pol\u00edticas atuais disp\u00f5em de recursos or\u00e7ament\u00e1rios provenientes da Lei 12.268 ProAc Editais e da Lei 14.399 \u2013 Pol\u00edtica Nacional Aldir Blanc (Pnab).<\/p>\n<p>Durante esses eventos ser\u00e3o realizadas consultas p\u00fablicas com a participa\u00e7\u00e3o de dirigentes e agentes culturais, al\u00e9m de representantes da sociedade civil e da popula\u00e7\u00e3o local para promover um planejamento participativo para a utiliza\u00e7\u00e3o dos recursos previstos at\u00e9 2027.<\/p>\n<p>A primeira etapa desses encontros ocorreu de fevereiro a mar\u00e7o na sede da secretaria, na capital paulista, com transmiss\u00e3o on-line. Agora na segunda etapa, ser\u00e1 expandida para outras localidades. Todos os segmentos do setor cultural e art\u00edstico do estado de S\u00e3o Paulo s\u00e3o convidados a participar ativamente para contribuir para o fortalecimento da cultura em nosso estado.<\/p>\n<p>Para participar dos encontros, os agentes e interessados devem comparecer no local, dia e hor\u00e1rio conforme indicado:<\/p>\n<p><strong>9\/5 \u00e0s 14h30 \u2013 S\u00e3o Jos\u00e9 do Rio Preto<\/strong><br \/>Teatro Municipal Nelson Castro, Av. Feliciano Sales Cunha, 1020, Jd. Novo Aeroporto.<\/p>\n<p><strong>15\/5 \u00e0s 18h \u2013 Mogi das Cruzes<\/strong><br \/>Centro Cultural de Mogi das Cruzes, Pra\u00e7a Mons. Roque Pinto de Barros, 360, Centro.<br \/><strong><br \/>Formul\u00e1rio on-line<\/strong><\/p>\n<p>Al\u00e9m da busca ativa, a gest\u00e3o estadual tamb\u00e9m disponibilizou um formul\u00e1rio para participa\u00e7\u00e3o na elabora\u00e7\u00e3o das iniciativas de fomento, englobando n\u00e3o apenas as a\u00e7\u00f5es planejadas para a implanta\u00e7\u00e3o da Pol\u00edtica Nacional Aldir Blanc (Pnab), mas tamb\u00e9m o Programa de A\u00e7\u00e3o Cultural \u2013 ProAc Editais. Este formul\u00e1rio est\u00e1 aberto a agentes culturais e membros da sociedade civil, oferecendo a oportunidade de contribuir para a elabora\u00e7\u00e3o do Plano Anual de Aplica\u00e7\u00e3o dos Recursos (Paar) no Fomento do Estado de S\u00e3o Paulo.<\/p>\n<p>O principal objetivo \u00e9 planejar o fomento \u00e0 cultura, alocando recursos para o desenvolvimento de programas e pol\u00edticas culturais nos pr\u00f3ximos cinco anos. Os interessados em contribuir podem acessar a pesquisa at\u00e9 o pr\u00f3ximo dia 15 de maio, pelo\u00a0<a href=\"https:\/\/forms.office.com\/pages\/responsepage.aspx?id=zbB4Oo58KUmD1RkKbMATZWQOj4d1MNdCqka9cXLNFntUNjgxUkdRVjgxMk40VlgyWVZENEsxVFU5MC4u\" rel=\"noopener\">link<\/a>.<\/p>\n<p>O Paar \u00e9 uma descri\u00e7\u00e3o do Plano de A\u00e7\u00e3o registrado pelo Estado de S\u00e3o Paulo na Plataforma Transferegov no momento de sua ades\u00e3o \u00e0 Pnab. A partir das metas e a\u00e7\u00f5es previamente definidas, os entes federativos v\u00e3o detalhar as atividades, valores correspondentes, resultados esperados, entre outras informa\u00e7\u00f5es essenciais que guiar\u00e3o a execu\u00e7\u00e3o dos recursos.<\/p>\n<p>Para d\u00favidas e orienta\u00e7\u00f5es, a secretaria disponibiliza os seguintes telefones: (11) 3339-8000 ou (11) 3339.8144. Al\u00e9m deles, para d\u00favidas relacionadas ao ProAc Editais, o e-mail comunicacaoproaceditais@sp.gov.br; e Pnab, atendimentopnab@sp.gov.br.<\/p>\n<p>Siga o canal \u201cGoverno de S\u00e3o Paulo\u201d no WhatsApp:<br \/><a href=\"https:\/\/bit.ly\/govspnozap\" target=\"_blank\" rel=\"noopener noreferrer\">https:\/\/bit.ly\/govspnozap<\/a><\/p>\n<\/p><\/div>\n<p><br \/>\n<br \/><a href=\"https:\/\/www.saopaulo.sp.gov.br\/spnoticias\/ultimas-noticias\/sp-promove-encontros-para-fortalecer-politicas-de-fomento\/\" rel=\"noopener\">Informa\u00e7\u00f5es GOV.SP<\/a><\/p>\n","protected":false},"excerpt":{"rendered":"<p>&#13; &#13; &#13; &#13; &#13; Durante esses eventos ser\u00e3o realizadas consultas p\u00fablicas com a participa\u00e7\u00e3o de dirigentes e agentes culturais e da sociedade &#13; &#13; &#13; &#13; O Governo do Estado de S\u00e3o Paulo, por meio da Secretaria da Cultura, Economia e Ind\u00fastria Criativas, promove durante o m\u00eas de maio uma s\u00e9rie de encontros presenciais [&hellip;]<\/p>\n","protected":false},"author":1,"featured_media":4346,"comment_status":"open","ping_status":"open","sticky":false,"template":"","format":"standard","meta":{"_jetpack_newsletter_access":"","_jetpack_dont_email_post_to_subs":false,"_jetpack_newsletter_tier_id":0,"_jetpack_memberships_contains_paywalled_content":false,"_mbp_banners":[],"_jetpack_feature_clip_id":0,"_jetpack_memberships_contains_paid_content":false,"footnotes":"","jetpack_publicize_message":"","jetpack_publicize_feature_enabled":true,"jetpack_social_post_already_shared":true,"jetpack_social_options":{"image_generator_settings":{"template":"highway","default_image_id":0,"font":"","enabled":false},"version":2},"jetpack_post_was_ever_published":false},"categories":[21],"tags":[],"class_list":["post-4345","post","type-post","status-publish","format-standard","has-post-thumbnail","category-sp-news"],"jetpack_publicize_connections":[],"jetpack-related-posts":[],"jetpack_shortlink":"https:\/\/wp.me\/p7Eq1F-185","jetpack_sharing_enabled":true,"jetpack_featured_media_url":"https:\/\/i0.wp.com\/guialimeira.com.br\/news\/wp-content\/uploads\/2024\/05\/SP-promove-encontros-para-fortalecer-politicas-de-fomento.jpg?fit=1000%2C667&ssl=1","_links":{"self":[{"href":"https:\/\/guialimeira.com.br\/news\/wp-json\/wp\/v2\/posts\/4345","targetHints":{"allow":["GET"]}}],"collection":[{"href":"https:\/\/guialimeira.com.br\/news\/wp-json\/wp\/v2\/posts"}],"about":[{"href":"https:\/\/guialimeira.com.br\/news\/wp-json\/wp\/v2\/types\/post"}],"author":[{"embeddable":true,"href":"https:\/\/guialimeira.com.br\/news\/wp-json\/wp\/v2\/users\/1"}],"replies":[{"embeddable":true,"href":"https:\/\/guialimeira.com.br\/news\/wp-json\/wp\/v2\/comments?post=4345"}],"version-history":[{"count":0,"href":"https:\/\/guialimeira.com.br\/news\/wp-json\/wp\/v2\/posts\/4345\/revisions"}],"wp:featuredmedia":[{"embeddable":true,"href":"https:\/\/guialimeira.com.br\/news\/wp-json\/wp\/v2\/media\/4346"}],"wp:attachment":[{"href":"https:\/\/guialimeira.com.br\/news\/wp-json\/wp\/v2\/media?parent=4345"}],"wp:term":[{"taxonomy":"category","embeddable":true,"href":"https:\/\/guialimeira.com.br\/news\/wp-json\/wp\/v2\/categories?post=4345"},{"taxonomy":"post_tag","embeddable":true,"href":"https:\/\/guialimeira.com.br\/news\/wp-json\/wp\/v2\/tags?post=4345"}],"curies":[{"name":"wp","href":"https:\/\/api.w.org\/{rel}","templated":true}]}}