{"id":43356,"date":"2025-09-02T12:53:18","date_gmt":"2025-09-02T15:53:18","guid":{"rendered":"https:\/\/guialimeira.com.br\/?p=43356"},"modified":"2025-09-02T12:53:18","modified_gmt":"2025-09-02T15:53:18","slug":"carreta-da-mamografia-ja-atende-em-cordeiropolis-prefeitura-municipal-de-cordeiropolis","status":"publish","type":"post","link":"https:\/\/guialimeira.com.br\/news\/carreta-da-mamografia-ja-atende-em-cordeiropolis-prefeitura-municipal-de-cordeiropolis\/","title":{"rendered":"Carreta da Mamografia j\u00e1 atende em Cordeir\u00f3polis \u2013 Prefeitura Municipal de Cordeir\u00f3polis"},"content":{"rendered":"<p> <br \/>\n<\/p>\n<div>\n<p>A Carreta da Mamografia, do programa Mulheres de Peito, j\u00e1 est\u00e1 em Cordeir\u00f3polis. Instalada no estacionamento do Gin\u00e1sio de Esportes do Centro, a unidade m\u00f3vel ficar\u00e1 na cidade at\u00e9 13 de setembro com atendimento gratuito para mulheres.<\/p>\n<p>O funcionamento \u00e9 de segunda a sexta-feira, das 8h \u00e0s 17h. Aos s\u00e1bados, a carreta atender\u00e1 25 pacientes, das 8h \u00e0s 12h. As senhas distribu\u00eddas diariamente s\u00e3o limitadas. As mulheres entre 50 e 69 anos devem levar apenas RG e Cart\u00e3o SUS. J\u00e1 as mulheres de 35 a 49 anos e acima de 70 anos precisam apresentar pedido m\u00e9dico SUS, Cart\u00e3o SUS e RG.<\/p>\n<p>Os exames s\u00e3o realizados no mesmo dia. As pacientes recebem as imagens impressas na hora, enquanto os laudos ficam dispon\u00edveis em at\u00e9 48 horas pela internet, por meio de login e senha fornecidos no atendimento. \u201cAs mulheres que j\u00e1 aguardavam mamografia s\u00e3o direcionadas para a carreta\u201d, explica a secret\u00e1ria de Sa\u00fade, Regiane Portes Mendes.<\/p>\n<p>\u201cIsso \u00e9 fruto de uma parceria entre munic\u00edpio e o estado, levando preven\u00e7\u00e3o \u00e0s mulheres de Cordeir\u00f3polis. O objetivo \u00e9 ampliar o acesso ao diagn\u00f3stico precoce do c\u00e2ncer de mama, fundamental para salvar vidas\u201d, destaca a prefeita Cristina Saad, que acompanhou o in\u00edcio dos atendimentos com Regiane, o chefe de Gabinete, Denis Suidedos, o vereador Rozimar Rodrigues e a equipe da Sa\u00fade.<\/p>\n<figure class=\"wp-block-gallery has-nested-images columns-default is-cropped wp-block-gallery-1 is-layout-flex wp-block-gallery-is-layout-flex\">\n<figure class=\"wp-block-image size-large\"><\/figure>\n<figure class=\"wp-block-image size-large\"><img data-recalc-dims=\"1\" decoding=\"async\" data-attachment-id=\"31124\" data-permalink=\"https:\/\/guialimeira.com.br\/news\/apos-almoco-stf-retoma-julgamento-do-nucleo-2-da-trama-golpista\/54468718349_89a9f3209e_o-jpg\/\" data-orig-file=\"https:\/\/i0.wp.com\/guialimeira.com.br\/news\/wp-content\/uploads\/2025\/04\/54468718349_89a9f3209e_o.jpg?fit=1600%2C800&amp;ssl=1\" data-orig-size=\"1600,800\" data-comments-opened=\"1\" data-image-meta=\"{&quot;aperture&quot;:&quot;0&quot;,&quot;credit&quot;:&quot;&quot;,&quot;camera&quot;:&quot;&quot;,&quot;caption&quot;:&quot;&quot;,&quot;created_timestamp&quot;:&quot;0&quot;,&quot;copyright&quot;:&quot;&quot;,&quot;focal_length&quot;:&quot;0&quot;,&quot;iso&quot;:&quot;0&quot;,&quot;shutter_speed&quot;:&quot;0&quot;,&quot;title&quot;:&quot;&quot;,&quot;orientation&quot;:&quot;0&quot;}\" data-image-title=\"54468718349_89a9f3209e_o.jpg\" data-image-description=\"\" data-image-caption=\"\" data-large-file=\"https:\/\/i0.wp.com\/guialimeira.com.br\/news\/wp-content\/uploads\/2025\/04\/54468718349_89a9f3209e_o.jpg?fit=696%2C348&amp;ssl=1\" loading=\"lazy\" width=\"696\" height=\"392\" data-id=\"31124\" src=\"https:\/\/i0.wp.com\/guialimeira.com.br\/wp-content\/uploads\/2025\/09\/1756828397_654_Carreta-da-Mamografia-ja-atende-em-Cordeiropolis-%E2%80%93-Prefeitura-Municipal.jpg?resize=696%2C392&#038;ssl=1\" alt=\"\" class=\"wp-image-31124\" \/><\/figure>\n<figure class=\"wp-block-image size-large\"><img data-recalc-dims=\"1\" decoding=\"async\" loading=\"lazy\" width=\"696\" height=\"392\" data-id=\"31125\" src=\"https:\/\/i0.wp.com\/guialimeira.com.br\/wp-content\/uploads\/2025\/09\/1756828397_687_Carreta-da-Mamografia-ja-atende-em-Cordeiropolis-%E2%80%93-Prefeitura-Municipal.jpg?resize=696%2C392&#038;ssl=1\" alt=\"\" class=\"wp-image-31125\" \/><\/figure>\n<\/figure><\/div>\n<p><br \/>\n<br \/><a href=\"https:\/\/www.cordeiropolis.sp.gov.br\/carreta-da-mamografia-ja-atende-em-cordeiropolis\/\" rel=\"noopener\">Informa\u00e7\u00f5es Cordeir\u00f3polis <\/a><\/p>\n","protected":false},"excerpt":{"rendered":"<p>A Carreta da Mamografia, do programa Mulheres de Peito, j\u00e1 est\u00e1 em Cordeir\u00f3polis. Instalada no estacionamento do Gin\u00e1sio de Esportes do Centro, a unidade m\u00f3vel ficar\u00e1 na cidade at\u00e9 13 de setembro com atendimento gratuito para mulheres. O funcionamento \u00e9 de segunda a sexta-feira, das 8h \u00e0s 17h. Aos s\u00e1bados, a carreta atender\u00e1 25 pacientes, [&hellip;]<\/p>\n","protected":false},"author":1,"featured_media":43357,"comment_status":"open","ping_status":"open","sticky":false,"template":"","format":"standard","meta":{"_jetpack_newsletter_access":"","_jetpack_dont_email_post_to_subs":false,"_jetpack_newsletter_tier_id":0,"_jetpack_memberships_contains_paywalled_content":false,"_mbp_banners":[],"_jetpack_feature_clip_id":0,"_jetpack_memberships_contains_paid_content":false,"footnotes":"","jetpack_publicize_message":"","jetpack_publicize_feature_enabled":true,"jetpack_social_post_already_shared":true,"jetpack_social_options":{"image_generator_settings":{"template":"highway","default_image_id":0,"font":"","enabled":false},"version":2},"jetpack_post_was_ever_published":false},"categories":[20],"tags":[],"class_list":["post-43356","post","type-post","status-publish","format-standard","has-post-thumbnail","category-regiao"],"jetpack_publicize_connections":[],"jetpack-related-posts":[],"jetpack_shortlink":"https:\/\/wp.me\/p7Eq1F-bhi","jetpack_sharing_enabled":true,"jetpack_featured_media_url":"https:\/\/i0.wp.com\/guialimeira.com.br\/news\/wp-content\/uploads\/2025\/09\/Carreta-da-Mamografia-ja-atende-em-Cordeiropolis-%E2%80%93-Prefeitura-Municipal.jpg?fit=1024%2C576&ssl=1","_links":{"self":[{"href":"https:\/\/guialimeira.com.br\/news\/wp-json\/wp\/v2\/posts\/43356","targetHints":{"allow":["GET"]}}],"collection":[{"href":"https:\/\/guialimeira.com.br\/news\/wp-json\/wp\/v2\/posts"}],"about":[{"href":"https:\/\/guialimeira.com.br\/news\/wp-json\/wp\/v2\/types\/post"}],"author":[{"embeddable":true,"href":"https:\/\/guialimeira.com.br\/news\/wp-json\/wp\/v2\/users\/1"}],"replies":[{"embeddable":true,"href":"https:\/\/guialimeira.com.br\/news\/wp-json\/wp\/v2\/comments?post=43356"}],"version-history":[{"count":1,"href":"https:\/\/guialimeira.com.br\/news\/wp-json\/wp\/v2\/posts\/43356\/revisions"}],"predecessor-version":[{"id":43358,"href":"https:\/\/guialimeira.com.br\/news\/wp-json\/wp\/v2\/posts\/43356\/revisions\/43358"}],"wp:featuredmedia":[{"embeddable":true,"href":"https:\/\/guialimeira.com.br\/news\/wp-json\/wp\/v2\/media\/43357"}],"wp:attachment":[{"href":"https:\/\/guialimeira.com.br\/news\/wp-json\/wp\/v2\/media?parent=43356"}],"wp:term":[{"taxonomy":"category","embeddable":true,"href":"https:\/\/guialimeira.com.br\/news\/wp-json\/wp\/v2\/categories?post=43356"},{"taxonomy":"post_tag","embeddable":true,"href":"https:\/\/guialimeira.com.br\/news\/wp-json\/wp\/v2\/tags?post=43356"}],"curies":[{"name":"wp","href":"https:\/\/api.w.org\/{rel}","templated":true}]}}