{"id":4331,"date":"2024-05-09T07:47:42","date_gmt":"2024-05-09T10:47:42","guid":{"rendered":"https:\/\/guialimeira.com.br\/2024\/05\/09\/detran-sp-realiza-operacao-sobre-seguranca-no-transito\/"},"modified":"2024-05-09T07:47:42","modified_gmt":"2024-05-09T10:47:42","slug":"detran-sp-realiza-operacao-sobre-seguranca-no-transito","status":"publish","type":"post","link":"https:\/\/guialimeira.com.br\/news\/detran-sp-realiza-operacao-sobre-seguranca-no-transito\/","title":{"rendered":"Detran-SP realiza opera\u00e7\u00e3o sobre seguran\u00e7a no tr\u00e2nsito"},"content":{"rendered":"<p> <br \/>\n<\/p>\n<div id=\"\">&#13;<\/p>\n<figure id=\"attachment_5880732\" style=\"width: 100%;max-width: 752px\" class=\"wp-caption alignnone caption-hide\"><img data-recalc-dims=\"1\" decoding=\"async\" loading=\"lazy\" class=\"wp-image-5880732\" src=\"https:\/\/i0.wp.com\/www.saopaulo.sp.gov.br\/wp-content\/uploads\/2024\/05\/capa07052024-300x191.jpeg?resize=696%2C443&#038;ssl=1\" alt=\"\" width=\"696\" height=\"443\" srcset=\"https:\/\/www.saopaulo.sp.gov.br\/wp-content\/uploads\/2024\/05\/capa07052024-300x191.jpeg 300w, https:\/\/www.saopaulo.sp.gov.br\/wp-content\/uploads\/2024\/05\/capa07052024-1024x652.jpeg 1024w, https:\/\/www.saopaulo.sp.gov.br\/wp-content\/uploads\/2024\/05\/capa07052024-768x489.jpeg 768w, https:\/\/www.saopaulo.sp.gov.br\/wp-content\/uploads\/2024\/05\/capa07052024.jpeg 1130w\" sizes=\"auto, (max-width: 752px) 100vw, 752px\"\/><figcaption class=\"wp-caption-text\">A campanha de Maio Amarelo promove o slogan: \u201cPaz no tr\u00e2nsito come\u00e7a por voc\u00ea\u201d<\/figcaption><\/figure>\n<p dir=\"ltr\">\u201cEu bebi, peguei o volante e apaguei. Acordei com a batida. O carro deu perda total, mas eu poderia ter morrido ou causado a morte de algu\u00e9m. Foi um grande aviso. Nunca mais fa\u00e7o isso.\u201d O depoimento poderia ser parte de uma campanha publicit\u00e1ria educativa sobre a mistura fatal de \u00e1lcool e dire\u00e7\u00e3o, mas n\u00e3o \u00e9. O relato \u00e9 do enfermeiro Fl\u00e1vio Conte Vieira, um dos 278 motoristas fiscalizados no \u00faltimo final de semana, na zona leste paulistana, pela Opera\u00e7\u00e3o Dire\u00e7\u00e3o Segura Integrada (ODSI), a\u00e7\u00e3o de preven\u00e7\u00e3o e conscientiza\u00e7\u00e3o realizada pelo Departamento Estadual de Tr\u00e2nsito de S\u00e3o Paulo (Detran-SP) em parceria com as pol\u00edcias Civil, Militar e T\u00e9cnico-Cient\u00edfica.<\/p>\n<p dir=\"ltr\">Ele ressaltou a import\u00e2ncia do alerta aos motoristas: \u201cEduca\u00e7\u00e3o \u00e9 tudo. \u00c9 seguran\u00e7a para todos n\u00f3s.\u201d Frequentes em todo o estado, as ODSI abordaram 37% mais condutores nos \u00faltimos 12 meses \u2013 e est\u00e3o sendo refor\u00e7adas neste m\u00eas, em fun\u00e7\u00e3o do Maio Amarelo, movimento internacional dedicado \u00e0 redu\u00e7\u00e3o de sinistros de tr\u00e2nsito.<\/p>\n<p dir=\"ltr\"><a href=\"https:\/\/www.saopaulo.sp.gov.br\/spnoticias\/ultimas-noticias\/seguranca-no-transito-sp-realiza-acoes-de-conscientizacao-durante-o-maio-amarelo\/\" target=\"_blank\" rel=\"noopener noreferrer\">A campanha da 11\u00aa edi\u00e7\u00e3o brasileira do Maio Amarelo, iniciado em 2011 pela Organiza\u00e7\u00e3o das Na\u00e7\u00f5es Unidas (ONU), enfatiza: \u201cPaz no tr\u00e2nsito come\u00e7a por voc\u00ea\u201d<\/a>. Foi tamb\u00e9m essa a mensagem levada aos motoristas pela equipe da primeira ODSI do m\u00eas na capital paulista. Na madrugada de s\u00e1bado (4) para domingo (5), foram registradas 31 recusas ao teste do baf\u00f4metro e uma autua\u00e7\u00e3o por dire\u00e7\u00e3o sob efeito de \u00e1lcool nas avenidas Paes de Barros e Salim Farah Maluf.<\/p>\n<p dir=\"ltr\">\u201cNa escolha do local, a gente considera as informa\u00e7\u00f5es do Infosiga, ferramenta que nos d\u00e1 os trechos da cidade com mais ocorr\u00eancias e \u00edndices de sinistros e \u00f3bitos no tr\u00e2nsito. Dessa forma, conseguimos ser mais efetivos. Na montagem da opera\u00e7\u00e3o, em parceria com a PM, usamos o efeito surpresa para evitar que motoristas embriagados consigam escapar por outras vias\u201d, explica Marcelo dos Reis, coordenador da ODSI desde 2018 na capital. Ele conta ainda que, no m\u00ednimo duas vezes ao ano, as equipes est\u00e3o nos pontos onde ocorreu a ODSI deste final de semana, al\u00e9m de repetirem a fiscaliza\u00e7\u00e3o em demais pontos da cidade.<\/p>\n<p dir=\"ltr\">Durante a opera\u00e7\u00e3o, os agentes do Detran-SP selecionam o ve\u00edculo para a entrada no drive. \u201cA abordagem consiste em cumprimentar o condutor e informar que ser\u00e1 realizado o pr\u00e9-teste do etil\u00f4metro. Se der negativo, o motorista \u00e9 liberado na hora. Se der positivo, o condutor \u00e9 orientado a seguir as ordens do policial militar. A partir deste momento, \u00e9 a PM que se torna respons\u00e1vel pelos procedimentos\u201d, detalha Marcelo. A documenta\u00e7\u00e3o e os equipamentos obrigat\u00f3rios do carro, al\u00e9m da CNH, s\u00e3o verificados.<\/p>\n<p dir=\"ltr\">O cidad\u00e3o tamb\u00e9m \u00e9 informado sobre os direitos e deveres naquela situa\u00e7\u00e3o. \u201cEle \u00e9 questionado sobre a concord\u00e2ncia em realizar o teste definitivo do etil\u00f4metro, que acusa com precis\u00e3o o \u00edndice de \u00e1lcool no sangue. Caso n\u00e3o aceite realizar o teste, o motorista ser\u00e1 autuado da mesma forma, por recusa ao teste do baf\u00f4metro. Os condutores autuados devem solicitar a presen\u00e7a de um parente ou conhecido devidamente habilitado, que necessariamente se submeter\u00e1 ao teste do etil\u00f4metro para poder conduzir o ve\u00edculo para outro local. Caso esse motorista substituto n\u00e3o se apresente at\u00e9 o final da opera\u00e7\u00e3o, o ve\u00edculo ser\u00e1 recolhido ao p\u00e1tio\u201d, complementa Marcelo.<\/p>\n<p dir=\"ltr\">A equipe do Detran-SP, encarregada de orientar os motoristas e realizar os testes do baf\u00f4metro nas opera\u00e7\u00f5es, conta com volunt\u00e1rios. S\u00e3o servidores p\u00fablicos do \u00f3rg\u00e3o estadual de tr\u00e2nsito que trocam o conforto de casa nas madrugadas para se empenharem no trabalho de conscientiza\u00e7\u00e3o nas avenidas da cidade. \u201c\u00c9 uma forma de educar a popula\u00e7\u00e3o, de voc\u00ea estar salvando vidas\u201d, diz a oficial administrativa do \u00f3rg\u00e3o, Gleide Maria Lopes Oliveira, que acompanha as atividades h\u00e1 dez anos.<\/p>\n<figure id=\"attachment_5880731\" style=\"width: 100%;max-width: 756px\" class=\"wp-caption alignnone caption-hide\"><img data-recalc-dims=\"1\" decoding=\"async\" loading=\"lazy\" class=\"wp-image-5880731\" src=\"https:\/\/i0.wp.com\/www.saopaulo.sp.gov.br\/wp-content\/uploads\/2024\/05\/meio07052024-300x200.png?resize=696%2C464&#038;ssl=1\" alt=\"\" width=\"696\" height=\"464\" srcset=\"https:\/\/www.saopaulo.sp.gov.br\/wp-content\/uploads\/2024\/05\/meio07052024-300x200.png 300w, https:\/\/www.saopaulo.sp.gov.br\/wp-content\/uploads\/2024\/05\/meio07052024.png 638w\" sizes=\"auto, (max-width: 756px) 100vw, 756px\"\/><figcaption class=\"wp-caption-text\">A equipe do Detran-SP conta com volunt\u00e1rios<\/figcaption><\/figure>\n<p dir=\"ltr\">O agente estadual de tr\u00e2nsito Gustavo Contes de Souza, incorporado recentemente ao quadro de funcion\u00e1rios do Detran-SP, estava satisfeito com a participa\u00e7\u00e3o em sua primeira ODSI. \u201cNo mundo ideal, n\u00e3o seria necess\u00e1rio, mas infelizmente precisamos estar aqui para cumprir esse papel\u201d, afirmou, ressaltando a import\u00e2ncia de se tirar das ruas os condutores infratores, que consomem \u00e1lcool e colocam todos em risco.<\/p>\n<p dir=\"ltr\">A supervisora Gisele de Melo foi uma das motoristas abordadas pelo Detran-SP no \u00faltimo final de semana. Ela concorda que as fiscaliza\u00e7\u00f5es s\u00e3o necess\u00e1rias e t\u00eam que ser multiplicadas, j\u00e1 que obrigam as pessoas a terem mais consci\u00eancia. \u201cBebida e dire\u00e7\u00e3o n\u00e3o combinam, \u00e9 fato, um risco para vida de quem est\u00e1 dirigindo e para as outras pessoas que est\u00e3o no entorno\u201d, afirma. Gisele incorporou o h\u00e1bito de n\u00e3o incorrer na mistura fatal. \u201cVoc\u00ea consegue se divertir sem estar alcoolizada. As pessoas que saem comigo gostam, porque geralmente sou eu a motorista da rodada. A sociedade sabe dos riscos e insiste no erro\u201d.<\/p>\n<p dir=\"ltr\"><strong>Tem que ter cada vez mais<\/strong><br \/>O motorista Victor Bruno Baeta, abordado na fiscaliza\u00e7\u00e3o da avenida Salim Farah Maluf, contou que parou de beber quando come\u00e7ou a trabalhar com aplicativo. Ele j\u00e1 se deparou com fiscaliza\u00e7\u00f5es em tr\u00eas pontos diferentes da cidade numa mesma noite. Para Victor, a a\u00e7\u00e3o tem um efeito fundamental. \u201cTem noite que chego a passar por diversas fiscaliza\u00e7\u00f5es. Isso \u00e9 uma maravilha, tem que ter cada vez mais, para o povo entender e aprender. Acho perfeito, precisa inibir mesmo\u201d, afirmou.<\/p>\n<p dir=\"ltr\">David Mar\u00e7al Ribeiro, fiscal de \u00f4nibus, comemorou a realiza\u00e7\u00e3o do seu primeiro teste do baf\u00f4metro na madrugada do \u00faltimo domingo (5). A empresa onde ele trabalha tem promovido a\u00e7\u00f5es de conscientiza\u00e7\u00e3o em rela\u00e7\u00e3o aos perigos da alcoolemia ao volante, especialmente por ocasi\u00e3o do Maio Amarelo. \u201cA gente tem que contar com o trabalho de voc\u00eas, porque fiscalizar \u00e9 \u00e1rduo, \u00e9 dif\u00edcil, mas tem que fiscalizar e punir severamente\u201d, enfatizou. \u201cBebida e tr\u00e2nsito juntos nunca \u2018colaram\u2019 e nunca v\u00e3o \u00b4colar\u00b4. Essas pessoas tinham que ficar ao menos um dia de castigo na emerg\u00eancia de um hospital para verem as v\u00edtimas que entram mutiladas ou que perderam a vida em consequ\u00eancia de uma pessoa que bebeu\u201d.<\/p>\n<p dir=\"ltr\"><strong>Tr\u00eas tipos de infra\u00e7\u00f5es por alcoolemia<\/strong><br \/>Vale destacar que tanto dirigir sob efeito de \u00e1lcool \u2013 quando o teste do etil\u00f4metro aponta o \u00edndice de at\u00e9 0,33 mg de \u00e1lcool por litro de ar expelido \u2013 quanto recusar-se a soprar o baf\u00f4metro s\u00e3o consideradas infra\u00e7\u00f5es grav\u00edssimas (artigos 165 e 165-A do CTB). Em ambos os casos, o valor da multa \u00e9 de R$ 2.934,70 e o condutor responde a processo de suspens\u00e3o da carteira de habilita\u00e7\u00e3o. Se houver reincid\u00eancia no per\u00edodo de 12 meses, a pena \u00e9 aplicada em dobro, ou seja, R$ 5.869,40, al\u00e9m da cassa\u00e7\u00e3o da CNH. Nos casos de embriaguez ao volante, que ocorrem quando o motorista apresenta \u00edndice a partir de 0,34 miligramas de \u00e1lcool por litro de ar expelido no teste do etil\u00f4metro, h\u00e1 configura\u00e7\u00e3o de crime de tr\u00e2nsito: se condenado, o motorista, al\u00e9m da multa e suspens\u00e3o da CNH, cumpre de seis meses a tr\u00eas anos de pris\u00e3o, conforme prev\u00ea a Lei Seca, tamb\u00e9m conhecida como \u201ctoler\u00e2ncia zero\u201d.<\/p>\n<p dir=\"ltr\">\u201cAs ODSIs contribuem para evitar acidentes e para conscientizar a popula\u00e7\u00e3o, por exemplo, sobre a necessidade de separar \u00e1lcool e volante. A dire\u00e7\u00e3o de ve\u00edculos sob influ\u00eancia de \u00e1lcool \u00e9 uma das principais causas de sinistros e \u00f3bitos no tr\u00e2nsito\u201d, diz \u00cdcaro Eustachio, diretor de Educa\u00e7\u00e3o para o Tr\u00e2nsito e Fiscaliza\u00e7\u00e3o do Detran-SP.<\/p>\n<p dir=\"ltr\"><strong>Mais a\u00e7\u00f5es educativas no Maio Amarelo<\/strong><br \/><a href=\"https:\/\/www.saopaulo.sp.gov.br\/spnoticias\/maio-amarelo-detran-sp-prepara-programacao-especial-para-o-estado-de-sp\/\" target=\"_blank\" rel=\"noopener noreferrer\">A programa\u00e7\u00e3o do Detran-SP no Maio Amarelo n\u00e3o ser\u00e1 apenas de fiscaliza\u00e7\u00f5es<\/a>. Por meio da Escola Paulista de Tr\u00e2nsito (EPT) e em parceria com a Funda\u00e7\u00e3o Vanzolini, ser\u00e3o promovidas palestras para o p\u00fablico externo, transmitidas online, para alcance de maior p\u00fablico. Os temas abordados a partir de 14 de maio ser\u00e3o:<\/p>\n<ul>\n<li>14\/5 \u2013 Representa\u00e7\u00e3o do Maio Amarelo<\/li>\n<li>15\/5 \u2013 A preven\u00e7\u00e3o come\u00e7a na educa\u00e7\u00e3o e na comunica\u00e7\u00e3o<\/li>\n<li>20\/5 \u2013 A import\u00e2ncia da dire\u00e7\u00e3o defensiva na seguran\u00e7a do tr\u00e2nsito<\/li>\n<li>23\/5 \u2013 Comportamento seguro, diga n\u00e3o para o celular no tr\u00e2nsito<\/li>\n<li>27\/5 \u2013 Acidentes de tr\u00e2nsito, o que voc\u00ea precisa saber sobre amputa\u00e7\u00e3o<\/li>\n<li>28\/5 \u2013 Empatia no tr\u00e2nsito come\u00e7a por voc\u00ea<\/li>\n<\/ul>\n<p>Siga o canal \u201cGoverno de S\u00e3o Paulo\u201d no WhatsApp:<br \/><a href=\"https:\/\/bit.ly\/govspnozap\" target=\"_blank\" rel=\"noopener noreferrer\">https:\/\/bit.ly\/govspnozap<\/a><\/p>\n<\/p><\/div>\n<p><br \/>\n<br \/><a href=\"https:\/\/www.saopaulo.sp.gov.br\/spnoticias\/ultimas-noticias\/maio-amarelo-detran-sp-realiza-primeira-operacao-direcao-segura-integrada\/\" rel=\"noopener\">Informa\u00e7\u00f5es GOV.SP<\/a><\/p>\n","protected":false},"excerpt":{"rendered":"<p>&#13; A campanha de Maio Amarelo promove o slogan: \u201cPaz no tr\u00e2nsito come\u00e7a por voc\u00ea\u201d \u201cEu bebi, peguei o volante e apaguei. Acordei com a batida. O carro deu perda total, mas eu poderia ter morrido ou causado a morte de algu\u00e9m. Foi um grande aviso. Nunca mais fa\u00e7o isso.\u201d O depoimento poderia ser parte [&hellip;]<\/p>\n","protected":false},"author":1,"featured_media":4332,"comment_status":"open","ping_status":"open","sticky":false,"template":"","format":"standard","meta":{"_jetpack_newsletter_access":"","_jetpack_dont_email_post_to_subs":false,"_jetpack_newsletter_tier_id":0,"_jetpack_memberships_contains_paywalled_content":false,"_mbp_banners":[],"_jetpack_feature_clip_id":0,"_jetpack_memberships_contains_paid_content":false,"footnotes":"","jetpack_publicize_message":"","jetpack_publicize_feature_enabled":true,"jetpack_social_post_already_shared":true,"jetpack_social_options":{"image_generator_settings":{"template":"highway","default_image_id":0,"font":"","enabled":false},"version":2},"jetpack_post_was_ever_published":false},"categories":[21],"tags":[],"class_list":["post-4331","post","type-post","status-publish","format-standard","has-post-thumbnail","category-sp-news"],"jetpack_publicize_connections":[],"jetpack-related-posts":[],"jetpack_shortlink":"https:\/\/wp.me\/p7Eq1F-17R","jetpack_sharing_enabled":true,"jetpack_featured_media_url":"https:\/\/i0.wp.com\/guialimeira.com.br\/news\/wp-content\/uploads\/2024\/05\/Detran-SP-realiza-operacao-sobre-seguranca-no-transito.jpeg?fit=300%2C191&ssl=1","_links":{"self":[{"href":"https:\/\/guialimeira.com.br\/news\/wp-json\/wp\/v2\/posts\/4331","targetHints":{"allow":["GET"]}}],"collection":[{"href":"https:\/\/guialimeira.com.br\/news\/wp-json\/wp\/v2\/posts"}],"about":[{"href":"https:\/\/guialimeira.com.br\/news\/wp-json\/wp\/v2\/types\/post"}],"author":[{"embeddable":true,"href":"https:\/\/guialimeira.com.br\/news\/wp-json\/wp\/v2\/users\/1"}],"replies":[{"embeddable":true,"href":"https:\/\/guialimeira.com.br\/news\/wp-json\/wp\/v2\/comments?post=4331"}],"version-history":[{"count":0,"href":"https:\/\/guialimeira.com.br\/news\/wp-json\/wp\/v2\/posts\/4331\/revisions"}],"wp:featuredmedia":[{"embeddable":true,"href":"https:\/\/guialimeira.com.br\/news\/wp-json\/wp\/v2\/media\/4332"}],"wp:attachment":[{"href":"https:\/\/guialimeira.com.br\/news\/wp-json\/wp\/v2\/media?parent=4331"}],"wp:term":[{"taxonomy":"category","embeddable":true,"href":"https:\/\/guialimeira.com.br\/news\/wp-json\/wp\/v2\/categories?post=4331"},{"taxonomy":"post_tag","embeddable":true,"href":"https:\/\/guialimeira.com.br\/news\/wp-json\/wp\/v2\/tags?post=4331"}],"curies":[{"name":"wp","href":"https:\/\/api.w.org\/{rel}","templated":true}]}}