{"id":433,"date":"2024-03-29T21:58:52","date_gmt":"2024-03-30T00:58:52","guid":{"rendered":"https:\/\/guialimeira.com.br\/2024\/03\/29\/regiao-da-16a-edicao-do-pira-nos-bairros-sera-escolhida-pela-populacao-portal-do-municipio-de-piracicaba\/"},"modified":"2024-03-29T21:58:52","modified_gmt":"2024-03-30T00:58:52","slug":"regiao-da-16a-edicao-do-pira-nos-bairros-sera-escolhida-pela-populacao-portal-do-municipio-de-piracicaba","status":"publish","type":"post","link":"https:\/\/guialimeira.com.br\/news\/regiao-da-16a-edicao-do-pira-nos-bairros-sera-escolhida-pela-populacao-portal-do-municipio-de-piracicaba\/","title":{"rendered":"regi\u00e3o da 16\u00aa edi\u00e7\u00e3o do Pira nos Bairros ser\u00e1 escolhida pela popula\u00e7\u00e3o \u2013 Portal do Munic\u00edpio de Piracicaba"},"content":{"rendered":"<p> <br \/>\n<\/p>\n<div>\n<figure class=\"wp-block-image size-large\"><img data-recalc-dims=\"1\" fetchpriority=\"high\" decoding=\"async\" width=\"696\" height=\"464\" src=\"https:\/\/i0.wp.com\/piracicaba.sp.gov.br\/wp-content\/uploads\/2024\/03\/O-Pira-nos-Bairros-reune-gratuitamente-em-um-unico-lugar-diferentes-servicos-da-Prefeitura-1024x682.jpg?resize=696%2C464&#038;ssl=1\" alt=\"\" class=\"wp-image-75957\" srcset=\"https:\/\/piracicaba.sp.gov.br\/wp-content\/uploads\/2024\/03\/O-Pira-nos-Bairros-reune-gratuitamente-em-um-unico-lugar-diferentes-servicos-da-Prefeitura-1024x682.jpg 1024w, https:\/\/piracicaba.sp.gov.br\/wp-content\/uploads\/2024\/03\/O-Pira-nos-Bairros-reune-gratuitamente-em-um-unico-lugar-diferentes-servicos-da-Prefeitura-300x200.jpg 300w, https:\/\/piracicaba.sp.gov.br\/wp-content\/uploads\/2024\/03\/O-Pira-nos-Bairros-reune-gratuitamente-em-um-unico-lugar-diferentes-servicos-da-Prefeitura-768x512.jpg 768w, https:\/\/piracicaba.sp.gov.br\/wp-content\/uploads\/2024\/03\/O-Pira-nos-Bairros-reune-gratuitamente-em-um-unico-lugar-diferentes-servicos-da-Prefeitura-1536x1024.jpg 1536w, https:\/\/piracicaba.sp.gov.br\/wp-content\/uploads\/2024\/03\/O-Pira-nos-Bairros-reune-gratuitamente-em-um-unico-lugar-diferentes-servicos-da-Prefeitura.jpg 2000w\" sizes=\"(max-width: 1024px) 100vw, 1024px\"\/><figcaption class=\"wp-element-caption\"><strong><em><sub>O Pira nos Bairros re\u00fane, gratuitamente, em um \u00fanico lugar, diferentes servi\u00e7os da Prefeitura<\/sub><\/em><\/strong><\/figcaption><\/figure>\n<p>A Prefeitura de Piracicaba disponibiliza de hoje, 28\/03, at\u00e9 as 12h da pr\u00f3xima ter\u00e7a-feira, 02\/04, uma vota\u00e7\u00e3o para que a popula\u00e7\u00e3o escolha a regi\u00e3o que vai sediar a 16\u00aa edi\u00e7\u00e3o do Pira nos Bairros. Para participar da vota\u00e7\u00e3o, que \u00e9 aberta ao p\u00fablico, \u00e9 preciso acessar a enquete pelo link:\u00a0<a href=\"https:\/\/forms.gle\/eaxjrsdGsZwbrBxs5\" target=\"_blank\" rel=\"noreferrer noopener\">https:\/\/forms.gle\/eaxjrsdGsZwbrBxs5<\/a>.<\/p>\n<p>As op\u00e7\u00f5es s\u00e3o os bairros Vale\u00a0do Sol (EM Adolfo Basile), Jardim Primavera (EM Prof. Luis Claudio Alves) e Jardim Gl\u00f3ria (EM Prof. Francisco Benedicto Libardi).<\/p>\n<p>\u201cO Pira nos Bairros \u00e9 um programa que deu t\u00e3o certo que a cada edi\u00e7\u00e3o percebemos o envolvimento das pessoas, inclusive solicitando que seja feito em seu bairro. Temos notado o engajamento das pessoas e o aumento da procura pelo programa, portanto nada mais justo do que deixar que a popula\u00e7\u00e3o escolha onde acontecer\u00e1 a pr\u00f3xima edi\u00e7\u00e3o\u201d, destacou T\u00e1ssia Espego, secret\u00e1ria de Governo.<\/p>\n<p>O Pira nos Bairros re\u00fane, gratuitamente, em um \u00fanico lugar, diferentes servi\u00e7os da Prefeitura, como emiss\u00e3o do Cart\u00e3o Pira Cidad\u00e3o; atendimento 156, consulta e parcelamento de d\u00e9bitos (IPTU e taxas); orienta\u00e7\u00e3o sobre remiss\u00e3o e isen\u00e7\u00e3o; emiss\u00e3o de cart\u00e3o de transporte coletivo; emiss\u00e3o do cart\u00e3o de estacionamento de idoso e PCD; informa\u00e7\u00f5es e instru\u00e7\u00f5es sobre o APP Zona Azul Piracicaba e sobre o Sistema de Notifica\u00e7\u00e3o Eletr\u00f4nica (SNE); Cadastro de Demanda para Habita\u00e7\u00e3o de Interesse Social; orienta\u00e7\u00f5es \u00e0s fam\u00edlias envolvidas nos Processos de Regulariza\u00e7\u00e3o Fundi\u00e1ria (REURB-S) e aos mutu\u00e1rios da antiga Emdhap, da CDHU e do Programa Minha Casa Minha Vida (Caixa).<\/p>\n<p>Tamb\u00e9m participa do Pira nos Bairros o Semae, com informa\u00e7\u00f5es sobre a Tarifa Social, emiss\u00e3o de segunda via, levantamentos de d\u00e9bitos, vazamentos, corte a pedido, atualiza\u00e7\u00e3o de cadastro e consulta e orienta\u00e7\u00e3o em geral. Na \u00e1rea de emprego e renda as pessoas podem fazer cadastro para vagas de emprego e cursos de qualifica\u00e7\u00e3o e obter orienta\u00e7\u00f5es sobre o Banco do Povo, MEI e formaliza\u00e7\u00e3o de ambulantes.<\/p>\n<p>O Pira nos Bairros ainda leva cultura e lazer, com apresenta\u00e7\u00e3o musical, atividades esportivas e circenses, brinquedos infl\u00e1veis, distribui\u00e7\u00e3o de pipoca e algod\u00e3o-doce, pintura facial, personagens infantis e a Oficina Horta em Casa. Os pets tamb\u00e9m s\u00e3o atendidos: h\u00e1 agendamento de castra\u00e7\u00e3o para c\u00e3es e gatos, orienta\u00e7\u00e3o veterin\u00e1ria, com consult\u00f3rio itinerante e vacina\u00e7\u00e3o para c\u00e3es e gatos.<\/p>\n<\/div>\n<p><br \/>\n<br \/><a href=\"https:\/\/piracicaba.sp.gov.br\/noticias\/vote-regiao-da-16a-edicao-do-pira-nos-bairros-sera-escolhida-pela-populacao\/\" rel=\"noopener\">Informa\u00e7\u00f5es PMP <\/a><\/p>\n","protected":false},"excerpt":{"rendered":"<p>O Pira nos Bairros re\u00fane, gratuitamente, em um \u00fanico lugar, diferentes servi\u00e7os da Prefeitura A Prefeitura de Piracicaba disponibiliza de hoje, 28\/03, at\u00e9 as 12h da pr\u00f3xima ter\u00e7a-feira, 02\/04, uma vota\u00e7\u00e3o para que a popula\u00e7\u00e3o escolha a regi\u00e3o que vai sediar a 16\u00aa edi\u00e7\u00e3o do Pira nos Bairros. Para participar da vota\u00e7\u00e3o, que \u00e9 aberta [&hellip;]<\/p>\n","protected":false},"author":1,"featured_media":434,"comment_status":"open","ping_status":"open","sticky":false,"template":"","format":"standard","meta":{"_jetpack_newsletter_access":"","_jetpack_dont_email_post_to_subs":false,"_jetpack_newsletter_tier_id":0,"_jetpack_memberships_contains_paywalled_content":false,"_mbp_banners":[],"_jetpack_feature_clip_id":0,"_jetpack_memberships_contains_paid_content":false,"footnotes":"","jetpack_publicize_message":"","jetpack_publicize_feature_enabled":true,"jetpack_social_post_already_shared":true,"jetpack_social_options":{"image_generator_settings":{"template":"highway","default_image_id":0,"font":"","enabled":false},"version":2},"jetpack_post_was_ever_published":false},"categories":[20],"tags":[],"class_list":["post-433","post","type-post","status-publish","format-standard","has-post-thumbnail","category-regiao"],"jetpack_publicize_connections":[],"jetpack-related-posts":[],"jetpack_shortlink":"https:\/\/wp.me\/p7Eq1F-6Z","jetpack_sharing_enabled":true,"jetpack_featured_media_url":"https:\/\/i0.wp.com\/guialimeira.com.br\/news\/wp-content\/uploads\/2024\/03\/O-Pira-nos-Bairros-reune-gratuitamente-em-um-unico-lugar-diferentes-servicos-da-Prefeitura-1024x682.jpg?fit=1024%2C682&ssl=1","_links":{"self":[{"href":"https:\/\/guialimeira.com.br\/news\/wp-json\/wp\/v2\/posts\/433","targetHints":{"allow":["GET"]}}],"collection":[{"href":"https:\/\/guialimeira.com.br\/news\/wp-json\/wp\/v2\/posts"}],"about":[{"href":"https:\/\/guialimeira.com.br\/news\/wp-json\/wp\/v2\/types\/post"}],"author":[{"embeddable":true,"href":"https:\/\/guialimeira.com.br\/news\/wp-json\/wp\/v2\/users\/1"}],"replies":[{"embeddable":true,"href":"https:\/\/guialimeira.com.br\/news\/wp-json\/wp\/v2\/comments?post=433"}],"version-history":[{"count":0,"href":"https:\/\/guialimeira.com.br\/news\/wp-json\/wp\/v2\/posts\/433\/revisions"}],"wp:featuredmedia":[{"embeddable":true,"href":"https:\/\/guialimeira.com.br\/news\/wp-json\/wp\/v2\/media\/434"}],"wp:attachment":[{"href":"https:\/\/guialimeira.com.br\/news\/wp-json\/wp\/v2\/media?parent=433"}],"wp:term":[{"taxonomy":"category","embeddable":true,"href":"https:\/\/guialimeira.com.br\/news\/wp-json\/wp\/v2\/categories?post=433"},{"taxonomy":"post_tag","embeddable":true,"href":"https:\/\/guialimeira.com.br\/news\/wp-json\/wp\/v2\/tags?post=433"}],"curies":[{"name":"wp","href":"https:\/\/api.w.org\/{rel}","templated":true}]}}