{"id":431,"date":"2024-03-29T21:57:42","date_gmt":"2024-03-30T00:57:42","guid":{"rendered":"https:\/\/guialimeira.com.br\/2024\/03\/29\/cartorio-eleitoral-estara-fechado-entre\/"},"modified":"2024-03-29T21:57:42","modified_gmt":"2024-03-30T00:57:42","slug":"cartorio-eleitoral-estara-fechado-entre","status":"publish","type":"post","link":"https:\/\/guialimeira.com.br\/news\/cartorio-eleitoral-estara-fechado-entre\/","title":{"rendered":"Cart\u00f3rio Eleitoral estar\u00e1 fechado entre&#8230;"},"content":{"rendered":"<p> <br \/>\n<br \/><img data-recalc-dims=\"1\" decoding=\"async\" src=\"https:\/\/i0.wp.com\/www.iracemapolis.sp.gov.br\/fotos\/9954cae2ae09903f150cb4be4270c702.png?w=696&#038;ssl=1\" \/><\/p>\n<div>\n<p>O Cart\u00f3rio Eleitoral informa que nos dias 27, 28 e 29 de mar\u00e7o estar\u00e1 fechado. O atendimento ao p\u00fablico volta na pr\u00f3xima segunda, dia 16. O cart\u00f3rio abre para atendimento de segunda a sexta-feira, das 11h \u00e0s 17h. Sua localiza\u00e7\u00e3o fica na Rua Nicanor Ramos, 635, Jardim Jo\u00e3o Ometto.<\/p>\n<\/p><\/div>\n<p><br \/>\n<br \/><a href=\"https:\/\/www.iracemapolis.sp.gov.br\/portal\/noticias\/0\/3\/2123\/cartorio-eleitoral-estara-fechado-entre-os-dias-27-e-29-de-marco\/\" rel=\"noopener\">Informa\u00e7\u00f5es PMI<\/a><\/p>\n","protected":false},"excerpt":{"rendered":"<p>O Cart\u00f3rio Eleitoral informa que nos dias 27, 28 e 29 de mar\u00e7o estar\u00e1 fechado. O atendimento ao p\u00fablico volta na pr\u00f3xima segunda, dia 16. O cart\u00f3rio abre para atendimento de segunda a sexta-feira, das 11h \u00e0s 17h. Sua localiza\u00e7\u00e3o fica na Rua Nicanor Ramos, 635, Jardim Jo\u00e3o Ometto. Informa\u00e7\u00f5es PMI<\/p>\n","protected":false},"author":1,"featured_media":432,"comment_status":"open","ping_status":"open","sticky":false,"template":"","format":"standard","meta":{"_jetpack_newsletter_access":"","_jetpack_dont_email_post_to_subs":false,"_jetpack_newsletter_tier_id":0,"_jetpack_memberships_contains_paywalled_content":false,"_mbp_banners":[],"_jetpack_feature_clip_id":0,"_jetpack_memberships_contains_paid_content":false,"footnotes":"","jetpack_publicize_message":"","jetpack_publicize_feature_enabled":true,"jetpack_social_post_already_shared":true,"jetpack_social_options":{"image_generator_settings":{"template":"highway","default_image_id":0,"font":"","enabled":false},"version":2},"jetpack_post_was_ever_published":false},"categories":[20],"tags":[],"class_list":["post-431","post","type-post","status-publish","format-standard","has-post-thumbnail","category-regiao"],"jetpack_publicize_connections":[],"jetpack-related-posts":[],"jetpack_shortlink":"https:\/\/wp.me\/p7Eq1F-6X","jetpack_sharing_enabled":true,"jetpack_featured_media_url":"https:\/\/i0.wp.com\/guialimeira.com.br\/news\/wp-content\/uploads\/2024\/03\/9954cae2ae09903f150cb4be4270c702.png?fit=800%2C800&ssl=1","_links":{"self":[{"href":"https:\/\/guialimeira.com.br\/news\/wp-json\/wp\/v2\/posts\/431","targetHints":{"allow":["GET"]}}],"collection":[{"href":"https:\/\/guialimeira.com.br\/news\/wp-json\/wp\/v2\/posts"}],"about":[{"href":"https:\/\/guialimeira.com.br\/news\/wp-json\/wp\/v2\/types\/post"}],"author":[{"embeddable":true,"href":"https:\/\/guialimeira.com.br\/news\/wp-json\/wp\/v2\/users\/1"}],"replies":[{"embeddable":true,"href":"https:\/\/guialimeira.com.br\/news\/wp-json\/wp\/v2\/comments?post=431"}],"version-history":[{"count":0,"href":"https:\/\/guialimeira.com.br\/news\/wp-json\/wp\/v2\/posts\/431\/revisions"}],"wp:featuredmedia":[{"embeddable":true,"href":"https:\/\/guialimeira.com.br\/news\/wp-json\/wp\/v2\/media\/432"}],"wp:attachment":[{"href":"https:\/\/guialimeira.com.br\/news\/wp-json\/wp\/v2\/media?parent=431"}],"wp:term":[{"taxonomy":"category","embeddable":true,"href":"https:\/\/guialimeira.com.br\/news\/wp-json\/wp\/v2\/categories?post=431"},{"taxonomy":"post_tag","embeddable":true,"href":"https:\/\/guialimeira.com.br\/news\/wp-json\/wp\/v2\/tags?post=431"}],"curies":[{"name":"wp","href":"https:\/\/api.w.org\/{rel}","templated":true}]}}