{"id":4303,"date":"2024-05-08T23:39:43","date_gmt":"2024-05-09T02:39:43","guid":{"rendered":"https:\/\/guialimeira.com.br\/2024\/05\/08\/policia-civil-prende-gerente-do-trafico-no-centro-da-cidade-de-sao-paulo\/"},"modified":"2024-05-08T23:39:43","modified_gmt":"2024-05-09T02:39:43","slug":"policia-civil-prende-gerente-do-trafico-no-centro-da-cidade-de-sao-paulo","status":"publish","type":"post","link":"https:\/\/guialimeira.com.br\/news\/policia-civil-prende-gerente-do-trafico-no-centro-da-cidade-de-sao-paulo\/","title":{"rendered":"Pol\u00edcia Civil prende &#8216;gerente&#8217; do tr\u00e1fico no centro da cidade de S\u00e3o Paulo"},"content":{"rendered":"<p> <br \/>\n<\/p>\n<div id=\"\">&#13;<br \/>\n                                <!-- Title -->&#13;<br \/>\n                                &#13;<br \/>\n&#13;<br \/>\n                                <!-- Excerpt -->&#13;<\/p>\n<p class=\"excerpt\">Homem atuava na regi\u00e3o de fluxo de dependentes qu\u00edmicos; outras 12 pessoas foram presas na a\u00e7\u00e3o &#13;\n<\/p>\n<p>&#13;<br \/>\n&#13;<br \/>\n                                &#13;\n                            <\/p><\/div>\n<div id=\"\">&#13;<\/p>\n<figure id=\"attachment_5880634\" style=\"width: 100%;max-width: 1600px\" class=\"wp-caption alignnone caption-hide\"><img data-recalc-dims=\"1\" decoding=\"async\" loading=\"lazy\" class=\"wp-image-5880634 size-full\" src=\"https:\/\/i0.wp.com\/www.saopaulo.sp.gov.br\/wp-content\/uploads\/2024\/05\/00054468.jpeg?resize=696%2C522&#038;ssl=1\" alt=\"\" width=\"696\" height=\"522\" srcset=\"https:\/\/www.saopaulo.sp.gov.br\/wp-content\/uploads\/2024\/05\/00054468.jpeg 1600w, https:\/\/www.saopaulo.sp.gov.br\/wp-content\/uploads\/2024\/05\/00054468-300x225.jpeg 300w, https:\/\/www.saopaulo.sp.gov.br\/wp-content\/uploads\/2024\/05\/00054468-1024x768.jpeg 1024w, https:\/\/www.saopaulo.sp.gov.br\/wp-content\/uploads\/2024\/05\/00054468-768x576.jpeg 768w, https:\/\/www.saopaulo.sp.gov.br\/wp-content\/uploads\/2024\/05\/00054468-1536x1152.jpeg 1536w\" sizes=\"auto, (max-width: 1600px) 100vw, 1600px\"\/><\/figure>\n<p>A Pol\u00edcia Civil de S\u00e3o Paulo prendeu nesta quarta-feira (8) um homem apontado como \u201cgerente\u201d do tr\u00e1fico da regi\u00e3o das cenas abertas de uso de entorpecentes no centro da capital. De acordo com os agentes de seguran\u00e7a, ele possui passagens por homic\u00eddio qualificado, associa\u00e7\u00e3o criminosa e viol\u00eancia dom\u00e9stica.<\/p>\n<p>A deten\u00e7\u00e3o ocorreu durante uma opera\u00e7\u00e3o deflagrada para combater o tr\u00e1fico de drogas na regi\u00e3o. Outros nove homens e tr\u00eas mulheres tamb\u00e9m foram presos suspeitos de envolvimento na venda de entorpecentes na \u00e1rea do fluxo. Uma das criminosas estava foragida desde o ano passado.<\/p>\n<p>O trabalho de intelig\u00eancia da Pol\u00edcia Civil j\u00e1 vinha monitorando os suspeitos envolvidos no tr\u00e1fico no centro da cidade. Inicialmente, foi identificado o homem que atuava como \u201cgerente\u201d, comandando a venda do entorpecente. Ele tentou fugir, mas foi preso em flagrante. Com um segundo homem, foi apreendido um simulacro de arma de fogo.<\/p>\n<p>De acordo com as informa\u00e7\u00f5es, o local contava com vendedores, seguran\u00e7as, montadores de barraca e mulas.<\/p>\n<p>Ao todo, 243 por\u00e7\u00f5es de coca\u00edna, 27 de maconha, R$ 1,3 mil, supostamente da venda de entorpecentes, um simulacro de arma de fogo e balan\u00e7as de precis\u00e3o foram apreendidos.<\/p>\n<p>As drogas foram encaminhadas ao Instituto de Criminal\u00edstica (IC). O bando foi detido e levado \u00e0 delegacia, onde os casos foram registrados como tr\u00e1fico de drogas, associa\u00e7\u00e3o criminosa e recepta\u00e7\u00e3o no 3\u00b0 Distrito Policial (Campos El\u00edseos).<\/p>\n<p>Siga o canal \u201cGoverno de S\u00e3o Paulo\u201d no WhatsApp:<br \/><a href=\"https:\/\/bit.ly\/govspnozap\" target=\"_blank\" rel=\"noopener noreferrer\">https:\/\/bit.ly\/govspnozap<\/a><\/p>\n<\/p><\/div>\n<p><br \/>\n<br \/><a href=\"https:\/\/www.saopaulo.sp.gov.br\/spnoticias\/ultimas-noticias\/gerente-do-trafico-e-preso-em-operacao-no-fluxo-no-centro-de-sp\/\" rel=\"noopener\">Informa\u00e7\u00f5es GOV.SP<\/a><\/p>\n","protected":false},"excerpt":{"rendered":"<p>&#13; &#13; &#13; &#13; &#13; Homem atuava na regi\u00e3o de fluxo de dependentes qu\u00edmicos; outras 12 pessoas foram presas na a\u00e7\u00e3o &#13; &#13; &#13; &#13; &#13; A Pol\u00edcia Civil de S\u00e3o Paulo prendeu nesta quarta-feira (8) um homem apontado como \u201cgerente\u201d do tr\u00e1fico da regi\u00e3o das cenas abertas de uso de entorpecentes no centro da [&hellip;]<\/p>\n","protected":false},"author":1,"featured_media":4304,"comment_status":"open","ping_status":"open","sticky":false,"template":"","format":"standard","meta":{"_jetpack_newsletter_access":"","_jetpack_dont_email_post_to_subs":false,"_jetpack_newsletter_tier_id":0,"_jetpack_memberships_contains_paywalled_content":false,"_mbp_banners":[],"_jetpack_feature_clip_id":0,"_jetpack_memberships_contains_paid_content":false,"footnotes":"","jetpack_publicize_message":"","jetpack_publicize_feature_enabled":true,"jetpack_social_post_already_shared":true,"jetpack_social_options":{"image_generator_settings":{"template":"highway","default_image_id":0,"font":"","enabled":false},"version":2},"jetpack_post_was_ever_published":false},"categories":[21],"tags":[],"class_list":["post-4303","post","type-post","status-publish","format-standard","has-post-thumbnail","category-sp-news"],"jetpack_publicize_connections":[],"jetpack-related-posts":[],"jetpack_shortlink":"https:\/\/wp.me\/p7Eq1F-17p","jetpack_sharing_enabled":true,"jetpack_featured_media_url":"https:\/\/i0.wp.com\/guialimeira.com.br\/news\/wp-content\/uploads\/2024\/05\/Policia-Civil-prende-gerente-do-trafico-no-centro-da-cidade.jpeg?fit=1600%2C1200&ssl=1","_links":{"self":[{"href":"https:\/\/guialimeira.com.br\/news\/wp-json\/wp\/v2\/posts\/4303","targetHints":{"allow":["GET"]}}],"collection":[{"href":"https:\/\/guialimeira.com.br\/news\/wp-json\/wp\/v2\/posts"}],"about":[{"href":"https:\/\/guialimeira.com.br\/news\/wp-json\/wp\/v2\/types\/post"}],"author":[{"embeddable":true,"href":"https:\/\/guialimeira.com.br\/news\/wp-json\/wp\/v2\/users\/1"}],"replies":[{"embeddable":true,"href":"https:\/\/guialimeira.com.br\/news\/wp-json\/wp\/v2\/comments?post=4303"}],"version-history":[{"count":0,"href":"https:\/\/guialimeira.com.br\/news\/wp-json\/wp\/v2\/posts\/4303\/revisions"}],"wp:featuredmedia":[{"embeddable":true,"href":"https:\/\/guialimeira.com.br\/news\/wp-json\/wp\/v2\/media\/4304"}],"wp:attachment":[{"href":"https:\/\/guialimeira.com.br\/news\/wp-json\/wp\/v2\/media?parent=4303"}],"wp:term":[{"taxonomy":"category","embeddable":true,"href":"https:\/\/guialimeira.com.br\/news\/wp-json\/wp\/v2\/categories?post=4303"},{"taxonomy":"post_tag","embeddable":true,"href":"https:\/\/guialimeira.com.br\/news\/wp-json\/wp\/v2\/tags?post=4303"}],"curies":[{"name":"wp","href":"https:\/\/api.w.org\/{rel}","templated":true}]}}