{"id":42996,"date":"2025-08-29T18:14:08","date_gmt":"2025-08-29T21:14:08","guid":{"rendered":"https:\/\/guialimeira.com.br\/?p=42996"},"modified":"2025-08-29T18:14:08","modified_gmt":"2025-08-29T21:14:08","slug":"unidade-movel-educacional-da-neoenergia-elektro-chega-a-cordeiropolis-prefeitura-municipal-de-cordeiropolis","status":"publish","type":"post","link":"https:\/\/guialimeira.com.br\/news\/unidade-movel-educacional-da-neoenergia-elektro-chega-a-cordeiropolis-prefeitura-municipal-de-cordeiropolis\/","title":{"rendered":"Unidade M\u00f3vel Educacional da Neoenergia Elektro chega a Cordeir\u00f3polis \u2013 Prefeitura Municipal de Cordeir\u00f3polis"},"content":{"rendered":"<p> <br \/>\n<\/p>\n<div>\n<p>A partir desta segunda-feira (1\u00ba de setembro) at\u00e9 sexta-feira (5), Cordeir\u00f3polis receber\u00e1 a Unidade M\u00f3vel Educacional da Neoenergia Elektro. Trata-se de um caminh\u00e3o moderno, expans\u00edvel e equipado com tecnologia de \u00faltima gera\u00e7\u00e3o, que ficar\u00e1 estacionado no Gin\u00e1sio de Esportes \u201cOrestes Qu\u00e9rcia\u201d (Rua Carlos Gomes, 777 \u2013 Jardim Jafet).<\/p>\n<p>O projeto \u201cAulas de Energia\u201d \u00e9 aberto a toda a comunidade e integra educa\u00e7\u00e3o, ci\u00eancia e inova\u00e7\u00e3o para incentivar o uso consciente da energia el\u00e9trica. A a\u00e7\u00e3o faz parte do Programa de Efici\u00eancia Energ\u00e9tica da Ag\u00eancia Nacional de Energia El\u00e9trica (ANEEL) e foi articulada com a Neoenergia pelo chefe de Gabinete, Denis Suidedos, e pela prefeita Cristina Saad.<\/p>\n<p>Dentro da unidade, os visitantes ter\u00e3o acesso a uma s\u00e9rie de experi\u00eancias pr\u00e1ticas e educativas. Entre os destaques est\u00e3o o globo de plasma e o gerador Van de Graaff, que demonstram de forma segura e divertida os efeitos da eletricidade. H\u00e1 ainda uma parede interativa que simula a transmiss\u00e3o de energia em uma cidade, uma maquete de casa eficiente com dicas para economizar energia no dia a dia e um gerador manual que permite comparar o consumo de diferentes tipos de l\u00e2mpadas.<\/p>\n<p>A tecnologia tamb\u00e9m estar\u00e1 presente com \u00f3culos de realidade aumentada, que proporciona uma imers\u00e3o digital sobre o futuro da energia. Al\u00e9m disso, os visitantes poder\u00e3o tirar fotos em um totem digital como lembran\u00e7a da experi\u00eancia.<\/p>\n<p>\u201cQueremos despertar uma nova consci\u00eancia sobre o uso da energia, mostrando que pequenas atitudes podem fazer uma grande diferen\u00e7a para o meio ambiente e para o bolso das fam\u00edlias\u201d, afirma a supervisora de Efici\u00eancia Energ\u00e9tica da Neoenergia Elektro, Daniela Souza.<\/p>\n<\/p><\/div>\n<p><br \/>\n<br \/><a href=\"https:\/\/www.cordeiropolis.sp.gov.br\/unidade-movel-educacional-da-neoenergia-elektro-chega-a-cordeiropolis\/\" rel=\"noopener\">Informa\u00e7\u00f5es Cordeir\u00f3polis <\/a><\/p>\n","protected":false},"excerpt":{"rendered":"<p>A partir desta segunda-feira (1\u00ba de setembro) at\u00e9 sexta-feira (5), Cordeir\u00f3polis receber\u00e1 a Unidade M\u00f3vel Educacional da Neoenergia Elektro. Trata-se de um caminh\u00e3o moderno, expans\u00edvel e equipado com tecnologia de \u00faltima gera\u00e7\u00e3o, que ficar\u00e1 estacionado no Gin\u00e1sio de Esportes \u201cOrestes Qu\u00e9rcia\u201d (Rua Carlos Gomes, 777 \u2013 Jardim Jafet). O projeto \u201cAulas de Energia\u201d \u00e9 aberto [&hellip;]<\/p>\n","protected":false},"author":1,"featured_media":0,"comment_status":"open","ping_status":"open","sticky":false,"template":"","format":"standard","meta":{"_jetpack_newsletter_access":"","_jetpack_dont_email_post_to_subs":false,"_jetpack_newsletter_tier_id":0,"_jetpack_memberships_contains_paywalled_content":false,"_mbp_banners":[],"_jetpack_feature_clip_id":0,"_jetpack_memberships_contains_paid_content":false,"footnotes":"","jetpack_publicize_message":"","jetpack_publicize_feature_enabled":true,"jetpack_social_post_already_shared":true,"jetpack_social_options":{"image_generator_settings":{"template":"highway","default_image_id":0,"font":"","enabled":false},"version":2},"jetpack_post_was_ever_published":false},"categories":[20],"tags":[],"class_list":["post-42996","post","type-post","status-publish","format-standard","category-regiao"],"jetpack_publicize_connections":[],"jetpack-related-posts":[],"jetpack_shortlink":"https:\/\/wp.me\/p7Eq1F-bbu","jetpack_sharing_enabled":true,"jetpack_featured_media_url":"","_links":{"self":[{"href":"https:\/\/guialimeira.com.br\/news\/wp-json\/wp\/v2\/posts\/42996","targetHints":{"allow":["GET"]}}],"collection":[{"href":"https:\/\/guialimeira.com.br\/news\/wp-json\/wp\/v2\/posts"}],"about":[{"href":"https:\/\/guialimeira.com.br\/news\/wp-json\/wp\/v2\/types\/post"}],"author":[{"embeddable":true,"href":"https:\/\/guialimeira.com.br\/news\/wp-json\/wp\/v2\/users\/1"}],"replies":[{"embeddable":true,"href":"https:\/\/guialimeira.com.br\/news\/wp-json\/wp\/v2\/comments?post=42996"}],"version-history":[{"count":1,"href":"https:\/\/guialimeira.com.br\/news\/wp-json\/wp\/v2\/posts\/42996\/revisions"}],"predecessor-version":[{"id":42997,"href":"https:\/\/guialimeira.com.br\/news\/wp-json\/wp\/v2\/posts\/42996\/revisions\/42997"}],"wp:attachment":[{"href":"https:\/\/guialimeira.com.br\/news\/wp-json\/wp\/v2\/media?parent=42996"}],"wp:term":[{"taxonomy":"category","embeddable":true,"href":"https:\/\/guialimeira.com.br\/news\/wp-json\/wp\/v2\/categories?post=42996"},{"taxonomy":"post_tag","embeddable":true,"href":"https:\/\/guialimeira.com.br\/news\/wp-json\/wp\/v2\/tags?post=42996"}],"curies":[{"name":"wp","href":"https:\/\/api.w.org\/{rel}","templated":true}]}}