{"id":42977,"date":"2025-08-29T16:12:17","date_gmt":"2025-08-29T19:12:17","guid":{"rendered":"https:\/\/guialimeira.com.br\/?p=42977"},"modified":"2025-08-29T16:12:17","modified_gmt":"2025-08-29T19:12:17","slug":"inscricoes-abertas-para-a-corrida-unimed-em-cordeiropolis-prefeitura-municipal-de-cordeiropolis","status":"publish","type":"post","link":"https:\/\/guialimeira.com.br\/news\/inscricoes-abertas-para-a-corrida-unimed-em-cordeiropolis-prefeitura-municipal-de-cordeiropolis\/","title":{"rendered":"Inscri\u00e7\u00f5es abertas para a Corrida Unimed em Cordeir\u00f3polis \u2013 Prefeitura Municipal de Cordeir\u00f3polis"},"content":{"rendered":"<p> <br \/>\n<\/p>\n<div>\n<p>Est\u00e3o abertas as inscri\u00e7\u00f5es para a Corrida Unimed 2025, que ser\u00e1 realizada em Cordeir\u00f3polis no pr\u00f3ximo dia 19 de outubro. A prova contar\u00e1 com percurso de 5 km e caminhada, com largada marcada para as 7h30, no Gin\u00e1sio de Esportes \u201cOrestes Qu\u00e9rcia\u201d, no Centro. A iniciativa foi articulada pela prefeita Cristina Saad e pelo chefe de Gabinete, Denis Suidedos.<\/p>\n<p>Os participantes receber\u00e3o um kit atleta com numeral de peito, medalha, camiseta, viseira, squeeze e gym bag. Haver\u00e1 ainda premia\u00e7\u00e3o em dinheiro para os cinco primeiros colocados no geral, nas categorias masculino e feminino. As inscri\u00e7\u00f5es devem ser feitas pelo site da Unimed (<a href=\"https:\/\/unimedlimeira.com.br?utm_source=chatgpt.com\" rel=\"noopener\">unimedlimeira.com.br<\/a>). Basta acessar o banner da corrida dispon\u00edvel na p\u00e1gina inicial.<\/p>\n<p>\u201cFazia parte do nosso planejamento realizar a corrida esse ano em Cordeir\u00f3polis. Desde o primeiro contato a ideia foi muito bem aceita pelo chefe de Gabinete, Denis Suidedos, a prefeita Cristina Saad e sua equipe. Com isso queremos proporcionar um evento muito bonito\u201d, destacou o vice-presidente da Unimed Limeira, Dr. Danilo Gullo Ferreira.<\/p>\n<p>A \u00e1rea externa do gin\u00e1sio tamb\u00e9m ter\u00e1 programa\u00e7\u00e3o especial aberta ao p\u00fablico, com brinquedos infl\u00e1veis, pipoca e m\u00fasica. A Corrida Unimed 2025 tem como patrocinadora Master a Med Diagn\u00f3stico, patroc\u00ednio do Laborat\u00f3rio Pasteur e apoio da Prefeitura de Cordeir\u00f3polis.<\/p>\n<\/p><\/div>\n<p><br \/>\n<br \/><a href=\"https:\/\/www.cordeiropolis.sp.gov.br\/inscricoes-abertas-para-a-corrida-unimed-em-cordeiropolis\/\" rel=\"noopener\">Informa\u00e7\u00f5es Cordeir\u00f3polis <\/a><\/p>\n","protected":false},"excerpt":{"rendered":"<p>Est\u00e3o abertas as inscri\u00e7\u00f5es para a Corrida Unimed 2025, que ser\u00e1 realizada em Cordeir\u00f3polis no pr\u00f3ximo dia 19 de outubro. A prova contar\u00e1 com percurso de 5 km e caminhada, com largada marcada para as 7h30, no Gin\u00e1sio de Esportes \u201cOrestes Qu\u00e9rcia\u201d, no Centro. A iniciativa foi articulada pela prefeita Cristina Saad e pelo chefe [&hellip;]<\/p>\n","protected":false},"author":1,"featured_media":0,"comment_status":"open","ping_status":"open","sticky":false,"template":"","format":"standard","meta":{"_jetpack_newsletter_access":"","_jetpack_dont_email_post_to_subs":false,"_jetpack_newsletter_tier_id":0,"_jetpack_memberships_contains_paywalled_content":false,"_mbp_banners":[],"_jetpack_feature_clip_id":0,"_jetpack_memberships_contains_paid_content":false,"footnotes":"","jetpack_publicize_message":"","jetpack_publicize_feature_enabled":true,"jetpack_social_post_already_shared":true,"jetpack_social_options":{"image_generator_settings":{"template":"highway","default_image_id":0,"font":"","enabled":false},"version":2},"jetpack_post_was_ever_published":false},"categories":[20],"tags":[],"class_list":["post-42977","post","type-post","status-publish","format-standard","category-regiao"],"jetpack_publicize_connections":[],"jetpack-related-posts":[],"jetpack_shortlink":"https:\/\/wp.me\/p7Eq1F-bbb","jetpack_sharing_enabled":true,"jetpack_featured_media_url":"","_links":{"self":[{"href":"https:\/\/guialimeira.com.br\/news\/wp-json\/wp\/v2\/posts\/42977","targetHints":{"allow":["GET"]}}],"collection":[{"href":"https:\/\/guialimeira.com.br\/news\/wp-json\/wp\/v2\/posts"}],"about":[{"href":"https:\/\/guialimeira.com.br\/news\/wp-json\/wp\/v2\/types\/post"}],"author":[{"embeddable":true,"href":"https:\/\/guialimeira.com.br\/news\/wp-json\/wp\/v2\/users\/1"}],"replies":[{"embeddable":true,"href":"https:\/\/guialimeira.com.br\/news\/wp-json\/wp\/v2\/comments?post=42977"}],"version-history":[{"count":1,"href":"https:\/\/guialimeira.com.br\/news\/wp-json\/wp\/v2\/posts\/42977\/revisions"}],"predecessor-version":[{"id":42978,"href":"https:\/\/guialimeira.com.br\/news\/wp-json\/wp\/v2\/posts\/42977\/revisions\/42978"}],"wp:attachment":[{"href":"https:\/\/guialimeira.com.br\/news\/wp-json\/wp\/v2\/media?parent=42977"}],"wp:term":[{"taxonomy":"category","embeddable":true,"href":"https:\/\/guialimeira.com.br\/news\/wp-json\/wp\/v2\/categories?post=42977"},{"taxonomy":"post_tag","embeddable":true,"href":"https:\/\/guialimeira.com.br\/news\/wp-json\/wp\/v2\/tags?post=42977"}],"curies":[{"name":"wp","href":"https:\/\/api.w.org\/{rel}","templated":true}]}}