{"id":4291,"date":"2024-05-08T22:11:42","date_gmt":"2024-05-09T01:11:42","guid":{"rendered":"https:\/\/guialimeira.com.br\/2024\/05\/08\/1a-feira-da-empregabilidade-do-aprendiz-faz-mais-de-900-atendimentos-portal-do-municipio-de-piracicaba\/"},"modified":"2024-05-08T22:11:42","modified_gmt":"2024-05-09T01:11:42","slug":"1a-feira-da-empregabilidade-do-aprendiz-faz-mais-de-900-atendimentos-portal-do-municipio-de-piracicaba","status":"publish","type":"post","link":"https:\/\/guialimeira.com.br\/news\/1a-feira-da-empregabilidade-do-aprendiz-faz-mais-de-900-atendimentos-portal-do-municipio-de-piracicaba\/","title":{"rendered":"1\u00aa Feira da Empregabilidade do Aprendiz faz mais de 900 atendimentos \u2013 Portal do Munic\u00edpio de Piracicaba"},"content":{"rendered":"<p> <br \/>\n<\/p>\n<div>\n<p>A 1\u00aa Feira da Empregabilidade do Aprendiz, realizada pela Prefeitura de Piracicaba, por meio da Secretaria de Desenvolvimento Econ\u00f4mico, Trabalho e Turismo (Semdettur), teve 960 atendimentos de jovens que se cadastraram para oportunidades de trabalho. O evento, realizado na manh\u00e3 de hoje, 08\/05, na Acipi (Associa\u00e7\u00e3o Comercial e Industrial de Piracicaba), ofereceu cerca de 80 vagas de emprego em 12 empresas e institui\u00e7\u00f5es, al\u00e9m de realizarem cadastros em bancos de talentos.<\/p>\n<figure class=\"wp-block-image size-large\"><img data-recalc-dims=\"1\" fetchpriority=\"high\" decoding=\"async\" width=\"696\" height=\"464\" src=\"https:\/\/i0.wp.com\/piracicaba.sp.gov.br\/wp-content\/uploads\/2024\/05\/Feira-da-Empregabilidade-do-Aprendiz-fez-960-atendimentos-1024x682.jpg?resize=696%2C464&#038;ssl=1\" alt=\"\" class=\"wp-image-78776\" srcset=\"https:\/\/piracicaba.sp.gov.br\/wp-content\/uploads\/2024\/05\/Feira-da-Empregabilidade-do-Aprendiz-fez-960-atendimentos-1024x682.jpg 1024w, https:\/\/piracicaba.sp.gov.br\/wp-content\/uploads\/2024\/05\/Feira-da-Empregabilidade-do-Aprendiz-fez-960-atendimentos-300x200.jpg 300w, https:\/\/piracicaba.sp.gov.br\/wp-content\/uploads\/2024\/05\/Feira-da-Empregabilidade-do-Aprendiz-fez-960-atendimentos-768x512.jpg 768w, https:\/\/piracicaba.sp.gov.br\/wp-content\/uploads\/2024\/05\/Feira-da-Empregabilidade-do-Aprendiz-fez-960-atendimentos-1536x1023.jpg 1536w, https:\/\/piracicaba.sp.gov.br\/wp-content\/uploads\/2024\/05\/Feira-da-Empregabilidade-do-Aprendiz-fez-960-atendimentos.jpg 1936w\" sizes=\"(max-width: 1024px) 100vw, 1024px\"\/><figcaption class=\"wp-element-caption\"><strong><em><sub>Feira da Empregabilidade do Aprendiz fez 960 atendimentos<\/sub><\/em><\/strong><\/figcaption><\/figure>\n<p>A aprendizagem profissional \u00e9 uma pol\u00edtica p\u00fablica de inclus\u00e3o de adolescentes e jovens de 14 a 24 anos no mercado de trabalho. O objetivo do evento foi trazer essas oportunidades para ajudar o grupo a iniciar a experi\u00eancia profissional. Empresas de grande e m\u00e9dio porte podem contratar esses jovens na condi\u00e7\u00e3o de aprendizes, desde que estejam matriculados em cursos de aprendizagem profissional.<\/p>\n<p>\u201cA gente quer dar essa oportunidade para esses jovens que ainda est\u00e3o estudando e precisam ter um curr\u00edculo, precisam ter uma experi\u00eancia profissional. E a gente est\u00e1 trazendo isso aqui, com essas empresas parceiras que est\u00e3o oferecendo essas oportunidades. Queremos que o jovem tenha acesso a essas vagas pra come\u00e7arem o mais r\u00e1pido poss\u00edvel a sua jornada profissional\u201d, disse o prefeito, Luciano Almeida, durante a feira.<\/p>\n<figure class=\"wp-block-image size-large\"><img data-recalc-dims=\"1\" loading=\"lazy\" decoding=\"async\" width=\"696\" height=\"464\" src=\"https:\/\/i0.wp.com\/piracicaba.sp.gov.br\/wp-content\/uploads\/2024\/05\/Prefeito-Luciano-Almeida-na-Feira-da-Empregabilidade-do-Aprendiz-1024x682.jpg?resize=696%2C464&#038;ssl=1\" alt=\"\" class=\"wp-image-78777\" srcset=\"https:\/\/piracicaba.sp.gov.br\/wp-content\/uploads\/2024\/05\/Prefeito-Luciano-Almeida-na-Feira-da-Empregabilidade-do-Aprendiz-1024x682.jpg 1024w, https:\/\/piracicaba.sp.gov.br\/wp-content\/uploads\/2024\/05\/Prefeito-Luciano-Almeida-na-Feira-da-Empregabilidade-do-Aprendiz-300x200.jpg 300w, https:\/\/piracicaba.sp.gov.br\/wp-content\/uploads\/2024\/05\/Prefeito-Luciano-Almeida-na-Feira-da-Empregabilidade-do-Aprendiz-768x512.jpg 768w, https:\/\/piracicaba.sp.gov.br\/wp-content\/uploads\/2024\/05\/Prefeito-Luciano-Almeida-na-Feira-da-Empregabilidade-do-Aprendiz-1536x1023.jpg 1536w, https:\/\/piracicaba.sp.gov.br\/wp-content\/uploads\/2024\/05\/Prefeito-Luciano-Almeida-na-Feira-da-Empregabilidade-do-Aprendiz.jpg 1704w\" sizes=\"auto, (max-width: 1024px) 100vw, 1024px\"\/><figcaption class=\"wp-element-caption\"><strong><em><sub>Prefeito Luciano Almeida na Feira da Empregabilidade do Aprendiz<\/sub><\/em><\/strong><\/figcaption><\/figure>\n<p>Entre as empresas que participaram da feira, est\u00e3o a Caterpillar, Col\u00e9gio Polibrasil, Delta Max Supermercados, Drogal Farmac\u00eautica LTDA, Hyundai, Flafer e Tectextil Embalagens Industriais. Foram oferecidas oportunidades para aprendizes em diversas \u00e1reas, como administra\u00e7\u00e3o, eletromec\u00e2nica, recep\u00e7\u00e3o, telemarketing, compras, produ\u00e7\u00e3o, seguran\u00e7a do trabalho, auxiliar financeiro e auxiliar em sala de aula.<\/p>\n<p>Outras institui\u00e7\u00f5es e empresas de qualifica\u00e7\u00e3o e recursos humanos tamb\u00e9m participaram do evento, como o Centro de Apoio ao Trabalhador (CAT), Centro de Integra\u00e7\u00e3o Empresa-Escola (CIEE), Centro de Reabilita\u00e7\u00e3o (CRP), Polo de Empregabilidade Inclusiva (PEI) e o Vagas em Piracicaba SP.<\/p>\n<figure class=\"wp-block-image size-large\"><img data-recalc-dims=\"1\" loading=\"lazy\" decoding=\"async\" width=\"696\" height=\"464\" src=\"https:\/\/i0.wp.com\/piracicaba.sp.gov.br\/wp-content\/uploads\/2024\/05\/Feira-da-Empregabilidade-do-Aprendiz-ofereceu-mais-de-80-vagas-1024x682.jpg?resize=696%2C464&#038;ssl=1\" alt=\"\" class=\"wp-image-78775\" srcset=\"https:\/\/piracicaba.sp.gov.br\/wp-content\/uploads\/2024\/05\/Feira-da-Empregabilidade-do-Aprendiz-ofereceu-mais-de-80-vagas-1024x682.jpg 1024w, https:\/\/piracicaba.sp.gov.br\/wp-content\/uploads\/2024\/05\/Feira-da-Empregabilidade-do-Aprendiz-ofereceu-mais-de-80-vagas-300x200.jpg 300w, https:\/\/piracicaba.sp.gov.br\/wp-content\/uploads\/2024\/05\/Feira-da-Empregabilidade-do-Aprendiz-ofereceu-mais-de-80-vagas-768x512.jpg 768w, https:\/\/piracicaba.sp.gov.br\/wp-content\/uploads\/2024\/05\/Feira-da-Empregabilidade-do-Aprendiz-ofereceu-mais-de-80-vagas-1536x1024.jpg 1536w, https:\/\/piracicaba.sp.gov.br\/wp-content\/uploads\/2024\/05\/Feira-da-Empregabilidade-do-Aprendiz-ofereceu-mais-de-80-vagas.jpg 1847w\" sizes=\"auto, (max-width: 1024px) 100vw, 1024px\"\/><figcaption class=\"wp-element-caption\"><strong><em><sub>Feira da Empregabilidade do Aprendiz ofereceu mais de 80 vagas<\/sub><\/em><\/strong><\/figcaption><\/figure>\n<p>\u201cTivemos empresas aqui oferecendo oportunidades em todos os setores, como o com\u00e9rcio, a ind\u00fastria, o de servi\u00e7os. Espero que essa iniciativa consiga atender essa demanda que a gente tem no mercado, e ajude tamb\u00e9m esses jovens que precisam dessa oportunidade, para que encontrem um trabalho em que eles se sintam confort\u00e1veis, que seja compat\u00edvel com a jornada profissional deles\u201d, comentou o secret\u00e1rio da Semdettur, Euclides Libardi.<\/p>\n<p><strong>BUSCA PELO PRIMEIRO EMPREGO<\/strong>\u00a0\u2013 Adriano Ramos da Silva, de 18 anos, acabou de concluir o ensino m\u00e9dio e foi at\u00e9 a feira em busca da primeira experi\u00eancia profissional. \u201cEu quero fazer uma faculdade, estudar fisioterapia. Eu vim procurar meu primeiro emprego pra entrar no mercado de trabalho e ter minha pr\u00f3pria renda financeira.\u201d<\/p>\n<figure class=\"wp-block-image size-large\"><img data-recalc-dims=\"1\" loading=\"lazy\" decoding=\"async\" width=\"696\" height=\"464\" src=\"https:\/\/i0.wp.com\/piracicaba.sp.gov.br\/wp-content\/uploads\/2024\/05\/Adriano-Ramos-da-Silva-de-18-anos-foi-a-feira-em-busca-do-primeiro-emprego-1024x682.jpg?resize=696%2C464&#038;ssl=1\" alt=\"\" class=\"wp-image-78774\" srcset=\"https:\/\/piracicaba.sp.gov.br\/wp-content\/uploads\/2024\/05\/Adriano-Ramos-da-Silva-de-18-anos-foi-a-feira-em-busca-do-primeiro-emprego-1024x682.jpg 1024w, https:\/\/piracicaba.sp.gov.br\/wp-content\/uploads\/2024\/05\/Adriano-Ramos-da-Silva-de-18-anos-foi-a-feira-em-busca-do-primeiro-emprego-300x200.jpg 300w, https:\/\/piracicaba.sp.gov.br\/wp-content\/uploads\/2024\/05\/Adriano-Ramos-da-Silva-de-18-anos-foi-a-feira-em-busca-do-primeiro-emprego-768x512.jpg 768w, https:\/\/piracicaba.sp.gov.br\/wp-content\/uploads\/2024\/05\/Adriano-Ramos-da-Silva-de-18-anos-foi-a-feira-em-busca-do-primeiro-emprego-1536x1023.jpg 1536w, https:\/\/piracicaba.sp.gov.br\/wp-content\/uploads\/2024\/05\/Adriano-Ramos-da-Silva-de-18-anos-foi-a-feira-em-busca-do-primeiro-emprego.jpg 1936w\" sizes=\"auto, (max-width: 1024px) 100vw, 1024px\"\/><figcaption class=\"wp-element-caption\"><strong><em><sub>Adriano Ramos da Silva, de 18 anos, foi \u00e0 feira em busca do primeiro emprego<\/sub><\/em><\/strong><\/figcaption><\/figure>\n<p>Ana Carolina Elias Mendes, de 18 anos, chegou na feira acompanhada da m\u00e3e, Lidiane Elias Morais, tamb\u00e9m em busca do primeiro emprego registrado, j\u00e1 que atualmente, trabalha apenas aos domingos de recepcionista. \u201cFuturamente eu quero ser advogada\u201d, revela. \u201cEla tem autoridade, mas n\u00e3o d\u00e1 trabalho, \u00e9 uma boa menina\u201d, brinca a m\u00e3e.<\/p>\n<p>Para Ana Carolina, o mais dif\u00edcil para o jovem \u00e9 encontrar uma oportunidade de trabalho sem experi\u00eancia. \u201c\u00c9 preciso persist\u00eancia pra n\u00e3o desistir, a maioria das oportunidades exige muita coisa, e tamb\u00e9m encontrar onde est\u00e3o essas vagas de emprego\u201d, desabafa.<\/p>\n<figure class=\"wp-block-image size-large\"><img data-recalc-dims=\"1\" loading=\"lazy\" decoding=\"async\" width=\"696\" height=\"519\" src=\"https:\/\/i0.wp.com\/piracicaba.sp.gov.br\/wp-content\/uploads\/2024\/05\/Ana-Carolina-Elias-Mendes-quer-ser-advogada-e-busca-primeiro-emprego-1024x763.jpg?resize=696%2C519&#038;ssl=1\" alt=\"\" class=\"wp-image-78773\" srcset=\"https:\/\/piracicaba.sp.gov.br\/wp-content\/uploads\/2024\/05\/Ana-Carolina-Elias-Mendes-quer-ser-advogada-e-busca-primeiro-emprego-1024x763.jpg 1024w, https:\/\/piracicaba.sp.gov.br\/wp-content\/uploads\/2024\/05\/Ana-Carolina-Elias-Mendes-quer-ser-advogada-e-busca-primeiro-emprego-300x224.jpg 300w, https:\/\/piracicaba.sp.gov.br\/wp-content\/uploads\/2024\/05\/Ana-Carolina-Elias-Mendes-quer-ser-advogada-e-busca-primeiro-emprego-768x573.jpg 768w, https:\/\/piracicaba.sp.gov.br\/wp-content\/uploads\/2024\/05\/Ana-Carolina-Elias-Mendes-quer-ser-advogada-e-busca-primeiro-emprego.jpg 1226w\" sizes=\"auto, (max-width: 1024px) 100vw, 1024px\"\/><figcaption class=\"wp-element-caption\"><strong><em><sub>Ana Carolina Elias Mendes quer ser advogada e busca primeiro emprego<\/sub><\/em><\/strong><\/figcaption><\/figure>\n<p>Lidiane conta que soube da feira justamente ao procurar uma vaga de trabalho para a filha e fica ao lado da filha n\u00e3o deixando ela desanimar nessa busca. \u201cHoje em dia eu acho mais dif\u00edcil encontrar trabalho do que na minha \u00e9poca, que n\u00e3o tinha tanto estudo. Hoje as vagas exigem muita coisa, mas a gente n\u00e3o pode desistir, tem que tentar de todas as formas, uma hora encontra.\u201d<\/p>\n<p>Vitor Gimenes, consultor de atendimento do CIEE, participou da feira fazendo o cadastro de jovens para os processos seletivos da institui\u00e7\u00e3o. Ele explicou que a Lei do Programa de Aprendizagem surgiu justamente para mitigar essa dificuldade dos jovens na inser\u00e7\u00e3o no mercado de trabalho sem experi\u00eancia, permitindo que eles consigam oportunidades nas empresas sem deixar de estudar.<\/p>\n<figure class=\"wp-block-image size-large\"><img data-recalc-dims=\"1\" loading=\"lazy\" decoding=\"async\" width=\"696\" height=\"464\" src=\"https:\/\/i0.wp.com\/piracicaba.sp.gov.br\/wp-content\/uploads\/2024\/05\/Consultor-do-CIEE-Vitor-Gimenes-cadastra-jovens-para-oportunidades-1024x682.jpg?resize=696%2C464&#038;ssl=1\" alt=\"\" class=\"wp-image-78771\" srcset=\"https:\/\/piracicaba.sp.gov.br\/wp-content\/uploads\/2024\/05\/Consultor-do-CIEE-Vitor-Gimenes-cadastra-jovens-para-oportunidades-1024x682.jpg 1024w, https:\/\/piracicaba.sp.gov.br\/wp-content\/uploads\/2024\/05\/Consultor-do-CIEE-Vitor-Gimenes-cadastra-jovens-para-oportunidades-300x200.jpg 300w, https:\/\/piracicaba.sp.gov.br\/wp-content\/uploads\/2024\/05\/Consultor-do-CIEE-Vitor-Gimenes-cadastra-jovens-para-oportunidades-768x512.jpg 768w, https:\/\/piracicaba.sp.gov.br\/wp-content\/uploads\/2024\/05\/Consultor-do-CIEE-Vitor-Gimenes-cadastra-jovens-para-oportunidades-1536x1023.jpg 1536w, https:\/\/piracicaba.sp.gov.br\/wp-content\/uploads\/2024\/05\/Consultor-do-CIEE-Vitor-Gimenes-cadastra-jovens-para-oportunidades.jpg 1936w\" sizes=\"auto, (max-width: 1024px) 100vw, 1024px\"\/><figcaption class=\"wp-element-caption\"><strong><em><sub>Consultor do CIEE, Vitor Gimenes, cadastra jovens para oportunidades<\/sub><\/em><\/strong><\/figcaption><\/figure>\n<p>\u201cEu costumo dizer em rela\u00e7\u00e3o \u00e0 empregabilidade dos jovens que as empresas n\u00e3o buscam por super-her\u00f3is, mas jovens que sejam comprometidos e n\u00e3o se acomodem ao longo do tempo. As empresas sempre buscam jovens que s\u00e3o pontuais, que respeitam a cultura da empresa, que se dedicam \u00e0 empresa pra galgar uma efetiva\u00e7\u00e3o e at\u00e9 fun\u00e7\u00f5es de lideran\u00e7a\u201d, finaliza.<\/p>\n<\/div>\n<p><br \/>\n<br \/><a href=\"https:\/\/piracicaba.sp.gov.br\/noticias\/1a-feira-da-empregabilidade-do-aprendiz-faz-mais-de-900-atendimentos\/\" rel=\"noopener\">Informa\u00e7\u00f5es PMP <\/a><\/p>\n","protected":false},"excerpt":{"rendered":"<p>A 1\u00aa Feira da Empregabilidade do Aprendiz, realizada pela Prefeitura de Piracicaba, por meio da Secretaria de Desenvolvimento Econ\u00f4mico, Trabalho e Turismo (Semdettur), teve 960 atendimentos de jovens que se cadastraram para oportunidades de trabalho. O evento, realizado na manh\u00e3 de hoje, 08\/05, na Acipi (Associa\u00e7\u00e3o Comercial e Industrial de Piracicaba), ofereceu cerca de 80 [&hellip;]<\/p>\n","protected":false},"author":1,"featured_media":4292,"comment_status":"open","ping_status":"open","sticky":false,"template":"","format":"standard","meta":{"_jetpack_newsletter_access":"","_jetpack_dont_email_post_to_subs":false,"_jetpack_newsletter_tier_id":0,"_jetpack_memberships_contains_paywalled_content":false,"_mbp_banners":[],"_jetpack_feature_clip_id":0,"_jetpack_memberships_contains_paid_content":false,"footnotes":"","jetpack_publicize_message":"","jetpack_publicize_feature_enabled":true,"jetpack_social_post_already_shared":true,"jetpack_social_options":{"image_generator_settings":{"template":"highway","default_image_id":0,"font":"","enabled":false},"version":2},"jetpack_post_was_ever_published":false},"categories":[20],"tags":[],"class_list":["post-4291","post","type-post","status-publish","format-standard","has-post-thumbnail","category-regiao"],"jetpack_publicize_connections":[],"jetpack-related-posts":[],"jetpack_shortlink":"https:\/\/wp.me\/p7Eq1F-17d","jetpack_sharing_enabled":true,"jetpack_featured_media_url":"https:\/\/i0.wp.com\/guialimeira.com.br\/news\/wp-content\/uploads\/2024\/05\/Feira-da-Empregabilidade-do-Aprendiz-fez-960-atendimentos-1024x682.jpg?fit=1024%2C682&ssl=1","_links":{"self":[{"href":"https:\/\/guialimeira.com.br\/news\/wp-json\/wp\/v2\/posts\/4291","targetHints":{"allow":["GET"]}}],"collection":[{"href":"https:\/\/guialimeira.com.br\/news\/wp-json\/wp\/v2\/posts"}],"about":[{"href":"https:\/\/guialimeira.com.br\/news\/wp-json\/wp\/v2\/types\/post"}],"author":[{"embeddable":true,"href":"https:\/\/guialimeira.com.br\/news\/wp-json\/wp\/v2\/users\/1"}],"replies":[{"embeddable":true,"href":"https:\/\/guialimeira.com.br\/news\/wp-json\/wp\/v2\/comments?post=4291"}],"version-history":[{"count":0,"href":"https:\/\/guialimeira.com.br\/news\/wp-json\/wp\/v2\/posts\/4291\/revisions"}],"wp:featuredmedia":[{"embeddable":true,"href":"https:\/\/guialimeira.com.br\/news\/wp-json\/wp\/v2\/media\/4292"}],"wp:attachment":[{"href":"https:\/\/guialimeira.com.br\/news\/wp-json\/wp\/v2\/media?parent=4291"}],"wp:term":[{"taxonomy":"category","embeddable":true,"href":"https:\/\/guialimeira.com.br\/news\/wp-json\/wp\/v2\/categories?post=4291"},{"taxonomy":"post_tag","embeddable":true,"href":"https:\/\/guialimeira.com.br\/news\/wp-json\/wp\/v2\/tags?post=4291"}],"curies":[{"name":"wp","href":"https:\/\/api.w.org\/{rel}","templated":true}]}}