{"id":4280,"date":"2024-05-08T20:36:43","date_gmt":"2024-05-08T23:36:43","guid":{"rendered":"https:\/\/guialimeira.com.br\/2024\/05\/08\/governo-de-sp-amplia-campanha-humanitaria-e-recebe-alimentos-e-cestas-basicas-para-o-rs\/"},"modified":"2024-05-08T20:36:43","modified_gmt":"2024-05-08T23:36:43","slug":"governo-de-sp-amplia-campanha-humanitaria-e-recebe-alimentos-e-cestas-basicas-para-o-rs","status":"publish","type":"post","link":"https:\/\/guialimeira.com.br\/news\/governo-de-sp-amplia-campanha-humanitaria-e-recebe-alimentos-e-cestas-basicas-para-o-rs\/","title":{"rendered":"Governo de SP amplia campanha humanit\u00e1ria e recebe alimentos e cestas b\u00e1sicas para o RS"},"content":{"rendered":"<p> <br \/>\n<\/p>\n<div id=\"\">&#13;<br \/>\n                                <!-- Title -->&#13;<br \/>\n                                &#13;<br \/>\n&#13;<br \/>\n                                <!-- Excerpt -->&#13;<\/p>\n<p class=\"excerpt\">Entregas poder\u00e3o ser feitas em esta\u00e7\u00f5es da CPTM e Metr\u00f4, al\u00e9m das unidades do Poupatempo, Sabesp e no dep\u00f3sito do Fundo Social no Jaguar\u00e9<\/p>\n<p>&#13;<br \/>\n&#13;<br \/>\n                                &#13;\n                            <\/p><\/div>\n<div id=\"\">&#13;<\/p>\n<figure id=\"attachment_5880234\" style=\"width: 100%;max-width: 2560px\" class=\"wp-caption alignnone\"><img data-recalc-dims=\"1\" decoding=\"async\" loading=\"lazy\" class=\"wp-image-5880234 size-full\" src=\"https:\/\/i0.wp.com\/www.saopaulo.sp.gov.br\/wp-content\/uploads\/2024\/05\/Palacio-dos-Bandeirantes-cores-RS-scaled.jpg?resize=696%2C522&#038;ssl=1\" alt=\"Pr\u00e9dio do pal\u00e1cio iluminado de verde, vermelho e amarelo\" width=\"696\" height=\"522\" srcset=\"https:\/\/www.saopaulo.sp.gov.br\/wp-content\/uploads\/2024\/05\/Palacio-dos-Bandeirantes-cores-RS-scaled.jpg 2560w, https:\/\/www.saopaulo.sp.gov.br\/wp-content\/uploads\/2024\/05\/Palacio-dos-Bandeirantes-cores-RS-300x225.jpg 300w, https:\/\/www.saopaulo.sp.gov.br\/wp-content\/uploads\/2024\/05\/Palacio-dos-Bandeirantes-cores-RS-1024x768.jpg 1024w, https:\/\/www.saopaulo.sp.gov.br\/wp-content\/uploads\/2024\/05\/Palacio-dos-Bandeirantes-cores-RS-768x576.jpg 768w, https:\/\/www.saopaulo.sp.gov.br\/wp-content\/uploads\/2024\/05\/Palacio-dos-Bandeirantes-cores-RS-1536x1152.jpg 1536w, https:\/\/www.saopaulo.sp.gov.br\/wp-content\/uploads\/2024\/05\/Palacio-dos-Bandeirantes-cores-RS-2048x1536.jpg 2048w\" sizes=\"auto, (max-width: 2560px) 100vw, 2560px\"\/><figcaption class=\"wp-caption-text\">Pal\u00e1cio dos Bandeirantes iluminado em homenagem ao RS<\/figcaption><\/figure>\n<p>O Fundo Social de S\u00e3o Paulo e a Defesa Civil do Estado deram in\u00edcio nesta quarta-feira (8) a uma nova etapa na campanha humanit\u00e1ria para arrecadar donativos para as v\u00edtimas das chuvas do Rio Grande do Sul. A partir de agora, ser\u00e3o recebidas doa\u00e7\u00f5es de cestas b\u00e1sicas e alimentos n\u00e3o perec\u00edveis no prazo de validade para serem encaminhados ao Estado.<\/p>\n<p>A orienta\u00e7\u00e3o \u00e9 que as pessoas priorizem a doa\u00e7\u00e3o de \u00e1gua pot\u00e1vel e produtos de limpeza (como \u00e1gua sanit\u00e1ria, desinfetante, sab\u00e3o em barra, sacos de lixo, etc) e higiene (creme dental, escova de dente, sabonete, shampoo e condicionador, etc).<\/p>\n<p>Os materiais poder\u00e3o ser entregues no dep\u00f3sito do Fundo Social, na Av. Marechal M\u00e1rio Guedes, 301, no Jaguar\u00e9, assim como em todos os postos de atendimento do Poupatempo no Estado e nas unidades de atendimento da Sabesp. Al\u00e9m disso, a partir de hoje as empresas ligadas \u00e0 Secretaria de Transportes Metropolitanos (STM) \u2013 CPTM e Metr\u00f4 \u2013 passaram a receber doa\u00e7\u00f5es de alimentos enlatados para serem levados para o Rio Grande do Sul. Os alimentos devem estar dentro da validade, bem conservados e devidamente embalados.<\/p>\n<p>A CPTM iniciou nesta quarta-feira (8) a arrecada\u00e7\u00e3o nas esta\u00e7\u00f5es Lapa, Francisco Morato, Tamanduate\u00ed, Mau\u00e1, Guaianases, Suzano, Itaim Paulista, Jardim Romano, Aeroporto-Guarulhos. As nove esta\u00e7\u00f5es contar\u00e3o com caixas coletoras instaladas pr\u00f3ximas \u00e0s catracas. J\u00e1 no Metr\u00f4, a doa\u00e7\u00e3o ter\u00e1 in\u00edcio na sexta-feira (10) e os passageiros poder\u00e3o entregar os itens na esta\u00e7\u00e3o Tatuap\u00e9, na Linha 3-Vermelha.<\/p>\n<p><strong>SP ilumina sede do governo em homenagem ao RS<\/strong><\/p>\n<p>O Pal\u00e1cio dos Bandeirantes, sede do governo do Estado de S\u00e3o Paulo, no Morumbi, zona sul da capital, ficar\u00e1 iluminado por uma semana com as cores da bandeira do Rio Grande do Sul para homenagear a popula\u00e7\u00e3o v\u00edtima das fortes chuvas.<\/p>\n<p>Siga o canal \u201cGoverno de S\u00e3o Paulo\u201d no WhatsApp:<br \/><a href=\"https:\/\/bit.ly\/govspnozap\" target=\"_blank\" rel=\"noopener noreferrer\">https:\/\/bit.ly\/govspnozap<\/a><\/p>\n<\/p><\/div>\n<p><br \/>\n<br \/><a href=\"https:\/\/www.saopaulo.sp.gov.br\/spnoticias\/ultimas-noticias\/governo-de-sp-amplia-campanha-humanitaria-e-recebe-alimentos-e-cestas-basicas-para-o-rs\/\" rel=\"noopener\">Informa\u00e7\u00f5es GOV.SP<\/a><\/p>\n","protected":false},"excerpt":{"rendered":"<p>&#13; &#13; &#13; &#13; &#13; Entregas poder\u00e3o ser feitas em esta\u00e7\u00f5es da CPTM e Metr\u00f4, al\u00e9m das unidades do Poupatempo, Sabesp e no dep\u00f3sito do Fundo Social no Jaguar\u00e9 &#13; &#13; &#13; &#13; Pal\u00e1cio dos Bandeirantes iluminado em homenagem ao RS O Fundo Social de S\u00e3o Paulo e a Defesa Civil do Estado deram in\u00edcio [&hellip;]<\/p>\n","protected":false},"author":1,"featured_media":4281,"comment_status":"open","ping_status":"open","sticky":false,"template":"","format":"standard","meta":{"_jetpack_newsletter_access":"","_jetpack_dont_email_post_to_subs":false,"_jetpack_newsletter_tier_id":0,"_jetpack_memberships_contains_paywalled_content":false,"_mbp_banners":[],"_jetpack_feature_clip_id":0,"_jetpack_memberships_contains_paid_content":false,"footnotes":"","jetpack_publicize_message":"","jetpack_publicize_feature_enabled":true,"jetpack_social_post_already_shared":true,"jetpack_social_options":{"image_generator_settings":{"template":"highway","default_image_id":0,"font":"","enabled":false},"version":2},"jetpack_post_was_ever_published":false},"categories":[21],"tags":[],"class_list":["post-4280","post","type-post","status-publish","format-standard","has-post-thumbnail","category-sp-news"],"jetpack_publicize_connections":[],"jetpack-related-posts":[],"jetpack_shortlink":"https:\/\/wp.me\/p7Eq1F-172","jetpack_sharing_enabled":true,"jetpack_featured_media_url":"https:\/\/i0.wp.com\/guialimeira.com.br\/news\/wp-content\/uploads\/2024\/05\/Governo-de-SP-amplia-campanha-humanitaria-e-recebe-alimentos-e.jpg?fit=2560%2C1920&ssl=1","_links":{"self":[{"href":"https:\/\/guialimeira.com.br\/news\/wp-json\/wp\/v2\/posts\/4280","targetHints":{"allow":["GET"]}}],"collection":[{"href":"https:\/\/guialimeira.com.br\/news\/wp-json\/wp\/v2\/posts"}],"about":[{"href":"https:\/\/guialimeira.com.br\/news\/wp-json\/wp\/v2\/types\/post"}],"author":[{"embeddable":true,"href":"https:\/\/guialimeira.com.br\/news\/wp-json\/wp\/v2\/users\/1"}],"replies":[{"embeddable":true,"href":"https:\/\/guialimeira.com.br\/news\/wp-json\/wp\/v2\/comments?post=4280"}],"version-history":[{"count":0,"href":"https:\/\/guialimeira.com.br\/news\/wp-json\/wp\/v2\/posts\/4280\/revisions"}],"wp:featuredmedia":[{"embeddable":true,"href":"https:\/\/guialimeira.com.br\/news\/wp-json\/wp\/v2\/media\/4281"}],"wp:attachment":[{"href":"https:\/\/guialimeira.com.br\/news\/wp-json\/wp\/v2\/media?parent=4280"}],"wp:term":[{"taxonomy":"category","embeddable":true,"href":"https:\/\/guialimeira.com.br\/news\/wp-json\/wp\/v2\/categories?post=4280"},{"taxonomy":"post_tag","embeddable":true,"href":"https:\/\/guialimeira.com.br\/news\/wp-json\/wp\/v2\/tags?post=4280"}],"curies":[{"name":"wp","href":"https:\/\/api.w.org\/{rel}","templated":true}]}}