{"id":4268,"date":"2024-05-08T19:30:42","date_gmt":"2024-05-08T22:30:42","guid":{"rendered":"https:\/\/guialimeira.com.br\/2024\/05\/08\/copom-reduz-juros-basicos-da-economia-para-105-ao-ano\/"},"modified":"2024-05-08T19:30:42","modified_gmt":"2024-05-08T22:30:42","slug":"copom-reduz-juros-basicos-da-economia-para-105-ao-ano","status":"publish","type":"post","link":"https:\/\/guialimeira.com.br\/news\/copom-reduz-juros-basicos-da-economia-para-105-ao-ano\/","title":{"rendered":"Copom reduz juros b\u00e1sicos da economia para 10,5% ao ano"},"content":{"rendered":"<p> <br \/>\n<\/p>\n<div>\n<p>A alta recente do d\u00f3lar e o aumento das incertezas fizeram o Banco Central (BC) diminuir o ritmo do corte de juros. Por 5\u00a0votos a 4, o Comit\u00ea de Pol\u00edtica Monet\u00e1ria (Copom) reduziu a taxa Selic, juros b\u00e1sicos da economia, em 0,25 ponto percentual, para 10,5% ao ano. A decis\u00e3o era <a href=\"https:\/\/agenciabrasil.ebc.com.br\/economia\/noticia\/2024-04\/mercado-financeiro-preve-crescimento-do-pib-acima-de-2-neste-ano\" target=\"_blank\" rel=\"noopener\"> esperada pelos analistas financeiros <\/a>.<img data-recalc-dims=\"1\" decoding=\"async\" src=\"https:\/\/i0.wp.com\/agenciabrasil.ebc.com.br\/ebc.png?w=696&#038;ssl=1\" style=\"width:1px; height:1px; display:inline;\"\/><img data-recalc-dims=\"1\" decoding=\"async\" src=\"https:\/\/i0.wp.com\/agenciabrasil.ebc.com.br\/ebc.gif?w=696&#038;ssl=1\" style=\"width:1px; height:1px; display:inline;\"\/><\/p>\n<p>Essa foi a s\u00e9tima vez consecutiva que o Copom reduziu a Selic. No entanto, a velocidade dos cortes diminuiu. De agosto do ano passado at\u00e9 mar\u00e7o deste ano, o Copom tinha reduzido os juros b\u00e1sicos em 0,5 ponto percentual a cada reuni\u00e3o.<\/p>\n<p>O presidente do BC, Roberto Campos Neto, desempatou a decis\u00e3o ao votar por um corte de 0,25 ponto. Al\u00e9m de Campos Neto, votaram por essa redu\u00e7\u00e3o os seguintes diretores Carolina de Assis Barros, Diogo Abry Guillen, Ot\u00e1vio Ribeiro Damaso e Renato Dias de Brito Gomes, indicados pelo governo anterior. Votaram por uma redu\u00e7\u00e3o de 0,50 ponto percentual os seguintes membros: Ailton de Aquino Santos, Gabriel Muricca Gal\u00edpolo, Paulo Picchetti e Rodrigo Alves Teixeira, indicados pelo atual governo.<\/p>\n<p>Em comunicado, o Copom informou que o cen\u00e1rio internacional se agravou e que a infla\u00e7\u00e3o subjacente, que elimina pre\u00e7os mais vol\u00e1teis, est\u00e1 acima da meta de infla\u00e7\u00e3o. Al\u00e9m disso, o comunicado defendeu que o arcabou\u00e7o fiscal aprovado no ano passado tenha credibilidade. Ao contr\u00e1rio das \u00faltimas redu\u00e7\u00f5es, o Banco Central n\u00e3o deu nenhuma indica\u00e7\u00e3o sobre o que far\u00e1 nos pr\u00f3ximos encontros.<\/p>\n<p>\u201cO comit\u00ea acompanhou com aten\u00e7\u00e3o os desenvolvimentos recentes da pol\u00edtica fiscal e seus impactos sobre a pol\u00edtica monet\u00e1ria. O comit\u00ea reafirma que uma pol\u00edtica fiscal cr\u00edvel e comprometida com a sustentabilidade da d\u00edvida contribui para a ancoragem das expectativas de infla\u00e7\u00e3o e para a redu\u00e7\u00e3o dos pr\u00eamios de risco dos ativos financeiros, consequentemente impactando a pol\u00edtica monet\u00e1ria\u201d, destacou o texto.<\/p>\n<p>A taxa est\u00e1 no menor n\u00edvel desde fevereiro de 2022, quando estava em 9,75% ao ano. De mar\u00e7o de 2021 a agosto de 2022, o Copom elevou a Selic por 12 vezes consecutivas, num ciclo de aperto monet\u00e1rio que come\u00e7ou em meio \u00e0 alta dos pre\u00e7os de alimentos, de energia e de combust\u00edveis. Por um ano, de agosto de 2022 a agosto de 2023, a taxa foi mantida em 13,75% ao ano por sete vezes seguidas, quando come\u00e7ou a ser reduzida.<\/p>\n<p>Antes do in\u00edcio do ciclo de alta, a Selic estava em 2% ao ano, no n\u00edvel mais baixo da s\u00e9rie hist\u00f3rica iniciada em 1986. Por causa da contra\u00e7\u00e3o econ\u00f4mica gerada pela pandemia de covid-19, o Banco Central tinha derrubado a taxa para estimular a produ\u00e7\u00e3o e o consumo. A taxa ficou no menor patamar da hist\u00f3ria de agosto de 2020 a mar\u00e7o de 2021.<\/p>\n<h2>Infla\u00e7\u00e3o<\/h2>\n<p>A Selic \u00e9 o principal instrumento do Banco Central para manter sob controle a infla\u00e7\u00e3o oficial, medida pelo \u00cdndice Nacional de Pre\u00e7os ao Consumidor Amplo (IPCA). Em mar\u00e7o, o <a href=\"https:\/\/agenciabrasil.ebc.com.br\/economia\/noticia\/2024-04\/plano-de-saude-tomate-e-cebola-influenciam-inflacao-de-marco\" target=\"_blank\" rel=\"noopener\">indicador ficou em 0,16% e acumula 3,93% em 12 meses<\/a>. Ap\u00f3s um repique em fevereiro, a infla\u00e7\u00e3o desacelerou em mar\u00e7o, por causa de alimentos, bebidas e transporte.<\/p>\n<p>O \u00edndice em 12 meses est\u00e1 exatamente no teto da meta de infla\u00e7\u00e3o. Para 2024, o Conselho Monet\u00e1rio Nacional (CMN) fixou meta de infla\u00e7\u00e3o de 3%, com margem de toler\u00e2ncia de 1,5 ponto percentual. O IPCA, portanto, n\u00e3o podia superar 4,5% nem ficar abaixo de 1,5% neste ano.<\/p>\n<p>No <em>Relat\u00f3rio de Infla\u00e7\u00e3o<\/em> divulgado no fim de mar\u00e7o pelo Banco Central, a autoridade monet\u00e1ria manteve a estimativa de que o IPCA fecharia 2024 <a href=\"https:\/\/agenciabrasil.ebc.com.br\/economia\/noticia\/2024-03\/banco-central-revisa-previsao-de-crescimento-da-economia-para-19\" target=\"_blank\" rel=\"noopener\">em 3,5% no cen\u00e1rio base<\/a>. A proje\u00e7\u00e3o, no entanto, pode ser revista na nova vers\u00e3o do relat\u00f3rio, que ser\u00e1 divulgada no fim de junho.<\/p>\n<p>As previs\u00f5es do mercado est\u00e3o mais otimistas que as oficiais. De acordo com o boletim <em>Focus<\/em>, pesquisa semanal com institui\u00e7\u00f5es financeiras divulgada pelo BC, a infla\u00e7\u00e3o oficial dever\u00e1 fechar o ano <a href=\"https:\/\/agenciabrasil.ebc.com.br\/economia\/noticia\/2024-04\/mercado-financeiro-preve-crescimento-do-pib-acima-de-2-neste-ano 4\" target=\"_blank\" rel=\"noopener\"> em 3,73%<\/a>, abaixo portanto do teto da meta. H\u00e1 um m\u00eas, as estimativas do mercado estavam em 3,76%.<\/p>\n<h2>Cr\u00e9dito mais barato<\/h2>\n<p>A redu\u00e7\u00e3o da taxa Selic ajuda a estimular a economia. Isso porque juros mais baixos barateiam o cr\u00e9dito e incentivam a produ\u00e7\u00e3o e o consumo. Por outro lado, taxas mais baixas dificultam o controle da infla\u00e7\u00e3o. No \u00faltimo <em>Relat\u00f3rio de Infla\u00e7\u00e3o<\/em>, o Banco Central <a href=\"https:\/\/agenciabrasil.ebc.com.br\/economia\/noticia\/2024-03\/banco-central-revisa-previsao-de-crescimento-da-economia-para-19\" target=\"_blank\" rel=\"noopener\">aumentou para 1,9% a proje\u00e7\u00e3o de crescimento<\/a> para a economia em 2024.<\/p>\n<p>O mercado projeta crescimento um pouco melhor. Segundo a \u00faltima edi\u00e7\u00e3o do boletim <em>Focus<\/em>, os analistas econ\u00f4micos preveem <a href=\"https:\/\/agenciabrasil.ebc.com.br\/economia\/noticia\/2024-04\/mercado-financeiro-preve-crescimento-do-pib-acima-de-2-neste-ano\" target=\"_blank\" rel=\"noopener\">expans\u00e3o de 2,05%<\/a> do PIB em 2024.<\/p>\n<p>A taxa b\u00e1sica de juros \u00e9 usada nas negocia\u00e7\u00f5es de t\u00edtulos p\u00fablicos no Sistema Especial de Liquida\u00e7\u00e3o e Cust\u00f3dia (Selic) e serve de refer\u00eancia para as demais taxas de juros da economia. Ao reajust\u00e1-la para cima, o Banco Central segura o excesso de demanda que pressiona os pre\u00e7os, porque juros mais altos encarecem o cr\u00e9dito e estimulam a poupan\u00e7a.<\/p>\n<p>Ao reduzir os juros b\u00e1sicos, o Copom barateia o cr\u00e9dito e incentiva a produ\u00e7\u00e3o e o consumo, mas enfraquece o controle da infla\u00e7\u00e3o. Para cortar a Selic, a autoridade monet\u00e1ria precisa estar segura de que os pre\u00e7os est\u00e3o sob controle e n\u00e3o correm risco de subir.<\/p>\n<div class=\"dnd-widget-wrapper context-cheio_8colunas type-image\">\n<div class=\"dnd-atom-rendered\"><!-- scald=62797:cheio_8colunas --><\/p>\n<div class=\"shadow overflow-hidden rounded-lg d-block w-100\">\n            <img data-recalc-dims=\"1\" decoding=\"async\" src=\"https:\/\/i0.wp.com\/agenciabrasil.ebc.com.br\/sites\/default\/files\/thumbnails\/image\/loading_v2.gif?w=696&#038;ssl=1\" data-echo=\"https:\/\/imagens.ebc.com.br\/ZQ0bxYTZPpeZFXLc88ba8qZoJqA=\/754x0\/smart\/https:\/\/agenciabrasil.ebc.com.br\/sites\/default\/files\/atoms\/image\/infografia_selic.png?itok=1WyCT-R3\" alt=\"infografia_selic\" title=\"ArteDJOR\" class=\"flex-fill img-cover\"\/><br \/>\n        <img data-recalc-dims=\"1\" decoding=\"async\" src=\"https:\/\/i0.wp.com\/imagens.ebc.com.br\/ZQ0bxYTZPpeZFXLc88ba8qZoJqA%3D\/754x0\/smart\/https%3A\/\/agenciabrasil.ebc.com.br\/sites\/default\/files\/atoms\/image\/infografia_selic.png?w=696&#038;ssl=1\" alt=\"infografia_selic\" title=\"ArteDJOR\" class=\"flex-fill img-cover\"\/>\n    <\/div>\n<p><!-- END scald=62797 --><\/div>\n<div class=\"dnd-caption-wrapper\">\n<p><!--copyright=62797-->infografia_selic &#8211; <strong>ArteDJOR<\/strong><!--END copyright=62797--><\/p>\n<\/div>\n<\/div><\/div>\n<p><br \/>\n<br \/><a href=\"https:\/\/agenciabrasil.ebc.com.br\/economia\/noticia\/2024-05\/copom-reduz-juros-basicos-da-economia-para-105-ao-ano\" rel=\"noopener\">Ag\u00eancia Brasil<\/a><\/p>\n","protected":false},"excerpt":{"rendered":"<p>A alta recente do d\u00f3lar e o aumento das incertezas fizeram o Banco Central (BC) diminuir o ritmo do corte de juros. Por 5\u00a0votos a 4, o Comit\u00ea de Pol\u00edtica Monet\u00e1ria (Copom) reduziu a taxa Selic, juros b\u00e1sicos da economia, em 0,25 ponto percentual, para 10,5% ao ano. A decis\u00e3o era esperada pelos analistas financeiros [&hellip;]<\/p>\n","protected":false},"author":1,"featured_media":4269,"comment_status":"open","ping_status":"open","sticky":false,"template":"","format":"standard","meta":{"_jetpack_newsletter_access":"","_jetpack_dont_email_post_to_subs":false,"_jetpack_newsletter_tier_id":0,"_jetpack_memberships_contains_paywalled_content":false,"_mbp_banners":[],"_jetpack_feature_clip_id":0,"_jetpack_memberships_contains_paid_content":false,"footnotes":"","jetpack_publicize_message":"","jetpack_publicize_feature_enabled":true,"jetpack_social_post_already_shared":true,"jetpack_social_options":{"image_generator_settings":{"template":"highway","default_image_id":0,"font":"","enabled":false},"version":2},"jetpack_post_was_ever_published":false},"categories":[24],"tags":[],"class_list":["post-4268","post","type-post","status-publish","format-standard","has-post-thumbnail","category-economia"],"jetpack_publicize_connections":[],"jetpack-related-posts":[],"jetpack_shortlink":"https:\/\/wp.me\/p7Eq1F-16Q","jetpack_sharing_enabled":true,"jetpack_featured_media_url":"https:\/\/i0.wp.com\/guialimeira.com.br\/news\/wp-content\/uploads\/2024\/05\/banco_central_6.jpg?fit=1600%2C800&ssl=1","_links":{"self":[{"href":"https:\/\/guialimeira.com.br\/news\/wp-json\/wp\/v2\/posts\/4268","targetHints":{"allow":["GET"]}}],"collection":[{"href":"https:\/\/guialimeira.com.br\/news\/wp-json\/wp\/v2\/posts"}],"about":[{"href":"https:\/\/guialimeira.com.br\/news\/wp-json\/wp\/v2\/types\/post"}],"author":[{"embeddable":true,"href":"https:\/\/guialimeira.com.br\/news\/wp-json\/wp\/v2\/users\/1"}],"replies":[{"embeddable":true,"href":"https:\/\/guialimeira.com.br\/news\/wp-json\/wp\/v2\/comments?post=4268"}],"version-history":[{"count":0,"href":"https:\/\/guialimeira.com.br\/news\/wp-json\/wp\/v2\/posts\/4268\/revisions"}],"wp:featuredmedia":[{"embeddable":true,"href":"https:\/\/guialimeira.com.br\/news\/wp-json\/wp\/v2\/media\/4269"}],"wp:attachment":[{"href":"https:\/\/guialimeira.com.br\/news\/wp-json\/wp\/v2\/media?parent=4268"}],"wp:term":[{"taxonomy":"category","embeddable":true,"href":"https:\/\/guialimeira.com.br\/news\/wp-json\/wp\/v2\/categories?post=4268"},{"taxonomy":"post_tag","embeddable":true,"href":"https:\/\/guialimeira.com.br\/news\/wp-json\/wp\/v2\/tags?post=4268"}],"curies":[{"name":"wp","href":"https:\/\/api.w.org\/{rel}","templated":true}]}}