{"id":4265,"date":"2024-05-08T19:08:45","date_gmt":"2024-05-08T22:08:45","guid":{"rendered":"https:\/\/guialimeira.com.br\/2024\/05\/08\/prefeitura-convoca-233-novos-professores-de-educacao-infantil-e-ensino-fundamental-portal-do-municipio-de-piracicaba\/"},"modified":"2024-05-08T19:08:45","modified_gmt":"2024-05-08T22:08:45","slug":"prefeitura-convoca-233-novos-professores-de-educacao-infantil-e-ensino-fundamental-portal-do-municipio-de-piracicaba","status":"publish","type":"post","link":"https:\/\/guialimeira.com.br\/news\/prefeitura-convoca-233-novos-professores-de-educacao-infantil-e-ensino-fundamental-portal-do-municipio-de-piracicaba\/","title":{"rendered":"Prefeitura convoca 233 novos professores de Educa\u00e7\u00e3o Infantil e Ensino Fundamental \u2013 Portal do Munic\u00edpio de Piracicaba"},"content":{"rendered":"<p> <br \/>\n<\/p>\n<div>\n<p>A Prefeitura de Piracicaba, por meio da Secretaria de Educa\u00e7\u00e3o, convocou 233 novos profissionais para o preenchimento das vagas do Edital do concurso p\u00fablico 02\/2022 e do processo seletivo 01\/2024, para professor de Educa\u00e7\u00e3o Infantil e Ensino Fundamental. A publica\u00e7\u00e3o com a convoca\u00e7\u00e3o foi feita no Di\u00e1rio Oficial de ontem, 07\/05. (<a href=\"http:\/\/diariooficial.piracicaba.sp.gov.br\/2024\/05\/07\/\" target=\"_blank\" rel=\"noreferrer noopener\">diariooficial.piracicaba.sp.gov.br\/2024\/05\/07\/<\/a>).<\/p>\n<p>Foram convocados 91 professores de Educa\u00e7\u00e3o Infantil, sendo 21 efetivos e 70 tempor\u00e1rios, e 142 professores tempor\u00e1rios de Ensino Fundamental. De acordo com o Departamento de Planejamento da SME, ap\u00f3s finalizado o processo de contrata\u00e7\u00e3o, a previs\u00e3o \u00e9 que os tempor\u00e1rios comecem a trabalhar em 03\/06 e os efetivos em 12\/06.<\/p>\n<figure class=\"wp-block-image size-large\"><img data-recalc-dims=\"1\" fetchpriority=\"high\" decoding=\"async\" width=\"696\" height=\"464\" src=\"https:\/\/i0.wp.com\/piracicaba.sp.gov.br\/wp-content\/uploads\/2024\/05\/Foram-convocados-91-professores-de-Educacao-Infantil-sendo-21-efetivos-e-70-temporarios-1024x682.jpg?resize=696%2C464&#038;ssl=1\" alt=\"\" class=\"wp-image-78736\" srcset=\"https:\/\/piracicaba.sp.gov.br\/wp-content\/uploads\/2024\/05\/Foram-convocados-91-professores-de-Educacao-Infantil-sendo-21-efetivos-e-70-temporarios-1024x682.jpg 1024w, https:\/\/piracicaba.sp.gov.br\/wp-content\/uploads\/2024\/05\/Foram-convocados-91-professores-de-Educacao-Infantil-sendo-21-efetivos-e-70-temporarios-300x200.jpg 300w, https:\/\/piracicaba.sp.gov.br\/wp-content\/uploads\/2024\/05\/Foram-convocados-91-professores-de-Educacao-Infantil-sendo-21-efetivos-e-70-temporarios-768x512.jpg 768w, https:\/\/piracicaba.sp.gov.br\/wp-content\/uploads\/2024\/05\/Foram-convocados-91-professores-de-Educacao-Infantil-sendo-21-efetivos-e-70-temporarios.jpg 1280w\" sizes=\"(max-width: 1024px) 100vw, 1024px\"\/><figcaption class=\"wp-element-caption\"><strong><em>Foram convocados 91 professores de Educa\u00e7\u00e3o Infantil, sendo 21 efetivos e 70 tempor\u00e1rios<\/em><\/strong><\/figcaption><\/figure>\n<p>\u201cEstamos avan\u00e7ando e nos aproximando de alcan\u00e7ar a convoca\u00e7\u00e3o dos servidores que a Educa\u00e7\u00e3o demanda. Com esse refor\u00e7o em nosso quadro, a Rede Municipal reduz consideravelmente seu d\u00e9ficit de servidores, promovendo a qualidade no atendimento aos nossos alunos, aliviando a carga de trabalho dos servidores e aprimorando o ambiente escolar\u201d, destaca o secret\u00e1rio de Educa\u00e7\u00e3o, Bruno Roza.<\/p>\n<p>Os profissionais tempor\u00e1rios do Ensino Fundamental e de Educa\u00e7\u00e3o Infantil dever\u00e3o comparecer ao Anfiteatro do Centro C\u00edvico (rua Antonio Correa Barbosa, 2.233, no piso t\u00e9rreo) no dia 14\/05\/2024, \u00e0s 9h e \u00e0s 14h, respectivamente, munidos dos documentos da listagem divulgada no D.O.<\/p>\n<p>J\u00e1 os classificados como efetivos (regime estatut\u00e1rio) para professor de Educa\u00e7\u00e3o Infantil devem comparecer ao mesmo local (Anfiteatro do Centro C\u00edvico), no dia 20\/05\/2024, \u00e0s 9h.<\/p>\n<figure class=\"wp-block-image size-large\"><img data-recalc-dims=\"1\" loading=\"lazy\" decoding=\"async\" width=\"696\" height=\"464\" src=\"https:\/\/i0.wp.com\/piracicaba.sp.gov.br\/wp-content\/uploads\/2024\/05\/Alem-das-convocacoes-esta-em-andamento-o-concurso-publico-que-visa-o-preenchimento-de-37-vagas-em-diversos-cargos-na-area-da-Educacao-1024x682.jpg?resize=696%2C464&#038;ssl=1\" alt=\"\" class=\"wp-image-78737\" srcset=\"https:\/\/piracicaba.sp.gov.br\/wp-content\/uploads\/2024\/05\/Alem-das-convocacoes-esta-em-andamento-o-concurso-publico-que-visa-o-preenchimento-de-37-vagas-em-diversos-cargos-na-area-da-Educacao-1024x682.jpg 1024w, https:\/\/piracicaba.sp.gov.br\/wp-content\/uploads\/2024\/05\/Alem-das-convocacoes-esta-em-andamento-o-concurso-publico-que-visa-o-preenchimento-de-37-vagas-em-diversos-cargos-na-area-da-Educacao-300x200.jpg 300w, https:\/\/piracicaba.sp.gov.br\/wp-content\/uploads\/2024\/05\/Alem-das-convocacoes-esta-em-andamento-o-concurso-publico-que-visa-o-preenchimento-de-37-vagas-em-diversos-cargos-na-area-da-Educacao-768x512.jpg 768w, https:\/\/piracicaba.sp.gov.br\/wp-content\/uploads\/2024\/05\/Alem-das-convocacoes-esta-em-andamento-o-concurso-publico-que-visa-o-preenchimento-de-37-vagas-em-diversos-cargos-na-area-da-Educacao.jpg 1280w\" sizes=\"auto, (max-width: 1024px) 100vw, 1024px\"\/><figcaption class=\"wp-element-caption\"><strong><em>Al\u00e9m das convoca\u00e7\u00f5es, est\u00e1 em andamento o concurso p\u00fablico que visa o preenchimento de 37 vagas em diversos cargos na \u00e1rea da Educa\u00e7\u00e3o<\/em><\/strong><\/figcaption><\/figure>\n<p><strong>CONCURSO \u2013<\/strong>\u00a0Al\u00e9m das convoca\u00e7\u00f5es, o concurso p\u00fablico que visa o preenchimento de 37 vagas em diversos cargos na \u00e1rea da Educa\u00e7\u00e3o est\u00e1 em andamento. As provas objetivas est\u00e3o previstas para o dia 19 de maio de 2024, em local e hor\u00e1rio a serem divulgados no site da Funda\u00e7\u00e3o Vunesp, Di\u00e1rio Oficial do Munic\u00edpio e site da Prefeitura (<a href=\"http:\/\/www.piracicaba.sp.gov.br\/\" target=\"_blank\" rel=\"noreferrer noopener\">www.piracicaba.sp.gov.br<\/a>).<\/p>\n<p>S\u00e3o 10 vagas para professor de Ensino Fundamental, 10 vagas para escritur\u00e1rio de escola, 10 vagas para merendeiro, tr\u00eas vagas para monitor de inform\u00e1tica, tr\u00eas vagas para t\u00e9cnico em microinform\u00e1tica e uma vaga para jornalista.<\/p>\n<p>O concurso ser\u00e1 composto por provas de conhecimentos gerais e espec\u00edficos, variando de acordo com o cargo pretendido. Para o cargo de merendeiro, haver\u00e1 uma prova pr\u00e1tica, de car\u00e1ter eliminat\u00f3rio, cujo objetivo ser\u00e1 avaliar as habilidades do candidato para as atividades espec\u00edficas do cargo.<\/p>\n<p>Os candidatos devem ficar atentos \u00e0s convoca\u00e7\u00f5es, cujas informa\u00e7\u00f5es ser\u00e3o divulgadas no Di\u00e1rio Oficial do Munic\u00edpio de Piracicaba e no site da Vunesp. Qualquer d\u00favida sobre a prova ou outras quest\u00f5es relacionadas ao certame pode ser esclarecida atrav\u00e9s do Disque Vunesp, no telefone (11) 3874-6300.<\/p>\n<\/div>\n<p><br \/>\n<br \/><a href=\"https:\/\/piracicaba.sp.gov.br\/noticias\/prefeitura-convoca-233-novos-professores-de-educacao-infantil-e-ensino-fundamental\/\" rel=\"noopener\">Informa\u00e7\u00f5es PMP <\/a><\/p>\n","protected":false},"excerpt":{"rendered":"<p>A Prefeitura de Piracicaba, por meio da Secretaria de Educa\u00e7\u00e3o, convocou 233 novos profissionais para o preenchimento das vagas do Edital do concurso p\u00fablico 02\/2022 e do processo seletivo 01\/2024, para professor de Educa\u00e7\u00e3o Infantil e Ensino Fundamental. A publica\u00e7\u00e3o com a convoca\u00e7\u00e3o foi feita no Di\u00e1rio Oficial de ontem, 07\/05. (diariooficial.piracicaba.sp.gov.br\/2024\/05\/07\/). Foram convocados 91 [&hellip;]<\/p>\n","protected":false},"author":1,"featured_media":4266,"comment_status":"open","ping_status":"open","sticky":false,"template":"","format":"standard","meta":{"_jetpack_newsletter_access":"","_jetpack_dont_email_post_to_subs":false,"_jetpack_newsletter_tier_id":0,"_jetpack_memberships_contains_paywalled_content":false,"_mbp_banners":[],"_jetpack_feature_clip_id":0,"_jetpack_memberships_contains_paid_content":false,"footnotes":"","jetpack_publicize_message":"","jetpack_publicize_feature_enabled":true,"jetpack_social_post_already_shared":true,"jetpack_social_options":{"image_generator_settings":{"template":"highway","default_image_id":0,"font":"","enabled":false},"version":2},"jetpack_post_was_ever_published":false},"categories":[20],"tags":[],"class_list":["post-4265","post","type-post","status-publish","format-standard","has-post-thumbnail","category-regiao"],"jetpack_publicize_connections":[],"jetpack-related-posts":[],"jetpack_shortlink":"https:\/\/wp.me\/p7Eq1F-16N","jetpack_sharing_enabled":true,"jetpack_featured_media_url":"https:\/\/i0.wp.com\/guialimeira.com.br\/news\/wp-content\/uploads\/2024\/05\/Foram-convocados-91-professores-de-Educacao-Infantil-sendo-21-efetivos-e-70-temporarios-1024x682.jpg?fit=1024%2C682&ssl=1","_links":{"self":[{"href":"https:\/\/guialimeira.com.br\/news\/wp-json\/wp\/v2\/posts\/4265","targetHints":{"allow":["GET"]}}],"collection":[{"href":"https:\/\/guialimeira.com.br\/news\/wp-json\/wp\/v2\/posts"}],"about":[{"href":"https:\/\/guialimeira.com.br\/news\/wp-json\/wp\/v2\/types\/post"}],"author":[{"embeddable":true,"href":"https:\/\/guialimeira.com.br\/news\/wp-json\/wp\/v2\/users\/1"}],"replies":[{"embeddable":true,"href":"https:\/\/guialimeira.com.br\/news\/wp-json\/wp\/v2\/comments?post=4265"}],"version-history":[{"count":0,"href":"https:\/\/guialimeira.com.br\/news\/wp-json\/wp\/v2\/posts\/4265\/revisions"}],"wp:featuredmedia":[{"embeddable":true,"href":"https:\/\/guialimeira.com.br\/news\/wp-json\/wp\/v2\/media\/4266"}],"wp:attachment":[{"href":"https:\/\/guialimeira.com.br\/news\/wp-json\/wp\/v2\/media?parent=4265"}],"wp:term":[{"taxonomy":"category","embeddable":true,"href":"https:\/\/guialimeira.com.br\/news\/wp-json\/wp\/v2\/categories?post=4265"},{"taxonomy":"post_tag","embeddable":true,"href":"https:\/\/guialimeira.com.br\/news\/wp-json\/wp\/v2\/tags?post=4265"}],"curies":[{"name":"wp","href":"https:\/\/api.w.org\/{rel}","templated":true}]}}