{"id":4263,"date":"2024-05-08T18:48:44","date_gmt":"2024-05-08T21:48:44","guid":{"rendered":"https:\/\/guialimeira.com.br\/2024\/05\/08\/apos-obras-secretaria-de-habitacao-suspende-atendimento-presencial-na-quinta-e-na-sexta-para-adequacao\/"},"modified":"2024-05-08T18:48:44","modified_gmt":"2024-05-08T21:48:44","slug":"apos-obras-secretaria-de-habitacao-suspende-atendimento-presencial-na-quinta-e-na-sexta-para-adequacao","status":"publish","type":"post","link":"https:\/\/guialimeira.com.br\/news\/apos-obras-secretaria-de-habitacao-suspende-atendimento-presencial-na-quinta-e-na-sexta-para-adequacao\/","title":{"rendered":"Ap\u00f3s obras, Secretaria de Habita\u00e7\u00e3o suspende atendimento presencial na quinta e na sexta para adequa\u00e7\u00e3o"},"content":{"rendered":"<p> <br \/>\n<\/p>\n<div>\n            <main class=\"\">&#13;<br \/>\n                &#13;<br \/>\n&#13;<br \/>\n&#13;<br \/>\n&#13;<br \/>\n    <img data-recalc-dims=\"1\" decoding=\"async\" src=\"https:\/\/i0.wp.com\/ecrie.com.br\/sistema\/conteudos\/imagem\/m_137_0_1_08052024174722.jpg?w=696&#038;ssl=1\" alt=\"Ap\u00f3s obras, Secretaria de Habita\u00e7\u00e3o suspende atendimento presencial na quinta e na sexta para adequa\u00e7\u00e3o\"\/>&#13;<br \/>\n&#13;<\/p>\n<p style=\"text-align: justify;\" align=\"justify\">A Secretaria de Habita\u00e7\u00e3o informa que n\u00e3o realizar\u00e1 atendimento presencial nesta quinta (9) e sexta-feira (10). O espa\u00e7o que abriga a pasta, no Edif\u00edcio Prada, passou por obras, e agora far\u00e1 uma adequa\u00e7\u00e3o do local. O atendimento remoto ser\u00e1 normal. O cidad\u00e3o que necessitar de algum servi\u00e7o da secretaria poder\u00e1 ligar no telefone (19) 3404-9702 ou no mesmo n\u00famero pelo WhatsApp.<\/p>\n<p>&#13;<br \/>\n&#13;<br \/>\n&#13;<br \/>\n&#13;<\/p>\n<aside class=\"list-related no-print\">&#13;<br \/>\n        &#13;<br \/>\n&#13;<\/p>\n<article class=\"list-item noticias \">&#13;<br \/>\n                    <a class=\"list-item__img\" href=\"https:\/\/limeira.sp.gov.br\/imprensa\/noticias\/habitacao\/botion-fala-em-nome-de-prefeitos-em-anuncio-de-tarcisio-sobre-moradias\" tabindex=\"-1\" aria-hidden=\"true\" rel=\"noopener\">&#13;<br \/>\n                        <img data-recalc-dims=\"1\" decoding=\"async\" src=\"https:\/\/i0.wp.com\/ecrie.com.br\/sistema\/conteudos\/imagem\/m_137_0_6_26042024170352.jpg?w=696&#038;ssl=1\" alt=\"Botion fala em nome de prefeitos em an\u00fancio de Tarc\u00edsio sobre moradias\"\/>&#13;<br \/>\n                    <\/a>&#13;<br \/>\n&#13;<br \/>\n                &#13;<br \/>\n            <\/article>\n<p>&#13;<\/p>\n<article class=\"list-item noticias \">&#13;<br \/>\n                    <a class=\"list-item__img\" href=\"https:\/\/limeira.sp.gov.br\/imprensa\/noticias\/habitacao\/prazo-para-inscricao-em-programa-de-moradia-e-prorrogado-ate-8-de-maio\" tabindex=\"-1\" aria-hidden=\"true\" rel=\"noopener\">&#13;<br \/>\n                        <img data-recalc-dims=\"1\" decoding=\"async\" src=\"https:\/\/i0.wp.com\/ecrie.com.br\/sistema\/conteudos\/imagem\/m_137_0_1_19042024180145.jpg?w=696&#038;ssl=1\" alt=\"Prazo para inscri\u00e7\u00e3o em programa de moradia \u00e9 prorrogado at\u00e9 8 de maio\"\/>&#13;<br \/>\n                    <\/a>&#13;<br \/>\n&#13;<br \/>\n                &#13;<br \/>\n            <\/article>\n<p>&#13;<\/p>\n<article class=\"list-item noticias \">&#13;<br \/>\n                    <a class=\"list-item__img\" href=\"https:\/\/limeira.sp.gov.br\/imprensa\/noticias\/habitacao\/futuros-arquitetos-visitam-oficina-da-casa-e-conhecem-novo-equipamento-para-producao-de-tijolos-de-solo-cimento\" tabindex=\"-1\" aria-hidden=\"true\" rel=\"noopener\">&#13;<br \/>\n                        <img data-recalc-dims=\"1\" decoding=\"async\" src=\"https:\/\/i0.wp.com\/ecrie.com.br\/sistema\/conteudos\/imagem\/m_137_0_1_17042024163715.jpg?w=696&#038;ssl=1\" alt=\"Futuros arquitetos visitam Oficina da Casa e conhecem novo equipamento para produ\u00e7\u00e3o de tijolos de solo-cimento\"\/>&#13;<br \/>\n                    <\/a>&#13;<br \/>\n&#13;<br \/>\n                &#13;<br \/>\n            <\/article>\n<p>&#13;<br \/>\n    <\/aside>\n<p>&#13;<br \/>\n&#13;<br \/>\n            <\/main><\/p><\/div>\n<p><br \/>\n<br \/><a href=\"https:\/\/limeira.sp.gov.br\/apos-obras-secretaria-de-habitacao-suspende-atendimento-presencial-na-quinta-e-na-sexta-para-adequacao\" rel=\"noopener\">Informa\u00e7\u00f5es da PML <\/a><\/p>\n","protected":false},"excerpt":{"rendered":"<p>&#13; &#13; &#13; &#13; &#13; &#13; &#13; A Secretaria de Habita\u00e7\u00e3o informa que n\u00e3o realizar\u00e1 atendimento presencial nesta quinta (9) e sexta-feira (10). O espa\u00e7o que abriga a pasta, no Edif\u00edcio Prada, passou por obras, e agora far\u00e1 uma adequa\u00e7\u00e3o do local. O atendimento remoto ser\u00e1 normal. O cidad\u00e3o que necessitar de algum servi\u00e7o da [&hellip;]<\/p>\n","protected":false},"author":1,"featured_media":4264,"comment_status":"open","ping_status":"open","sticky":false,"template":"","format":"standard","meta":{"_jetpack_newsletter_access":"","_jetpack_dont_email_post_to_subs":false,"_jetpack_newsletter_tier_id":0,"_jetpack_memberships_contains_paywalled_content":false,"_mbp_banners":[],"_jetpack_feature_clip_id":0,"_jetpack_memberships_contains_paid_content":false,"footnotes":"","jetpack_publicize_message":"","jetpack_publicize_feature_enabled":true,"jetpack_social_post_already_shared":true,"jetpack_social_options":{"image_generator_settings":{"template":"highway","default_image_id":0,"font":"","enabled":false},"version":2},"jetpack_post_was_ever_published":false},"categories":[16],"tags":[],"class_list":["post-4263","post","type-post","status-publish","format-standard","has-post-thumbnail","category-local"],"jetpack_publicize_connections":[],"jetpack-related-posts":[],"jetpack_shortlink":"https:\/\/wp.me\/p7Eq1F-16L","jetpack_sharing_enabled":true,"jetpack_featured_media_url":"https:\/\/i0.wp.com\/guialimeira.com.br\/news\/wp-content\/uploads\/2024\/05\/m_137_0_1_08052024174722.jpg?fit=900%2C506&ssl=1","_links":{"self":[{"href":"https:\/\/guialimeira.com.br\/news\/wp-json\/wp\/v2\/posts\/4263","targetHints":{"allow":["GET"]}}],"collection":[{"href":"https:\/\/guialimeira.com.br\/news\/wp-json\/wp\/v2\/posts"}],"about":[{"href":"https:\/\/guialimeira.com.br\/news\/wp-json\/wp\/v2\/types\/post"}],"author":[{"embeddable":true,"href":"https:\/\/guialimeira.com.br\/news\/wp-json\/wp\/v2\/users\/1"}],"replies":[{"embeddable":true,"href":"https:\/\/guialimeira.com.br\/news\/wp-json\/wp\/v2\/comments?post=4263"}],"version-history":[{"count":0,"href":"https:\/\/guialimeira.com.br\/news\/wp-json\/wp\/v2\/posts\/4263\/revisions"}],"wp:featuredmedia":[{"embeddable":true,"href":"https:\/\/guialimeira.com.br\/news\/wp-json\/wp\/v2\/media\/4264"}],"wp:attachment":[{"href":"https:\/\/guialimeira.com.br\/news\/wp-json\/wp\/v2\/media?parent=4263"}],"wp:term":[{"taxonomy":"category","embeddable":true,"href":"https:\/\/guialimeira.com.br\/news\/wp-json\/wp\/v2\/categories?post=4263"},{"taxonomy":"post_tag","embeddable":true,"href":"https:\/\/guialimeira.com.br\/news\/wp-json\/wp\/v2\/tags?post=4263"}],"curies":[{"name":"wp","href":"https:\/\/api.w.org\/{rel}","templated":true}]}}