{"id":42575,"date":"2025-08-26T14:51:13","date_gmt":"2025-08-26T17:51:13","guid":{"rendered":"https:\/\/guialimeira.com.br\/?p=42575"},"modified":"2025-08-26T14:51:13","modified_gmt":"2025-08-26T17:51:13","slug":"carreta-da-mamografia-atende-em-cordeiropolis-de-2-a-13-de-setembro-prefeitura-municipal-de-cordeiropolis","status":"publish","type":"post","link":"https:\/\/guialimeira.com.br\/news\/carreta-da-mamografia-atende-em-cordeiropolis-de-2-a-13-de-setembro-prefeitura-municipal-de-cordeiropolis\/","title":{"rendered":"Carreta da Mamografia atende em Cordeir\u00f3polis de 2 a 13 de setembro \u2013 Prefeitura Municipal de Cordeir\u00f3polis"},"content":{"rendered":"<p> <br \/>\n<\/p>\n<div>\n<p>Cordeir\u00f3polis receber\u00e1, entre os dias 2 e 13 de setembro, a Carreta da Mamografia do programa estadual \u201cMulheres de Peito\u201d. A unidade ficar\u00e1 instalada no Gin\u00e1sio de Esportes \u201cOrestes Qu\u00e9rcia\u201d, no Centro, e oferecer\u00e1 atendimento gratuito \u00e0s mulheres. Pacientes que j\u00e1 aguardam o exame ser\u00e3o direcionadas para o atendimento na carreta.<\/p>\n<p>Os trabalhos ter\u00e3o in\u00edcio j\u00e1 na ter\u00e7a-feira (2), \u00e0s 8h, com a distribui\u00e7\u00e3o de senhas por demanda espont\u00e2nea. Durante a semana, de segunda a sexta-feira, o atendimento ser\u00e1 das 8h \u00e0s 17h, enquanto aos s\u00e1bados, ser\u00e1 das 8h \u00e0s 12h, sempre com atendimento realizado no mesmo dia.<\/p>\n<p>As mulheres de 35 a 49 anos e aquelas acima de 70 precisam apresentar pedido m\u00e9dico do SUS, Cart\u00e3o SUS e RG. Para aquelas entre 50 e 69 anos, basta levar RG e Cart\u00e3o SUS. Ap\u00f3s a realiza\u00e7\u00e3o do exame, as pacientes levam para casa as imagens impressas imediatamente, enquanto o laudo m\u00e9dico ser\u00e1 liberado em at\u00e9 48 horas e poder\u00e1 ser acessado online ou retirado na secretaria.<\/p>\n<p>\u201cAs pacientes de Cordeir\u00f3polis que j\u00e1 esperam por esse exame far\u00e3o a mamografia pelo programa. Entraremos em contato com todas, por bairro, para agendar\u201d, explica a secret\u00e1ria de Sa\u00fade, Regiane Portes Mendes. \u201cAgrade\u00e7o o apoio das secretarias de Esporte e Lazer, de Servi\u00e7os P\u00fablicos e de Seguran\u00e7a P\u00fablica para que a vinda da carreta se tornasse realidade\u201d, ressalta.<\/p>\n<p>Para a prefeita Cristina Saad, a chegada da unidade representa mais um avan\u00e7o na preven\u00e7\u00e3o e no cuidado com a sa\u00fade da mulher em Cordeir\u00f3polis. \u201cO diagn\u00f3stico precoce salva vidas, e essa iniciativa \u00e9 fundamental para oferecer \u00e0s mulheres de Cordeir\u00f3polis mais acesso, seguran\u00e7a e cuidado com a sa\u00fade\u201d, destaca.<\/p>\n<\/p><\/div>\n<p><br \/>\n<br \/><a href=\"https:\/\/www.cordeiropolis.sp.gov.br\/carreta-da-mamografia-atende-em-cordeiropolis-de-2-a-13-de-setembro\/\" rel=\"noopener\">Informa\u00e7\u00f5es Cordeir\u00f3polis <\/a><\/p>\n","protected":false},"excerpt":{"rendered":"<p>Cordeir\u00f3polis receber\u00e1, entre os dias 2 e 13 de setembro, a Carreta da Mamografia do programa estadual \u201cMulheres de Peito\u201d. A unidade ficar\u00e1 instalada no Gin\u00e1sio de Esportes \u201cOrestes Qu\u00e9rcia\u201d, no Centro, e oferecer\u00e1 atendimento gratuito \u00e0s mulheres. Pacientes que j\u00e1 aguardam o exame ser\u00e3o direcionadas para o atendimento na carreta. Os trabalhos ter\u00e3o in\u00edcio [&hellip;]<\/p>\n","protected":false},"author":1,"featured_media":0,"comment_status":"open","ping_status":"open","sticky":false,"template":"","format":"standard","meta":{"_jetpack_newsletter_access":"","_jetpack_dont_email_post_to_subs":false,"_jetpack_newsletter_tier_id":0,"_jetpack_memberships_contains_paywalled_content":false,"_mbp_banners":[],"_jetpack_feature_clip_id":0,"_jetpack_memberships_contains_paid_content":false,"footnotes":"","jetpack_publicize_message":"","jetpack_publicize_feature_enabled":true,"jetpack_social_post_already_shared":true,"jetpack_social_options":{"image_generator_settings":{"template":"highway","default_image_id":0,"font":"","enabled":false},"version":2},"jetpack_post_was_ever_published":false},"categories":[20],"tags":[],"class_list":["post-42575","post","type-post","status-publish","format-standard","category-regiao"],"jetpack_publicize_connections":[],"jetpack-related-posts":[],"jetpack_shortlink":"https:\/\/wp.me\/p7Eq1F-b4H","jetpack_sharing_enabled":true,"jetpack_featured_media_url":"","_links":{"self":[{"href":"https:\/\/guialimeira.com.br\/news\/wp-json\/wp\/v2\/posts\/42575","targetHints":{"allow":["GET"]}}],"collection":[{"href":"https:\/\/guialimeira.com.br\/news\/wp-json\/wp\/v2\/posts"}],"about":[{"href":"https:\/\/guialimeira.com.br\/news\/wp-json\/wp\/v2\/types\/post"}],"author":[{"embeddable":true,"href":"https:\/\/guialimeira.com.br\/news\/wp-json\/wp\/v2\/users\/1"}],"replies":[{"embeddable":true,"href":"https:\/\/guialimeira.com.br\/news\/wp-json\/wp\/v2\/comments?post=42575"}],"version-history":[{"count":1,"href":"https:\/\/guialimeira.com.br\/news\/wp-json\/wp\/v2\/posts\/42575\/revisions"}],"predecessor-version":[{"id":42576,"href":"https:\/\/guialimeira.com.br\/news\/wp-json\/wp\/v2\/posts\/42575\/revisions\/42576"}],"wp:attachment":[{"href":"https:\/\/guialimeira.com.br\/news\/wp-json\/wp\/v2\/media?parent=42575"}],"wp:term":[{"taxonomy":"category","embeddable":true,"href":"https:\/\/guialimeira.com.br\/news\/wp-json\/wp\/v2\/categories?post=42575"},{"taxonomy":"post_tag","embeddable":true,"href":"https:\/\/guialimeira.com.br\/news\/wp-json\/wp\/v2\/tags?post=42575"}],"curies":[{"name":"wp","href":"https:\/\/api.w.org\/{rel}","templated":true}]}}