{"id":4257,"date":"2024-05-08T18:30:45","date_gmt":"2024-05-08T21:30:45","guid":{"rendered":"https:\/\/guialimeira.com.br\/2024\/05\/08\/thiago-monteiro-bate-frances-monfils-na-estreia-do-masters-mil-de-roma\/"},"modified":"2024-05-08T18:30:45","modified_gmt":"2024-05-08T21:30:45","slug":"thiago-monteiro-bate-frances-monfils-na-estreia-do-masters-mil-de-roma","status":"publish","type":"post","link":"https:\/\/guialimeira.com.br\/news\/thiago-monteiro-bate-frances-monfils-na-estreia-do-masters-mil-de-roma\/","title":{"rendered":"Thiago Monteiro bate franc\u00eas Monfils na estreia do Masters Mil de Roma"},"content":{"rendered":"<p> <br \/>\n<\/p>\n<div>\n<p>Primeiro brasileiro a estrear na chave principal do Masters 1000 de Roma, Thiago Monteiro despachou nesta quarta-feira (8) o franc\u00eas Gael Monfils, ex-n\u00famero seis do mundo e atual 38\u00ba, garantindo\u00a0presen\u00e7a na segunda rodada do torneio. O cearense de 39 anos, em 106\u00ba lugar no ranking, se credenciou \u00e0 estreia ap\u00f3s duas vit\u00f3rias consecutivas na fase qualificat\u00f3ria, a \u00faltima delas contra o franc\u00eas Corentin Moutet (83\u00ba). Monteiro volta \u00e0 quadra na sexta (10) contra o brit\u00e2nico Jordan Thompson (35\u00ba), em hor\u00e1rio ainda a ser definido pelos organizadores.<img data-recalc-dims=\"1\" decoding=\"async\" src=\"https:\/\/i0.wp.com\/agenciabrasil.ebc.com.br\/ebc.png?w=696&#038;ssl=1\" style=\"width:1px; height:1px; display:inline;\"\/><img data-recalc-dims=\"1\" decoding=\"async\" src=\"https:\/\/i0.wp.com\/agenciabrasil.ebc.com.br\/ebc.gif?w=696&#038;ssl=1\" style=\"width:1px; height:1px; display:inline;\"\/><\/p>\n<blockquote class=\"twitter-tweet\">\n<p dir=\"ltr\" lang=\"en\" xml:lang=\"en\">Rocket Alert of the day BY FAR \ud83e\udd2f\ud83d\ude80<a href=\"https:\/\/twitter.com\/hashtag\/YourNextLevel?src=hash&amp;ref_src=twsrc%5Etfw\" rel=\"noopener\">#YourNextLevel<\/a> | <a href=\"https:\/\/twitter.com\/atptour?ref_src=twsrc%5Etfw\" rel=\"noopener\">@atptour<\/a> <a href=\"https:\/\/twitter.com\/Reale_Mutua?ref_src=twsrc%5Etfw\" rel=\"noopener\">@Reale_Mutua<\/a> <a href=\"https:\/\/t.co\/PGmYw1mAnm\">pic.twitter.com\/PGmYw1mAnm<\/a><\/p>\n<p>\u2014 Internazionali BNL d&#8217;Italia (@InteBNLdItalia) <a href=\"https:\/\/twitter.com\/InteBNLdItalia\/status\/1788249012488810622?ref_src=twsrc%5Etfw\" rel=\"noopener\">May 8, 2024<\/a><\/p><\/blockquote>\n<blockquote>\n<p>\u201cEssa vit\u00f3ria significa muito pra mim, ainda mais jogando numa quadra t\u00e3o especial como a Pietrangeli que, pra mim, \u00e9 a mais bonita de todo o circuito. Foi minha primeira vez jogando nela e me senti muito bem. Feliz pelo jogo, pela consist\u00eancia apresentada, por ter jogado bem nos momentos importantes e ter aproveitado as chances que criei&#8221;, comemorou\u00a0Monteiro.<\/p>\n<\/blockquote>\n<p>Com o triunfo hoje em Roma, o brasileiro deve ascender ao top 100 na pr\u00f3xima atualiza\u00e7\u00e3o do ranking mundial da Associa\u00e7\u00e3o de Tenistas Profissionais (ATP). Na temporada, \u00a0Monteiro j\u00e1 havia eliminado o grego Stefanos Tsisipas, n\u00famero sete do mundo, na segunda rodada do Masters 1000 de Madri.<\/p>\n<div class=\"dnd-widget-wrapper context-cheio_8colunas type-image\">\n<div class=\"dnd-atom-rendered\"><!-- scald=382929:cheio_8colunas --><\/p>\n<div class=\"shadow overflow-hidden rounded-lg d-block w-100\">\n            <img data-recalc-dims=\"1\" decoding=\"async\" src=\"https:\/\/i0.wp.com\/agenciabrasil.ebc.com.br\/sites\/default\/files\/thumbnails\/image\/loading_v2.gif?w=696&#038;ssl=1\" data-echo=\"https:\/\/imagens.ebc.com.br\/BWduxI7esBb5uMfzYNmITTT7FQw=\/754x0\/smart\/https:\/\/agenciabrasil.ebc.com.br\/sites\/default\/files\/thumbnails\/image\/2024\/04\/29\/bia_haddad_avanca_quartas_madri_2024.jpg?itok=R1oUzPTh\" alt=\"Bia Haddad avan\u00e7a \u00e0s quartas de final do Masters Mil de Madri ap\u00f3s derrotar Maria Sakkari, n\u00famero seis do mundo, em 29\/04\/2024 \" title=\"Reprodu\u00e7\u00e3o Twitter\/#MMOPEN\" class=\"flex-fill img-cover\"\/><br \/>\n        <img data-recalc-dims=\"1\" decoding=\"async\" src=\"https:\/\/i0.wp.com\/imagens.ebc.com.br\/BWduxI7esBb5uMfzYNmITTT7FQw%3D\/754x0\/smart\/https%3A\/\/agenciabrasil.ebc.com.br\/sites\/default\/files\/thumbnails\/image\/2024\/04\/29\/bia_haddad_avanca_quartas_madri_2024.jpg?w=696&#038;ssl=1\" alt=\"Bia Haddad avan\u00e7a \u00e0s quartas de final do Masters Mil de Madri ap\u00f3s derrotar Maria Sakkari, n\u00famero seis do mundo, em 29\/04\/2024 \" title=\"Reprodu\u00e7\u00e3o Twitter\/#MMOPEN\" class=\"flex-fill img-cover\"\/>\n    <\/div>\n<p><!-- END scald=382929 --><\/div>\n<div class=\"dnd-caption-wrapper\">\n<p>A paulistana Bia Haddad, n\u00famero 13 do mundo,\u00a0estreia em Roma \u00e0s 7h20 desta quinta-feira (9) contra a chinesa\u00a0\u00a0Xinyu Wang (20\u00aa no ranking)- <strong>Reprodu\u00e7\u00e3o Twitter\/#MMOPEN<\/strong><!--END copyright=382929--><\/p>\n<\/div>\n<\/div>\n<h2>Estreias desta quinta (9)<\/h2>\n<p>De volta \u00e0 13\u00aa posi\u00e7\u00e3o no ranking mundial, a paulista Beatriz Haddad Maia estreia em Roma, \u00e0s 7h20 (hor\u00e1rio de Bras\u00edlia) desta quinta (9), contra a chinesa Xinyu Wang (20\u00aa).<\/p>\n<p>\u00c0s 8h40, a dupla do mineiro Marcelo Melo com o alem\u00e3o Alexander Zverev disputam a primeira rodada contra a parceria do brit\u00e2nico Neal Shupski com o norte-americano Austin Krajicek.<\/p>\n<p>A \u00faltima estreia do dia ser\u00e1 da dupla do paranaense Thiago Wild com o espanhol Sebastian Baez. A partir das 10h, eles encaram o pol\u00f4nes Hubert Hurkacz em parceria com o holand\u00eas Tallon Griekspoor.<\/p>\n<h2>Sexta (10) tem Luisa Stefani em quadra<\/h2>\n<p>A dupla da paulista Luisa Stefani com a holandesa Demi Shuurs disputa a primeira rodada de Madri contra as parceiras Giuliana Olmos (M\u00e9xico) e Alexandra Panova (R\u00fassia) \u00e0s 6h de sexta (10).<\/p>\n<\/p><\/div>\n<p><script async src=\"\/\/platform.twitter.com\/widgets.js\" charset=\"utf-8\"><\/script><br \/>\n<br \/><br \/>\n<br \/><a href=\"https:\/\/agenciabrasil.ebc.com.br\/esportes\/noticia\/2024-05\/thiago-monteiro-bate-frances-monfils-na-estreia-do-master-mil-de-roma\" rel=\"noopener\">Ag\u00eancia Brasil<\/a><\/p>\n","protected":false},"excerpt":{"rendered":"<p>Primeiro brasileiro a estrear na chave principal do Masters 1000 de Roma, Thiago Monteiro despachou nesta quarta-feira (8) o franc\u00eas Gael Monfils, ex-n\u00famero seis do mundo e atual 38\u00ba, garantindo\u00a0presen\u00e7a na segunda rodada do torneio. O cearense de 39 anos, em 106\u00ba lugar no ranking, se credenciou \u00e0 estreia ap\u00f3s duas vit\u00f3rias consecutivas na fase [&hellip;]<\/p>\n","protected":false},"author":1,"featured_media":4258,"comment_status":"open","ping_status":"open","sticky":false,"template":"","format":"standard","meta":{"_jetpack_newsletter_access":"","_jetpack_dont_email_post_to_subs":false,"_jetpack_newsletter_tier_id":0,"_jetpack_memberships_contains_paywalled_content":false,"_mbp_banners":[],"_jetpack_feature_clip_id":0,"_jetpack_memberships_contains_paid_content":false,"footnotes":"","jetpack_publicize_message":"","jetpack_publicize_feature_enabled":true,"jetpack_social_post_already_shared":true,"jetpack_social_options":{"image_generator_settings":{"template":"highway","default_image_id":0,"font":"","enabled":false},"version":2},"jetpack_post_was_ever_published":false},"categories":[23],"tags":[],"class_list":["post-4257","post","type-post","status-publish","format-standard","has-post-thumbnail","category-esportes"],"jetpack_publicize_connections":[],"jetpack-related-posts":[],"jetpack_shortlink":"https:\/\/wp.me\/p7Eq1F-16F","jetpack_sharing_enabled":true,"jetpack_featured_media_url":"https:\/\/i0.wp.com\/guialimeira.com.br\/news\/wp-content\/uploads\/2024\/05\/thiago_monteiro_tenista.jpg?fit=1600%2C800&ssl=1","_links":{"self":[{"href":"https:\/\/guialimeira.com.br\/news\/wp-json\/wp\/v2\/posts\/4257","targetHints":{"allow":["GET"]}}],"collection":[{"href":"https:\/\/guialimeira.com.br\/news\/wp-json\/wp\/v2\/posts"}],"about":[{"href":"https:\/\/guialimeira.com.br\/news\/wp-json\/wp\/v2\/types\/post"}],"author":[{"embeddable":true,"href":"https:\/\/guialimeira.com.br\/news\/wp-json\/wp\/v2\/users\/1"}],"replies":[{"embeddable":true,"href":"https:\/\/guialimeira.com.br\/news\/wp-json\/wp\/v2\/comments?post=4257"}],"version-history":[{"count":0,"href":"https:\/\/guialimeira.com.br\/news\/wp-json\/wp\/v2\/posts\/4257\/revisions"}],"wp:featuredmedia":[{"embeddable":true,"href":"https:\/\/guialimeira.com.br\/news\/wp-json\/wp\/v2\/media\/4258"}],"wp:attachment":[{"href":"https:\/\/guialimeira.com.br\/news\/wp-json\/wp\/v2\/media?parent=4257"}],"wp:term":[{"taxonomy":"category","embeddable":true,"href":"https:\/\/guialimeira.com.br\/news\/wp-json\/wp\/v2\/categories?post=4257"},{"taxonomy":"post_tag","embeddable":true,"href":"https:\/\/guialimeira.com.br\/news\/wp-json\/wp\/v2\/tags?post=4257"}],"curies":[{"name":"wp","href":"https:\/\/api.w.org\/{rel}","templated":true}]}}