{"id":42568,"date":"2025-08-26T13:50:06","date_gmt":"2025-08-26T16:50:06","guid":{"rendered":"https:\/\/guialimeira.com.br\/?p=42568"},"modified":"2025-08-26T13:50:06","modified_gmt":"2025-08-26T16:50:06","slug":"feirao-de-empregos-em-cordeiropolis-e-nesta-quinta-feira-28-prefeitura-municipal-de-cordeiropolis","status":"publish","type":"post","link":"https:\/\/guialimeira.com.br\/news\/feirao-de-empregos-em-cordeiropolis-e-nesta-quinta-feira-28-prefeitura-municipal-de-cordeiropolis\/","title":{"rendered":"Feir\u00e3o de Empregos em Cordeir\u00f3polis \u00e9 nesta quinta-feira (28) \u2013 Prefeitura Municipal de Cordeir\u00f3polis"},"content":{"rendered":"<p> <br \/>\n<\/p>\n<div>\n<p>Acontece nesta quinta-feira (28), das 8h \u00e0s 12h, o Feir\u00e3o de Empregos em Cordeir\u00f3polis. Cerca de 70 vagas estar\u00e3o dispon\u00edveis para a popula\u00e7\u00e3o nas \u00e1reas de cer\u00e2mica, transporte e ind\u00fastria. O atendimento ser\u00e1 realizado no Sal\u00e3o Social \u201cMaria de Lourdes Arrais\u201d, localizado na Rua Carlos Gomes, 78, Centro.<\/p>\n<p>Os interessados devem comparecer com curr\u00edculo atualizado e documentos pessoais. Ainda \u00e9 poss\u00edvel se inscrever previamente no Feir\u00e3o do Emprego para agilizar o processo. Basta procurar o Posto de Atendimento ao Trabalhador (PAT) com os documentos e o curr\u00edculo e realizar o cadastro. Quem n\u00e3o conseguir se inscrever, conseguir\u00e1 participar da iniciativa normalmente.<\/p>\n<p>O PAT fica na Av. Presidente Vargas, 663.<\/p>\n<\/p><\/div>\n<p><br \/>\n<br \/><a href=\"https:\/\/www.cordeiropolis.sp.gov.br\/feirao-de-empregos-em-cordeiropolis-e-nesta-quinta-feira-28\/\" rel=\"noopener\">Informa\u00e7\u00f5es Cordeir\u00f3polis <\/a><\/p>\n","protected":false},"excerpt":{"rendered":"<p>Acontece nesta quinta-feira (28), das 8h \u00e0s 12h, o Feir\u00e3o de Empregos em Cordeir\u00f3polis. Cerca de 70 vagas estar\u00e3o dispon\u00edveis para a popula\u00e7\u00e3o nas \u00e1reas de cer\u00e2mica, transporte e ind\u00fastria. O atendimento ser\u00e1 realizado no Sal\u00e3o Social \u201cMaria de Lourdes Arrais\u201d, localizado na Rua Carlos Gomes, 78, Centro. Os interessados devem comparecer com curr\u00edculo atualizado [&hellip;]<\/p>\n","protected":false},"author":1,"featured_media":0,"comment_status":"open","ping_status":"open","sticky":false,"template":"","format":"standard","meta":{"_jetpack_newsletter_access":"","_jetpack_dont_email_post_to_subs":false,"_jetpack_newsletter_tier_id":0,"_jetpack_memberships_contains_paywalled_content":false,"_mbp_banners":[],"_jetpack_feature_clip_id":0,"_jetpack_memberships_contains_paid_content":false,"footnotes":"","jetpack_publicize_message":"","jetpack_publicize_feature_enabled":true,"jetpack_social_post_already_shared":true,"jetpack_social_options":{"image_generator_settings":{"template":"highway","default_image_id":0,"font":"","enabled":false},"version":2},"jetpack_post_was_ever_published":false},"categories":[20],"tags":[],"class_list":["post-42568","post","type-post","status-publish","format-standard","category-regiao"],"jetpack_publicize_connections":[],"jetpack-related-posts":[],"jetpack_shortlink":"https:\/\/wp.me\/p7Eq1F-b4A","jetpack_sharing_enabled":true,"jetpack_featured_media_url":"","_links":{"self":[{"href":"https:\/\/guialimeira.com.br\/news\/wp-json\/wp\/v2\/posts\/42568","targetHints":{"allow":["GET"]}}],"collection":[{"href":"https:\/\/guialimeira.com.br\/news\/wp-json\/wp\/v2\/posts"}],"about":[{"href":"https:\/\/guialimeira.com.br\/news\/wp-json\/wp\/v2\/types\/post"}],"author":[{"embeddable":true,"href":"https:\/\/guialimeira.com.br\/news\/wp-json\/wp\/v2\/users\/1"}],"replies":[{"embeddable":true,"href":"https:\/\/guialimeira.com.br\/news\/wp-json\/wp\/v2\/comments?post=42568"}],"version-history":[{"count":1,"href":"https:\/\/guialimeira.com.br\/news\/wp-json\/wp\/v2\/posts\/42568\/revisions"}],"predecessor-version":[{"id":42569,"href":"https:\/\/guialimeira.com.br\/news\/wp-json\/wp\/v2\/posts\/42568\/revisions\/42569"}],"wp:attachment":[{"href":"https:\/\/guialimeira.com.br\/news\/wp-json\/wp\/v2\/media?parent=42568"}],"wp:term":[{"taxonomy":"category","embeddable":true,"href":"https:\/\/guialimeira.com.br\/news\/wp-json\/wp\/v2\/categories?post=42568"},{"taxonomy":"post_tag","embeddable":true,"href":"https:\/\/guialimeira.com.br\/news\/wp-json\/wp\/v2\/tags?post=42568"}],"curies":[{"name":"wp","href":"https:\/\/api.w.org\/{rel}","templated":true}]}}