{"id":42539,"date":"2025-08-26T11:10:22","date_gmt":"2025-08-26T14:10:22","guid":{"rendered":"https:\/\/guialimeira.com.br\/?p=42539"},"modified":"2025-08-26T11:10:25","modified_gmt":"2025-08-26T14:10:25","slug":"morre-o-vereador-jose-antonio-rodrigues-jr-trajetoria-de-fe-trabalho-e-dedicacao-em-cordeiropolis","status":"publish","type":"post","link":"https:\/\/guialimeira.com.br\/news\/morre-o-vereador-jose-antonio-rodrigues-jr-trajetoria-de-fe-trabalho-e-dedicacao-em-cordeiropolis\/","title":{"rendered":"Morre o vereador Jos\u00e9 Ant\u00f4nio Rodrigues (JR): trajet\u00f3ria de f\u00e9, trabalho e dedica\u00e7\u00e3o em Cordeir\u00f3polis"},"content":{"rendered":"\n<p class=\"wp-block-paragraph\">A cidade de <strong>Cordeir\u00f3polis<\/strong> perdeu, no dia 26 de agosto de 2025, o vereador <strong>Jos\u00e9 Ant\u00f4nio Rodrigues<\/strong>, conhecido carinhosamente como <strong>JR<\/strong>. Nascido em 21 de abril de 1957, ele deixa um legado marcado pelo compromisso com a fam\u00edlia, a f\u00e9, a comunidade e a vida p\u00fablica.<\/p>\n\n\n\n<h2 class=\"wp-block-heading\">Fam\u00edlia e vida pessoal<\/h2>\n\n\n\n<p class=\"wp-block-paragraph\">Casado h\u00e1 36 anos com <strong>Carmen Silvia R. Lugli Rodrigues<\/strong>, JR era pai de <strong>Luis Filipe Lugli Rodrigues<\/strong>, casado com <strong>T\u00e2ndara L. S. L. Rodrigues<\/strong>, com quem teve o neto <strong>Jo\u00e3o Filipe L. Rodrigues<\/strong>, e de <strong>Ana Carolina Rodrigues<\/strong>. Homem de f\u00e9, era membro da <strong>Assembleia de Deus \u2013 Minist\u00e9rio do Bel\u00e9m<\/strong> em Cordeir\u00f3polis desde 2005.<\/p>\n\n\n\n<h2 class=\"wp-block-heading\">Carreira profissional<\/h2>\n\n\n\n<p class=\"wp-block-paragraph\">JR trabalhou no <strong>Banco Bradesco<\/strong> de 1979 a 1998. Paralelamente, fundou e manteve at\u00e9 hoje a empresa <strong>JR Pneus<\/strong>, auto center que atua no munic\u00edpio desde 1996. Tamb\u00e9m presidiu o <strong>Rotary Club de Cordeir\u00f3polis<\/strong> e a <strong>Associa\u00e7\u00e3o Comercial da cidade<\/strong>, refor\u00e7ando seu engajamento no desenvolvimento local.<\/p>\n\n\n\n<p class=\"wp-block-paragraph\">Formado em <strong>T\u00e9cnico em Administra\u00e7\u00e3o de Empresas<\/strong> e em <strong>Teologia<\/strong>, sempre conciliou f\u00e9, estudo e lideran\u00e7a comunit\u00e1ria.<\/p>\n\n\n\n<h2 class=\"wp-block-heading\">Atua\u00e7\u00e3o pol\u00edtica e mandatos<\/h2>\n\n\n\n<p class=\"wp-block-paragraph\">Eleito suplente pelo <strong>MDB<\/strong> para a legislatura de 2016-2020, assumiu efetivamente o cargo de vereador entre janeiro e maio de 2017 e novamente de maio de 2018 at\u00e9 dezembro de 2020. Nesse per\u00edodo, participou da <strong>Comiss\u00e3o de Justi\u00e7a e Reda\u00e7\u00e3o<\/strong>, da <strong>Comiss\u00e3o de Finan\u00e7as e Or\u00e7amentos<\/strong> e do <strong>Conselho Fiscal da ARES-PCJ<\/strong> (Ag\u00eancia Reguladora dos Servi\u00e7os de Saneamento das Bacias dos Rios Piracicaba, Capivari e Jundia\u00ed).<\/p>\n\n\n\n<p class=\"wp-block-paragraph\">Em 2020, foi eleito vereador para a legislatura de 2021-2024, com 318 votos, consolidando sua trajet\u00f3ria pol\u00edtica.<\/p>\n\n\n\n<h2 class=\"wp-block-heading\">Projetos e conquistas<\/h2>\n\n\n\n<p class=\"wp-block-paragraph\">JR foi autor de leis e propostas que impactaram diretamente a vida da popula\u00e7\u00e3o, entre elas:<\/p>\n\n\n\n<ul class=\"wp-block-list\">\n<li>Obrigatoriedade de c\u00e2meras de seguran\u00e7a em escolas municipais;<\/li>\n\n\n\n<li>Atendimento preferencial a pessoas com <strong>Fibromialgia<\/strong>;<\/li>\n\n\n\n<li>Institui\u00e7\u00e3o da <strong>Semana da Fam\u00edlia<\/strong> e da <strong>Semana da Cultura Crist\u00e3<\/strong>;<\/li>\n\n\n\n<li>Cria\u00e7\u00e3o do <strong>Dia do EJA (Educa\u00e7\u00e3o de Jovens e Adultos)<\/strong>;<\/li>\n\n\n\n<li>Isen\u00e7\u00e3o de IPTU para entidades religiosas que alugarem im\u00f3veis;<\/li>\n\n\n\n<li>Permiss\u00e3o para instala\u00e7\u00e3o de eliminadores de ar em tubula\u00e7\u00f5es de resid\u00eancias, com\u00e9rcios e ind\u00fastrias;<\/li>\n\n\n\n<li>Projeto de resolu\u00e7\u00e3o que alterou o Regimento Interno da C\u00e2mara para prever maior agilidade na tramita\u00e7\u00e3o de projetos.<\/li>\n<\/ul>\n\n\n\n<h2 class=\"wp-block-heading\">Um legado de dedica\u00e7\u00e3o<\/h2>\n\n\n\n<p class=\"wp-block-paragraph\">Ao longo de sua vida p\u00fablica, <strong>Jos\u00e9 Ant\u00f4nio Rodrigues JR<\/strong> defendeu causas ligadas \u00e0 fam\u00edlia, sa\u00fade, acessibilidade, combate \u00e0 viol\u00eancia dom\u00e9stica, educa\u00e7\u00e3o, esporte, lazer, cultura, tr\u00e2nsito, infraestrutura e meio ambiente.<\/p>\n\n\n\n<p class=\"wp-block-paragraph\">Mais do que vereador, JR foi lembrado como um <strong>homem de f\u00e9, dedica\u00e7\u00e3o e compromisso com a comunidade cordeiropolense<\/strong>. Seu legado continuar\u00e1 vivo na mem\u00f3ria da popula\u00e7\u00e3o e nas leis que ajudou a construir.<\/p>\n","protected":false},"excerpt":{"rendered":"<p>A cidade de Cordeir\u00f3polis perdeu, no dia 26 de agosto de 2025, o vereador Jos\u00e9 Ant\u00f4nio Rodrigues, conhecido carinhosamente como JR. Nascido em 21 de abril de 1957, ele deixa um legado marcado pelo compromisso com a fam\u00edlia, a f\u00e9, a comunidade e a vida p\u00fablica.<\/p>\n","protected":false},"author":1,"featured_media":42540,"comment_status":"open","ping_status":"open","sticky":false,"template":"","format":"standard","meta":{"_jetpack_newsletter_access":"","_jetpack_dont_email_post_to_subs":false,"_jetpack_newsletter_tier_id":0,"_jetpack_memberships_contains_paywalled_content":false,"_mbp_banners":[],"_jetpack_feature_clip_id":0,"_jetpack_memberships_contains_paid_content":false,"footnotes":"","jetpack_publicize_message":"","jetpack_publicize_feature_enabled":true,"jetpack_social_post_already_shared":false,"jetpack_social_options":{"image_generator_settings":{"template":"highway","default_image_id":0,"enabled":false},"version":2},"jetpack_post_was_ever_published":false},"categories":[16,20],"tags":[],"class_list":["post-42539","post","type-post","status-publish","format-standard","has-post-thumbnail","category-local","category-regiao"],"jetpack_publicize_connections":[],"jetpack-related-posts":[],"jetpack_shortlink":"https:\/\/wp.me\/p7Eq1F-b47","jetpack_sharing_enabled":true,"jetpack_featured_media_url":"https:\/\/i0.wp.com\/guialimeira.com.br\/news\/wp-content\/uploads\/2025\/08\/WhatsApp-Image-2025-01-23-at-18.23.31-e1756217398322.jpeg?fit=898%2C936&ssl=1","_links":{"self":[{"href":"https:\/\/guialimeira.com.br\/news\/wp-json\/wp\/v2\/posts\/42539","targetHints":{"allow":["GET"]}}],"collection":[{"href":"https:\/\/guialimeira.com.br\/news\/wp-json\/wp\/v2\/posts"}],"about":[{"href":"https:\/\/guialimeira.com.br\/news\/wp-json\/wp\/v2\/types\/post"}],"author":[{"embeddable":true,"href":"https:\/\/guialimeira.com.br\/news\/wp-json\/wp\/v2\/users\/1"}],"replies":[{"embeddable":true,"href":"https:\/\/guialimeira.com.br\/news\/wp-json\/wp\/v2\/comments?post=42539"}],"version-history":[{"count":1,"href":"https:\/\/guialimeira.com.br\/news\/wp-json\/wp\/v2\/posts\/42539\/revisions"}],"predecessor-version":[{"id":42541,"href":"https:\/\/guialimeira.com.br\/news\/wp-json\/wp\/v2\/posts\/42539\/revisions\/42541"}],"wp:featuredmedia":[{"embeddable":true,"href":"https:\/\/guialimeira.com.br\/news\/wp-json\/wp\/v2\/media\/42540"}],"wp:attachment":[{"href":"https:\/\/guialimeira.com.br\/news\/wp-json\/wp\/v2\/media?parent=42539"}],"wp:term":[{"taxonomy":"category","embeddable":true,"href":"https:\/\/guialimeira.com.br\/news\/wp-json\/wp\/v2\/categories?post=42539"},{"taxonomy":"post_tag","embeddable":true,"href":"https:\/\/guialimeira.com.br\/news\/wp-json\/wp\/v2\/tags?post=42539"}],"curies":[{"name":"wp","href":"https:\/\/api.w.org\/{rel}","templated":true}]}}