{"id":42520,"date":"2025-08-26T09:45:41","date_gmt":"2025-08-26T12:45:41","guid":{"rendered":"https:\/\/guialimeira.com.br\/?p=42520"},"modified":"2025-08-26T09:45:41","modified_gmt":"2025-08-26T12:45:41","slug":"cordeiropolis-celebra-joao-pacifico-no-domingo-na-praca-prefeitura-municipal-de-cordeiropolis","status":"publish","type":"post","link":"https:\/\/guialimeira.com.br\/news\/cordeiropolis-celebra-joao-pacifico-no-domingo-na-praca-prefeitura-municipal-de-cordeiropolis\/","title":{"rendered":"Cordeir\u00f3polis celebra Jo\u00e3o Pac\u00edfico no \u201cDomingo na Pra\u00e7a\u201d \u2013 Prefeitura Municipal de Cordeir\u00f3polis"},"content":{"rendered":"<p> <br \/>\n<\/p>\n<div>\n<p>A Pra\u00e7a Central de Cordeir\u00f3polis sediar\u00e1 no pr\u00f3ximo dia 31 o \u201cDomingo na Pra\u00e7a\u201d. O evento ter\u00e1 in\u00edcio \u00e0s 14h e celebrar\u00e1 um dos maiores nomes da m\u00fasica popular brasileira, o cordeiropolense Jo\u00e3o Pac\u00edfico, que completaria 116 anos em 2025. A programa\u00e7\u00e3o inclui m\u00fasica ao vivo, artesanato e pra\u00e7a de alimenta\u00e7\u00e3o com a Feira do Produtor.<\/p>\n<p>Entre as atra\u00e7\u00f5es musicais, o p\u00fablico poder\u00e1 acompanhar shows com Thiago &amp; Fabiano (14h30), Suca &amp; Cristal (15h45), Trio Pingo D\u2019\u00c1gua (17h), Orquestra de Violeiros Trevisani Nel Mondo (18h30) e Z\u00e9 Carlos &amp; J.Bim (19h45). \u201c\u00c9 um evento de muita cultura, lazer e conviv\u00eancia para toda as fam\u00edlias de Cordeir\u00f3polis\u201d, destaca o secret\u00e1rio de Cultura, Turismo e Eventos, Alex Olivato.<\/p>\n<p>Apesar de ouvir m\u00fasica erudita, Jo\u00e3o Pac\u00edfico dizia que o que realmente gostava era da simplicidade da m\u00fasica popular, onde construiu sua carreira e se tornou eterno. \u201cJo\u00e3o Pac\u00edfico \u00e9 uma refer\u00eancia e um filho amado da nossa terra. Uma homenagem mais que merecida para preservar a hist\u00f3ria e valorizar a cultura\u201d, afirma a prefeita Cristina Saad.<\/p>\n<\/p><\/div>\n<p><br \/>\n<br \/><a href=\"https:\/\/www.cordeiropolis.sp.gov.br\/cordeiropolis-celebra-joao-pacifico-no-domingo-na-praca\/\" rel=\"noopener\">Informa\u00e7\u00f5es Cordeir\u00f3polis <\/a><\/p>\n","protected":false},"excerpt":{"rendered":"<p>A Pra\u00e7a Central de Cordeir\u00f3polis sediar\u00e1 no pr\u00f3ximo dia 31 o \u201cDomingo na Pra\u00e7a\u201d. O evento ter\u00e1 in\u00edcio \u00e0s 14h e celebrar\u00e1 um dos maiores nomes da m\u00fasica popular brasileira, o cordeiropolense Jo\u00e3o Pac\u00edfico, que completaria 116 anos em 2025. A programa\u00e7\u00e3o inclui m\u00fasica ao vivo, artesanato e pra\u00e7a de alimenta\u00e7\u00e3o com a Feira do [&hellip;]<\/p>\n","protected":false},"author":1,"featured_media":0,"comment_status":"open","ping_status":"open","sticky":false,"template":"","format":"standard","meta":{"_jetpack_newsletter_access":"","_jetpack_dont_email_post_to_subs":false,"_jetpack_newsletter_tier_id":0,"_jetpack_memberships_contains_paywalled_content":false,"_mbp_banners":[],"_jetpack_feature_clip_id":0,"_jetpack_memberships_contains_paid_content":false,"footnotes":"","jetpack_publicize_message":"","jetpack_publicize_feature_enabled":true,"jetpack_social_post_already_shared":true,"jetpack_social_options":{"image_generator_settings":{"template":"highway","default_image_id":0,"font":"","enabled":false},"version":2},"jetpack_post_was_ever_published":false},"categories":[20],"tags":[],"class_list":["post-42520","post","type-post","status-publish","format-standard","category-regiao"],"jetpack_publicize_connections":[],"jetpack-related-posts":[],"jetpack_shortlink":"https:\/\/wp.me\/p7Eq1F-b3O","jetpack_sharing_enabled":true,"jetpack_featured_media_url":"","_links":{"self":[{"href":"https:\/\/guialimeira.com.br\/news\/wp-json\/wp\/v2\/posts\/42520","targetHints":{"allow":["GET"]}}],"collection":[{"href":"https:\/\/guialimeira.com.br\/news\/wp-json\/wp\/v2\/posts"}],"about":[{"href":"https:\/\/guialimeira.com.br\/news\/wp-json\/wp\/v2\/types\/post"}],"author":[{"embeddable":true,"href":"https:\/\/guialimeira.com.br\/news\/wp-json\/wp\/v2\/users\/1"}],"replies":[{"embeddable":true,"href":"https:\/\/guialimeira.com.br\/news\/wp-json\/wp\/v2\/comments?post=42520"}],"version-history":[{"count":1,"href":"https:\/\/guialimeira.com.br\/news\/wp-json\/wp\/v2\/posts\/42520\/revisions"}],"predecessor-version":[{"id":42521,"href":"https:\/\/guialimeira.com.br\/news\/wp-json\/wp\/v2\/posts\/42520\/revisions\/42521"}],"wp:attachment":[{"href":"https:\/\/guialimeira.com.br\/news\/wp-json\/wp\/v2\/media?parent=42520"}],"wp:term":[{"taxonomy":"category","embeddable":true,"href":"https:\/\/guialimeira.com.br\/news\/wp-json\/wp\/v2\/categories?post=42520"},{"taxonomy":"post_tag","embeddable":true,"href":"https:\/\/guialimeira.com.br\/news\/wp-json\/wp\/v2\/tags?post=42520"}],"curies":[{"name":"wp","href":"https:\/\/api.w.org\/{rel}","templated":true}]}}