{"id":4251,"date":"2024-05-08T18:07:49","date_gmt":"2024-05-08T21:07:49","guid":{"rendered":"https:\/\/guialimeira.com.br\/2024\/05\/08\/prefeitura-promove-o-1o-festival-de-ginastica-acrobatica-portal-do-municipio-de-piracicaba\/"},"modified":"2024-05-08T18:07:49","modified_gmt":"2024-05-08T21:07:49","slug":"prefeitura-promove-o-1o-festival-de-ginastica-acrobatica-portal-do-municipio-de-piracicaba","status":"publish","type":"post","link":"https:\/\/guialimeira.com.br\/news\/prefeitura-promove-o-1o-festival-de-ginastica-acrobatica-portal-do-municipio-de-piracicaba\/","title":{"rendered":"Prefeitura promove o 1\u00ba Festival de Gin\u00e1stica Acrob\u00e1tica \u2013 Portal do Munic\u00edpio de Piracicaba"},"content":{"rendered":"<p> <br \/>\n<\/p>\n<div itemprop=\"articleBody\">\n<div class=\"m-auto col-lg-8\">\n<p><em>Evento tem in\u00edcio \u00e0s 8h30, e ser\u00e1 realizado no gin\u00e1sio multidisciplinar do Jaragu\u00e1<\/em><\/p>\n<div class=\"wp-block-image\">\n<figure class=\"aligncenter size-large\"><img data-recalc-dims=\"1\" fetchpriority=\"high\" decoding=\"async\" width=\"696\" height=\"474\" src=\"https:\/\/i0.wp.com\/piracicaba.sp.gov.br\/wp-content\/uploads\/2024\/05\/Festival-de-Ginastica-Acrobatica-1024x697.jpeg?resize=696%2C474&#038;ssl=1\" alt=\"\" class=\"wp-image-78741\" srcset=\"https:\/\/piracicaba.sp.gov.br\/wp-content\/uploads\/2024\/05\/Festival-de-Ginastica-Acrobatica-1024x697.jpeg 1024w, https:\/\/piracicaba.sp.gov.br\/wp-content\/uploads\/2024\/05\/Festival-de-Ginastica-Acrobatica-300x204.jpeg 300w, https:\/\/piracicaba.sp.gov.br\/wp-content\/uploads\/2024\/05\/Festival-de-Ginastica-Acrobatica-768x522.jpeg 768w, https:\/\/piracicaba.sp.gov.br\/wp-content\/uploads\/2024\/05\/Festival-de-Ginastica-Acrobatica.jpeg 1245w\" sizes=\"(max-width: 1024px) 100vw, 1024px\"\/><figcaption class=\"wp-element-caption\"><strong>1\u00ba Festival de Gin\u00e1stica Acrob\u00e1tica no gin\u00e1sio do Jaragu\u00e1 no s\u00e1bado, dia 11\/5<\/strong> \u2013 <strong>cr\u00e9dito foto: Edilson Morais<\/strong><\/figcaption><\/figure>\n<\/div>\n<p>A Prefeitura de Piracicaba, por meio da Selam (Secretaria de Esportes, Lazer e Atividades Motoras), promove no pr\u00f3ximo s\u00e1bado, dia 11\/5, a partir das 8h30, o 1\u00ba Festival de Gin\u00e1stica Acrob\u00e1tica, com entrada gratuita para a popula\u00e7\u00e3o.<\/p>\n<p>O evento conta com a participa\u00e7\u00e3o de alunas de gin\u00e1stica acrob\u00e1tica que integram o PDB (Programa Desporto de Base) nas turmas de iniciantes, intermedi\u00e1rios e avan\u00e7ados.<\/p>\n<p>A coordenadora do festival, a professora de Educa\u00e7\u00e3o F\u00edsica da Selam, Maria Dilail\u00e7a Trigueiro de Oliveira Ferreira, explicou que o objetivo dessa atividade \u00e9 permitir que as alunas possam ter a experi\u00eancia e a viv\u00eancia em apresenta\u00e7\u00f5es ao p\u00fablico, com s\u00e9ries preparadas de acordo com as exig\u00eancias da Federa\u00e7\u00e3o Paulista de Gin\u00e1stica.<\/p>\n<p>\u201cEventos como estes s\u00e3o oportunidades para que as crian\u00e7as e as adolescentes possam apresentar a seus pais e respons\u00e1veis, o que elas aprendem nas aulas gratuitas oferecidas pela Prefeitura\u201d, ressalta Maria Dilail\u00e7a.<\/p>\n<p><strong>SERVI\u00c7O\u00a0<\/strong>\u2013 1\u00ba Festival de Gin\u00e1stica Acrob\u00e1tica, no Gin\u00e1sio Multidisciplinar Walter Ferreira da Silva, localizado na avenida Abel Pereira, esquina com avenida Madre Maria Teodora, s\/n\u00ba, Jaragu\u00e1. Evento gratuito e aberto ao p\u00fablico.<\/p>\n<\/div>\n<\/div>\n<p><br \/>\n<br \/><a href=\"https:\/\/piracicaba.sp.gov.br\/noticias\/prefeitura-promove-o-1o-festival-de-ginastica-acrobatica\/\" rel=\"noopener\">Informa\u00e7\u00f5es PMP <\/a><\/p>\n","protected":false},"excerpt":{"rendered":"<p>Evento tem in\u00edcio \u00e0s 8h30, e ser\u00e1 realizado no gin\u00e1sio multidisciplinar do Jaragu\u00e1 1\u00ba Festival de Gin\u00e1stica Acrob\u00e1tica no gin\u00e1sio do Jaragu\u00e1 no s\u00e1bado, dia 11\/5 \u2013 cr\u00e9dito foto: Edilson Morais A Prefeitura de Piracicaba, por meio da Selam (Secretaria de Esportes, Lazer e Atividades Motoras), promove no pr\u00f3ximo s\u00e1bado, dia 11\/5, a partir das [&hellip;]<\/p>\n","protected":false},"author":1,"featured_media":4252,"comment_status":"open","ping_status":"open","sticky":false,"template":"","format":"standard","meta":{"_jetpack_newsletter_access":"","_jetpack_dont_email_post_to_subs":false,"_jetpack_newsletter_tier_id":0,"_jetpack_memberships_contains_paywalled_content":false,"_mbp_banners":[],"_jetpack_feature_clip_id":0,"_jetpack_memberships_contains_paid_content":false,"footnotes":"","jetpack_publicize_message":"","jetpack_publicize_feature_enabled":true,"jetpack_social_post_already_shared":true,"jetpack_social_options":{"image_generator_settings":{"template":"highway","default_image_id":0,"font":"","enabled":false},"version":2},"jetpack_post_was_ever_published":false},"categories":[20],"tags":[],"class_list":["post-4251","post","type-post","status-publish","format-standard","has-post-thumbnail","category-regiao"],"jetpack_publicize_connections":[],"jetpack-related-posts":[],"jetpack_shortlink":"https:\/\/wp.me\/p7Eq1F-16z","jetpack_sharing_enabled":true,"jetpack_featured_media_url":"https:\/\/i0.wp.com\/guialimeira.com.br\/news\/wp-content\/uploads\/2024\/05\/Festival-de-Ginastica-Acrobatica-1024x697.jpeg?fit=1024%2C697&ssl=1","_links":{"self":[{"href":"https:\/\/guialimeira.com.br\/news\/wp-json\/wp\/v2\/posts\/4251","targetHints":{"allow":["GET"]}}],"collection":[{"href":"https:\/\/guialimeira.com.br\/news\/wp-json\/wp\/v2\/posts"}],"about":[{"href":"https:\/\/guialimeira.com.br\/news\/wp-json\/wp\/v2\/types\/post"}],"author":[{"embeddable":true,"href":"https:\/\/guialimeira.com.br\/news\/wp-json\/wp\/v2\/users\/1"}],"replies":[{"embeddable":true,"href":"https:\/\/guialimeira.com.br\/news\/wp-json\/wp\/v2\/comments?post=4251"}],"version-history":[{"count":0,"href":"https:\/\/guialimeira.com.br\/news\/wp-json\/wp\/v2\/posts\/4251\/revisions"}],"wp:featuredmedia":[{"embeddable":true,"href":"https:\/\/guialimeira.com.br\/news\/wp-json\/wp\/v2\/media\/4252"}],"wp:attachment":[{"href":"https:\/\/guialimeira.com.br\/news\/wp-json\/wp\/v2\/media?parent=4251"}],"wp:term":[{"taxonomy":"category","embeddable":true,"href":"https:\/\/guialimeira.com.br\/news\/wp-json\/wp\/v2\/categories?post=4251"},{"taxonomy":"post_tag","embeddable":true,"href":"https:\/\/guialimeira.com.br\/news\/wp-json\/wp\/v2\/tags?post=4251"}],"curies":[{"name":"wp","href":"https:\/\/api.w.org\/{rel}","templated":true}]}}