{"id":42459,"date":"2025-08-25T18:28:31","date_gmt":"2025-08-25T21:28:31","guid":{"rendered":"https:\/\/guialimeira.com.br\/?p=42459"},"modified":"2025-08-25T18:41:37","modified_gmt":"2025-08-25T21:41:37","slug":"luis-ferraz-peninha-assume-secretaria-de-administracao-de-cordeiropolis","status":"publish","type":"post","link":"https:\/\/guialimeira.com.br\/news\/luis-ferraz-peninha-assume-secretaria-de-administracao-de-cordeiropolis\/","title":{"rendered":"Luis Ferraz &#8211; Peninha assume Secretaria de Administra\u00e7\u00e3o de Cordeir\u00f3polis"},"content":{"rendered":"\n<p class=\"wp-block-paragraph\"><em>An\u00fancio foi feito nesta segunda (25) pela prefeita Cristina Saad<\/em><\/p>\n\n\n\n<p class=\"wp-block-paragraph\">Luis Fernando Ferraz, mais conhecido como Pena, assumiu como secret\u00e1rio de Administra\u00e7\u00e3o de Cordeir\u00f3polis. Michele Baccochina de Sousa, at\u00e9 ent\u00e3o \u00e0 frente da pasta, est\u00e1 de f\u00e9rias e depois entrar\u00e1 de licen\u00e7a maternidade. O an\u00fancio foi feito nesta segunda-feira (25) pela prefeita Cristina Saad. \u201cAgrade\u00e7o o empenho da Michele ao longo destes 8 meses\u201d, declarou.<\/p>\n\n\n\n<p class=\"wp-block-paragraph\">Pena \u00e9 publicit\u00e1rio e tem 40 anos de experi\u00eancia no setor p\u00fablico, em especial na \u00e1rea de suprimentos e gest\u00e3o. \u00c9 especializado em processos de licita\u00e7\u00e3o, compras p\u00fablicas e gest\u00e3o de equipes administrativas. \u201cDesejo muita sorte ao Pena nesse novo desafio\u201d, completou a prefeita.<\/p>\n\n\n\n<p class=\"wp-block-paragraph\"><strong>Texto e foto: Douglas Oliveira\/Prefeitura de Cordeir\u00f3polis<\/strong><\/p>\n","protected":false},"excerpt":{"rendered":"<p>Luis Fernando Ferraz, mais conhecido como Pena, assumiu como secret\u00e1rio de Administra\u00e7\u00e3o de Cordeir\u00f3polis. Michele Baccochina de Sousa, at\u00e9 ent\u00e3o \u00e0 frente da pasta, est\u00e1 de f\u00e9rias e depois entrar\u00e1 de licen\u00e7a maternidade. O an\u00fancio foi feito nesta segunda-feira (25) pela prefeita Cristina Saad. \u201cAgrade\u00e7o o empenho da Michele ao longo destes 8 meses\u201d, declarou.<\/p>\n","protected":false},"author":1,"featured_media":42460,"comment_status":"open","ping_status":"open","sticky":false,"template":"","format":"standard","meta":{"_jetpack_newsletter_access":"","_jetpack_dont_email_post_to_subs":false,"_jetpack_newsletter_tier_id":0,"_jetpack_memberships_contains_paywalled_content":false,"_mbp_banners":[],"_jetpack_feature_clip_id":0,"_jetpack_memberships_contains_paid_content":false,"footnotes":"","jetpack_publicize_message":"","jetpack_publicize_feature_enabled":true,"jetpack_social_post_already_shared":false,"jetpack_social_options":{"image_generator_settings":{"template":"highway","default_image_id":0,"enabled":false},"version":2},"jetpack_post_was_ever_published":false},"categories":[16,20],"tags":[],"class_list":["post-42459","post","type-post","status-publish","format-standard","has-post-thumbnail","category-local","category-regiao"],"jetpack_publicize_connections":[],"jetpack-related-posts":[],"jetpack_shortlink":"https:\/\/wp.me\/p7Eq1F-b2P","jetpack_sharing_enabled":true,"jetpack_featured_media_url":"https:\/\/i0.wp.com\/guialimeira.com.br\/news\/wp-content\/uploads\/2025\/08\/Novo-secretario-de-Administracao.jpeg?fit=1280%2C768&ssl=1","_links":{"self":[{"href":"https:\/\/guialimeira.com.br\/news\/wp-json\/wp\/v2\/posts\/42459","targetHints":{"allow":["GET"]}}],"collection":[{"href":"https:\/\/guialimeira.com.br\/news\/wp-json\/wp\/v2\/posts"}],"about":[{"href":"https:\/\/guialimeira.com.br\/news\/wp-json\/wp\/v2\/types\/post"}],"author":[{"embeddable":true,"href":"https:\/\/guialimeira.com.br\/news\/wp-json\/wp\/v2\/users\/1"}],"replies":[{"embeddable":true,"href":"https:\/\/guialimeira.com.br\/news\/wp-json\/wp\/v2\/comments?post=42459"}],"version-history":[{"count":1,"href":"https:\/\/guialimeira.com.br\/news\/wp-json\/wp\/v2\/posts\/42459\/revisions"}],"predecessor-version":[{"id":42461,"href":"https:\/\/guialimeira.com.br\/news\/wp-json\/wp\/v2\/posts\/42459\/revisions\/42461"}],"wp:featuredmedia":[{"embeddable":true,"href":"https:\/\/guialimeira.com.br\/news\/wp-json\/wp\/v2\/media\/42460"}],"wp:attachment":[{"href":"https:\/\/guialimeira.com.br\/news\/wp-json\/wp\/v2\/media?parent=42459"}],"wp:term":[{"taxonomy":"category","embeddable":true,"href":"https:\/\/guialimeira.com.br\/news\/wp-json\/wp\/v2\/categories?post=42459"},{"taxonomy":"post_tag","embeddable":true,"href":"https:\/\/guialimeira.com.br\/news\/wp-json\/wp\/v2\/tags?post=42459"}],"curies":[{"name":"wp","href":"https:\/\/api.w.org\/{rel}","templated":true}]}}